{"id":48690,"date":"2024-02-23T19:05:50","date_gmt":"2024-02-23T19:05:50","guid":{"rendered":"https:\/\/utel.mx\/blog\/?p=48690"},"modified":"2024-03-22T12:51:01","modified_gmt":"2024-03-22T12:51:01","slug":"primer-torneo-de-futbol-peru","status":"publish","type":"post","link":"https:\/\/utel.mx\/blog\/vida-utel\/primer-torneo-de-futbol-peru\/","title":{"rendered":"Primer Torneo de F\u00fatbol en Per\u00fa"},"content":{"rendered":"\n<p>Este fin de semana estuvo lleno de emoci\u00f3n, porque el s\u00e1bado 17 de febrero de 2024 se llev\u00f3 a cabo el <strong>Primer <\/strong><strong>Torneo de F\u00fatbol en Per\u00fa <\/strong>de la Universidad Tecnol\u00f3gica Latinoamericana en L\u00ednea, un evento deportivo presencial dirigido a <strong>estudiantes y egresados<\/strong> como parte de nuestro programa de Vida Universitaria.&nbsp;<\/p>\n\n\n\n<h2 class=\"wp-block-heading\"><strong>Tu talento en la cancha<\/strong><\/h2>\n\n\n\n<p>Dentro de este torneo, se disputaron partidos de 15 minutos, donde nuestros estudiantes y egresados de la comunidad peruana contaron con el apoyo y <strong>respaldo de sus familias y compa\u00f1eros.<\/strong> Este evento deportivo ofreci\u00f3 a compa\u00f1eros y compa\u00f1eras la oportunidad de unirse en la cancha y competir por el t\u00edtulo de campeones, marcando un paso importante hacia la reducci\u00f3n de la brecha de g\u00e9nero en el \u00e1mbito deportivo.<\/p>\n\n\n\n<p><strong>Cada participante recibi\u00f3 un reconocimiento por su destacada actuaci\u00f3n<\/strong>, contribuyendo as\u00ed a un ambiente en el que los asistentes compartieron risas, historias y experiencias. Adem\u00e1s, el equipo ganador fue premiado con el <strong>trofeo de la victoria<\/strong> en reconocimiento a su excepcional desempe\u00f1o en la cancha.<\/p>\n\n\n\n<figure class=\"wp-block-gallery has-nested-images columns-default is-cropped wp-block-gallery-1 is-layout-flex wp-block-gallery-is-layout-flex\">\n<figure class=\"wp-block-image size-large\"><a href=\"https:\/\/utel.mx\/blog\/wp-content\/uploads\/2024\/03\/torneo-de-futbo-utel-01.jpg\"><img fetchpriority=\"high\" decoding=\"async\" width=\"1195\" height=\"707\" data-id=\"48774\" src=\"https:\/\/utel.mx\/blog\/wp-content\/uploads\/2024\/03\/torneo-de-futbo-utel-01.jpg\" alt=\"\" class=\"wp-image-48774\" srcset=\"https:\/\/utel.mx\/blog\/wp-content\/uploads\/2024\/03\/torneo-de-futbo-utel-01.jpg 1195w, https:\/\/utel.mx\/blog\/wp-content\/uploads\/2024\/03\/torneo-de-futbo-utel-01-744x440.jpg 744w, https:\/\/utel.mx\/blog\/wp-content\/uploads\/2024\/03\/torneo-de-futbo-utel-01-420x248.jpg 420w, https:\/\/utel.mx\/blog\/wp-content\/uploads\/2024\/03\/torneo-de-futbo-utel-01-768x454.jpg 768w\" sizes=\"(max-width: 1195px) 100vw, 1195px\" \/><\/a><\/figure>\n\n\n\n<figure class=\"wp-block-image size-large\"><a href=\"https:\/\/utel.mx\/blog\/wp-content\/uploads\/2024\/03\/torneo-de-futbo-utel-02.jpg\"><img decoding=\"async\" width=\"1195\" height=\"764\" data-id=\"48773\" src=\"https:\/\/utel.mx\/blog\/wp-content\/uploads\/2024\/03\/torneo-de-futbo-utel-02.jpg\" alt=\"\" class=\"wp-image-48773\" srcset=\"https:\/\/utel.mx\/blog\/wp-content\/uploads\/2024\/03\/torneo-de-futbo-utel-02.jpg 1195w, https:\/\/utel.mx\/blog\/wp-content\/uploads\/2024\/03\/torneo-de-futbo-utel-02-744x476.jpg 744w, https:\/\/utel.mx\/blog\/wp-content\/uploads\/2024\/03\/torneo-de-futbo-utel-02-420x269.jpg 420w, https:\/\/utel.mx\/blog\/wp-content\/uploads\/2024\/03\/torneo-de-futbo-utel-02-768x491.jpg 768w\" sizes=\"(max-width: 1195px) 100vw, 1195px\" \/><\/a><\/figure>\n<\/figure>\n\n\n\n<p>Esta actividad no solo reuni\u00f3 a nuestra comunidad estudiantil a trav\u00e9s del deporte, sino que adem\u00e1s sum\u00f3 su aporte mediante <strong>donaciones<\/strong> en especie como colores, libretas, crayolas y otros art\u00edculos similares a las <strong>Olimpiadas Especiales de Per\u00fa<\/strong>.<\/p>\n\n\n\n<h3 class=\"wp-block-heading\"><strong>Vida Universitaria y Deporte<\/strong><\/h3>\n\n\n\n<p>Este Torneo de F\u00fatbol fue tanto una jornada de juegos y competencia saludable como un recordatorio poderoso de la capacidad del deporte para conectar e integrar a personas de diferentes lugares.<\/p>\n\n\n\n<p>Desde nuestro programa de <strong>Vida Universitaria<\/strong> proponemos a nuestros estudiantes y egresados <strong>actividades art\u00edsticas, culturales, deportivas, de bienestar y de sostenibilidad para impulsar conexiones significativas e impactar en su desarrollo integral<\/strong>.<\/p>\n\n\n\n<p><strong>Forjar amistades en la universidad<\/strong> no solo brinda alegr\u00eda y camarader\u00eda durante los a\u00f1os de estudio, sino que tambi\u00e9n se convierte en un s\u00f3lido respaldo durante los desaf\u00edos que enfrentamos despu\u00e9s de la graduaci\u00f3n.<\/p>\n\n\n\n<p>Si a\u00fan no eres parte de nuestra comunidad estudiantil, <a href=\"https:\/\/utel.mx\/blog\/admisiones-universidad-online\/\" target=\"_blank\" rel=\"noreferrer noopener\"><strong>entra en contacto<\/strong><\/a><strong> con nuestros asesores y conoce m\u00e1s sobre nuestros programas acad\u00e9micos<\/strong> y todas los espacios que dise\u00f1amos para que te conectes con tu comunidad estudiantil global.<\/p>\n<div id=\"advads-299411701\" class=\"advads-cta-lp-banner-form advads-entity-placement\"><a href=\"https:\/\/utel.mx\/blog\/admisiones-universidad-online\/?utm_source=blog&#038;utm_medium=CTAlink&#038;utm_campaign=MKTseo\" aria-label=\"Universidad en linea\"><img src=\"https:\/\/utel.mx\/blog\/wp-content\/uploads\/2025\/04\/universidad-en-linea-1.png\" alt=\"Universidad en linea\"  srcset=\"https:\/\/utel.mx\/blog\/wp-content\/uploads\/2025\/04\/universidad-en-linea-1.png 626w, https:\/\/utel.mx\/blog\/wp-content\/uploads\/2025\/04\/universidad-en-linea-1-420x168.png 420w\" sizes=\"(max-width: 626px) 100vw, 626px\" width=\"626\" height=\"250\"   \/><\/a><\/div>","protected":false},"excerpt":{"rendered":"<p> [&hellip;]<\/p>\n","protected":false},"author":78,"featured_media":48691,"comment_status":"closed","ping_status":"open","sticky":false,"template":"","format":"standard","meta":{"_acf_changed":false,"site-sidebar-layout":"default","site-content-layout":"","ast-site-content-layout":"","site-content-style":"default","site-sidebar-style":"default","ast-global-header-display":"","ast-banner-title-visibility":"","ast-main-header-display":"","ast-hfb-above-header-display":"","ast-hfb-below-header-display":"","ast-hfb-mobile-header-display":"","site-post-title":"","ast-breadcrumbs-content":"","ast-featured-img":"","footer-sml-layout":"","theme-transparent-header-meta":"","adv-header-id-meta":"","stick-header-meta":"","header-above-stick-meta":"","header-main-stick-meta":"","header-below-stick-meta":"","astra-migrate-meta-layouts":"default","ast-page-background-enabled":"default","ast-page-background-meta":{"desktop":{"background-color":"var(--ast-global-color-4)","background-image":"","background-repeat":"repeat","background-position":"center center","background-size":"auto","background-attachment":"scroll","background-type":"","background-media":"","overlay-type":"","overlay-color":"","overlay-gradient":""},"tablet":{"background-color":"","background-image":"","background-repeat":"repeat","background-position":"center center","background-size":"auto","background-attachment":"scroll","background-type":"","background-media":"","overlay-type":"","overlay-color":"","overlay-gradient":""},"mobile":{"background-color":"","background-image":"","background-repeat":"repeat","background-position":"center center","background-size":"auto","background-attachment":"scroll","background-type":"","background-media":"","overlay-type":"","overlay-color":"","overlay-gradient":""}},"ast-content-background-meta":{"desktop":{"background-color":"var(--ast-global-color-5)","background-image":"","background-repeat":"repeat","background-position":"center center","background-size":"auto","background-attachment":"scroll","background-type":"","background-media":"","overlay-type":"","overlay-color":"","overlay-gradient":""},"tablet":{"background-color":"var(--ast-global-color-5)","background-image":"","background-repeat":"repeat","background-position":"center center","background-size":"auto","background-attachment":"scroll","background-type":"","background-media":"","overlay-type":"","overlay-color":"","overlay-gradient":""},"mobile":{"background-color":"var(--ast-global-color-5)","background-image":"","background-repeat":"repeat","background-position":"center center","background-size":"auto","background-attachment":"scroll","background-type":"","background-media":"","overlay-type":"","overlay-color":"","overlay-gradient":""}},"footnotes":""},"categories":[34],"tags":[],"class_list":["post-48690","post","type-post","status-publish","format-standard","has-post-thumbnail","hentry","category-vida-utel"],"acf":[],"yoast_head":"<!-- This site is optimized with the Yoast SEO plugin v26.8 - https:\/\/yoast.com\/product\/yoast-seo-wordpress\/ -->\n<title>Primer Torneo de F\u00fatbol en Per\u00fa - BLOG | Utel<\/title>\n<meta name=\"description\" content=\"As\u00ed se vivi\u00f3 el Primer Torneo de F\u00fatbol en Per\u00fa como un recordatorio de la capacidad del deporte para conectar e integrar a m\u00e1s personas.\" \/>\n<meta name=\"robots\" content=\"index, follow, max-snippet:-1, max-image-preview:large, max-video-preview:-1\" \/>\n<link rel=\"canonical\" href=\"https:\/\/utel.mx\/blog\/vida-utel\/primer-torneo-de-futbol-peru\/\" \/>\n<meta property=\"og:locale\" content=\"es_ES\" \/>\n<meta property=\"og:type\" content=\"article\" \/>\n<meta property=\"og:title\" content=\"Primer Torneo de F\u00fatbol en Per\u00fa - BLOG | Utel\" \/>\n<meta property=\"og:description\" content=\"As\u00ed se vivi\u00f3 el Primer Torneo de F\u00fatbol en Per\u00fa como un recordatorio de la capacidad del deporte para conectar e integrar a m\u00e1s personas.\" \/>\n<meta property=\"og:url\" content=\"https:\/\/utel.mx\/blog\/vida-utel\/primer-torneo-de-futbol-peru\/\" \/>\n<meta property=\"og:site_name\" content=\"BLOG | Utel\" \/>\n<meta property=\"article:published_time\" content=\"2024-02-23T19:05:50+00:00\" \/>\n<meta property=\"article:modified_time\" content=\"2024-03-22T12:51:01+00:00\" \/>\n<meta property=\"og:image\" content=\"https:\/\/utel.mx\/blog\/wp-content\/uploads\/2024\/02\/Headers_Blog_Feb24_10.png\" \/>\n\t<meta property=\"og:image:width\" content=\"600\" \/>\n\t<meta property=\"og:image:height\" content=\"300\" \/>\n\t<meta property=\"og:image:type\" content=\"image\/png\" \/>\n<meta name=\"author\" content=\"Karen\" \/>\n<meta name=\"twitter:label1\" content=\"Written by\" \/>\n\t<meta name=\"twitter:data1\" content=\"Karen\" \/>\n\t<meta name=\"twitter:label2\" content=\"Est. reading time\" \/>\n\t<meta name=\"twitter:data2\" content=\"2 minutos\" \/>\n<script type=\"application\/ld+json\" class=\"yoast-schema-graph\">{\"@context\":\"https:\/\/schema.org\",\"@graph\":[{\"@type\":\"Article\",\"@id\":\"https:\/\/utel.mx\/blog\/vida-utel\/primer-torneo-de-futbol-peru\/#article\",\"isPartOf\":{\"@id\":\"https:\/\/utel.mx\/blog\/vida-utel\/primer-torneo-de-futbol-peru\/\"},\"author\":{\"name\":\"Karen\",\"@id\":\"https:\/\/utel.mx\/blog\/#\/schema\/person\/7ba53e7cfb9fa41ad2fb24fe362e056d\"},\"headline\":\"Primer Torneo de F\u00fatbol en Per\u00fa\",\"datePublished\":\"2024-02-23T19:05:50+00:00\",\"dateModified\":\"2024-03-22T12:51:01+00:00\",\"mainEntityOfPage\":{\"@id\":\"https:\/\/utel.mx\/blog\/vida-utel\/primer-torneo-de-futbol-peru\/\"},\"wordCount\":379,\"publisher\":{\"@id\":\"https:\/\/utel.mx\/blog\/#organization\"},\"image\":{\"@id\":\"https:\/\/utel.mx\/blog\/vida-utel\/primer-torneo-de-futbol-peru\/#primaryimage\"},\"thumbnailUrl\":\"https:\/\/utel.mx\/blog\/wp-content\/uploads\/2024\/02\/Headers_Blog_Feb24_10.png\",\"articleSection\":[\"Vida Utel\"],\"inLanguage\":\"es\"},{\"@type\":\"WebPage\",\"@id\":\"https:\/\/utel.mx\/blog\/vida-utel\/primer-torneo-de-futbol-peru\/\",\"url\":\"https:\/\/utel.mx\/blog\/vida-utel\/primer-torneo-de-futbol-peru\/\",\"name\":\"Primer Torneo de F\u00fatbol en Per\u00fa - BLOG | Utel\",\"isPartOf\":{\"@id\":\"https:\/\/utel.mx\/blog\/#website\"},\"primaryImageOfPage\":{\"@id\":\"https:\/\/utel.mx\/blog\/vida-utel\/primer-torneo-de-futbol-peru\/#primaryimage\"},\"image\":{\"@id\":\"https:\/\/utel.mx\/blog\/vida-utel\/primer-torneo-de-futbol-peru\/#primaryimage\"},\"thumbnailUrl\":\"https:\/\/utel.mx\/blog\/wp-content\/uploads\/2024\/02\/Headers_Blog_Feb24_10.png\",\"datePublished\":\"2024-02-23T19:05:50+00:00\",\"dateModified\":\"2024-03-22T12:51:01+00:00\",\"description\":\"As\u00ed se vivi\u00f3 el Primer Torneo de F\u00fatbol en Per\u00fa como un recordatorio de la capacidad del deporte para conectar e integrar a m\u00e1s personas.\",\"breadcrumb\":{\"@id\":\"https:\/\/utel.mx\/blog\/vida-utel\/primer-torneo-de-futbol-peru\/#breadcrumb\"},\"inLanguage\":\"es\",\"potentialAction\":[{\"@type\":\"ReadAction\",\"target\":[\"https:\/\/utel.mx\/blog\/vida-utel\/primer-torneo-de-futbol-peru\/\"]}]},{\"@type\":\"ImageObject\",\"inLanguage\":\"es\",\"@id\":\"https:\/\/utel.mx\/blog\/vida-utel\/primer-torneo-de-futbol-peru\/#primaryimage\",\"url\":\"https:\/\/utel.mx\/blog\/wp-content\/uploads\/2024\/02\/Headers_Blog_Feb24_10.png\",\"contentUrl\":\"https:\/\/utel.mx\/blog\/wp-content\/uploads\/2024\/02\/Headers_Blog_Feb24_10.png\",\"width\":600,\"height\":300,\"caption\":\"primer-torneo-de-futbol-peru\"},{\"@type\":\"BreadcrumbList\",\"@id\":\"https:\/\/utel.mx\/blog\/vida-utel\/primer-torneo-de-futbol-peru\/#breadcrumb\",\"itemListElement\":[{\"@type\":\"ListItem\",\"position\":1,\"name\":\"Home\",\"item\":\"https:\/\/utel.mx\/blog\/\"},{\"@type\":\"ListItem\",\"position\":2,\"name\":\"Primer Torneo de F\u00fatbol en Per\u00fa\"}]},{\"@type\":\"WebSite\",\"@id\":\"https:\/\/utel.mx\/blog\/#website\",\"url\":\"https:\/\/utel.mx\/blog\/\",\"name\":\"BLOG | Utel\",\"description\":\"Blog UTEL Universidad en L\u00ednea\",\"publisher\":{\"@id\":\"https:\/\/utel.mx\/blog\/#organization\"},\"potentialAction\":[{\"@type\":\"SearchAction\",\"target\":{\"@type\":\"EntryPoint\",\"urlTemplate\":\"https:\/\/utel.mx\/blog\/?s={search_term_string}\"},\"query-input\":{\"@type\":\"PropertyValueSpecification\",\"valueRequired\":true,\"valueName\":\"search_term_string\"}}],\"inLanguage\":\"es\"},{\"@type\":\"Organization\",\"@id\":\"https:\/\/utel.mx\/blog\/#organization\",\"name\":\"BLOG | Utel\",\"url\":\"https:\/\/utel.mx\/blog\/\",\"logo\":{\"@type\":\"ImageObject\",\"inLanguage\":\"es\",\"@id\":\"https:\/\/utel.mx\/blog\/#\/schema\/logo\/image\/\",\"url\":\"https:\/\/utel.mx\/blog\/wp-content\/uploads\/2023\/03\/cropped-logo-blog.png\",\"contentUrl\":\"https:\/\/utel.mx\/blog\/wp-content\/uploads\/2023\/03\/cropped-logo-blog.png\",\"width\":237,\"height\":64,\"caption\":\"BLOG | Utel\"},\"image\":{\"@id\":\"https:\/\/utel.mx\/blog\/#\/schema\/logo\/image\/\"}},{\"@type\":\"Person\",\"@id\":\"https:\/\/utel.mx\/blog\/#\/schema\/person\/7ba53e7cfb9fa41ad2fb24fe362e056d\",\"name\":\"Karen\",\"image\":{\"@type\":\"ImageObject\",\"inLanguage\":\"es\",\"@id\":\"https:\/\/utel.mx\/blog\/#\/schema\/person\/image\/\",\"url\":\"https:\/\/secure.gravatar.com\/avatar\/64868b23d53f58e71f7258115a59d526?s=96&d=mm&r=g\",\"contentUrl\":\"https:\/\/secure.gravatar.com\/avatar\/64868b23d53f58e71f7258115a59d526?s=96&d=mm&r=g\",\"caption\":\"Karen\"}}]}<\/script>\n<!-- \/ Yoast SEO plugin. -->","yoast_head_json":{"title":"Primer Torneo de F\u00fatbol en Per\u00fa - BLOG | Utel","description":"As\u00ed se vivi\u00f3 el Primer Torneo de F\u00fatbol en Per\u00fa como un recordatorio de la capacidad del deporte para conectar e integrar a m\u00e1s personas.","robots":{"index":"index","follow":"follow","max-snippet":"max-snippet:-1","max-image-preview":"max-image-preview:large","max-video-preview":"max-video-preview:-1"},"canonical":"https:\/\/utel.mx\/blog\/vida-utel\/primer-torneo-de-futbol-peru\/","og_locale":"es_ES","og_type":"article","og_title":"Primer Torneo de F\u00fatbol en Per\u00fa - BLOG | Utel","og_description":"As\u00ed se vivi\u00f3 el Primer Torneo de F\u00fatbol en Per\u00fa como un recordatorio de la capacidad del deporte para conectar e integrar a m\u00e1s personas.","og_url":"https:\/\/utel.mx\/blog\/vida-utel\/primer-torneo-de-futbol-peru\/","og_site_name":"BLOG | Utel","article_published_time":"2024-02-23T19:05:50+00:00","article_modified_time":"2024-03-22T12:51:01+00:00","og_image":[{"width":600,"height":300,"url":"https:\/\/utel.mx\/blog\/wp-content\/uploads\/2024\/02\/Headers_Blog_Feb24_10.png","type":"image\/png"}],"author":"Karen","twitter_misc":{"Written by":"Karen","Est. reading time":"2 minutos"},"schema":{"@context":"https:\/\/schema.org","@graph":[{"@type":"Article","@id":"https:\/\/utel.mx\/blog\/vida-utel\/primer-torneo-de-futbol-peru\/#article","isPartOf":{"@id":"https:\/\/utel.mx\/blog\/vida-utel\/primer-torneo-de-futbol-peru\/"},"author":{"name":"Karen","@id":"https:\/\/utel.mx\/blog\/#\/schema\/person\/7ba53e7cfb9fa41ad2fb24fe362e056d"},"headline":"Primer Torneo de F\u00fatbol en Per\u00fa","datePublished":"2024-02-23T19:05:50+00:00","dateModified":"2024-03-22T12:51:01+00:00","mainEntityOfPage":{"@id":"https:\/\/utel.mx\/blog\/vida-utel\/primer-torneo-de-futbol-peru\/"},"wordCount":379,"publisher":{"@id":"https:\/\/utel.mx\/blog\/#organization"},"image":{"@id":"https:\/\/utel.mx\/blog\/vida-utel\/primer-torneo-de-futbol-peru\/#primaryimage"},"thumbnailUrl":"https:\/\/utel.mx\/blog\/wp-content\/uploads\/2024\/02\/Headers_Blog_Feb24_10.png","articleSection":["Vida Utel"],"inLanguage":"es"},{"@type":"WebPage","@id":"https:\/\/utel.mx\/blog\/vida-utel\/primer-torneo-de-futbol-peru\/","url":"https:\/\/utel.mx\/blog\/vida-utel\/primer-torneo-de-futbol-peru\/","name":"Primer Torneo de F\u00fatbol en Per\u00fa - BLOG | Utel","isPartOf":{"@id":"https:\/\/utel.mx\/blog\/#website"},"primaryImageOfPage":{"@id":"https:\/\/utel.mx\/blog\/vida-utel\/primer-torneo-de-futbol-peru\/#primaryimage"},"image":{"@id":"https:\/\/utel.mx\/blog\/vida-utel\/primer-torneo-de-futbol-peru\/#primaryimage"},"thumbnailUrl":"https:\/\/utel.mx\/blog\/wp-content\/uploads\/2024\/02\/Headers_Blog_Feb24_10.png","datePublished":"2024-02-23T19:05:50+00:00","dateModified":"2024-03-22T12:51:01+00:00","description":"As\u00ed se vivi\u00f3 el Primer Torneo de F\u00fatbol en Per\u00fa como un recordatorio de la capacidad del deporte para conectar e integrar a m\u00e1s personas.","breadcrumb":{"@id":"https:\/\/utel.mx\/blog\/vida-utel\/primer-torneo-de-futbol-peru\/#breadcrumb"},"inLanguage":"es","potentialAction":[{"@type":"ReadAction","target":["https:\/\/utel.mx\/blog\/vida-utel\/primer-torneo-de-futbol-peru\/"]}]},{"@type":"ImageObject","inLanguage":"es","@id":"https:\/\/utel.mx\/blog\/vida-utel\/primer-torneo-de-futbol-peru\/#primaryimage","url":"https:\/\/utel.mx\/blog\/wp-content\/uploads\/2024\/02\/Headers_Blog_Feb24_10.png","contentUrl":"https:\/\/utel.mx\/blog\/wp-content\/uploads\/2024\/02\/Headers_Blog_Feb24_10.png","width":600,"height":300,"caption":"primer-torneo-de-futbol-peru"},{"@type":"BreadcrumbList","@id":"https:\/\/utel.mx\/blog\/vida-utel\/primer-torneo-de-futbol-peru\/#breadcrumb","itemListElement":[{"@type":"ListItem","position":1,"name":"Home","item":"https:\/\/utel.mx\/blog\/"},{"@type":"ListItem","position":2,"name":"Primer Torneo de F\u00fatbol en Per\u00fa"}]},{"@type":"WebSite","@id":"https:\/\/utel.mx\/blog\/#website","url":"https:\/\/utel.mx\/blog\/","name":"BLOG | Utel","description":"Blog UTEL Universidad en L\u00ednea","publisher":{"@id":"https:\/\/utel.mx\/blog\/#organization"},"potentialAction":[{"@type":"SearchAction","target":{"@type":"EntryPoint","urlTemplate":"https:\/\/utel.mx\/blog\/?s={search_term_string}"},"query-input":{"@type":"PropertyValueSpecification","valueRequired":true,"valueName":"search_term_string"}}],"inLanguage":"es"},{"@type":"Organization","@id":"https:\/\/utel.mx\/blog\/#organization","name":"BLOG | Utel","url":"https:\/\/utel.mx\/blog\/","logo":{"@type":"ImageObject","inLanguage":"es","@id":"https:\/\/utel.mx\/blog\/#\/schema\/logo\/image\/","url":"https:\/\/utel.mx\/blog\/wp-content\/uploads\/2023\/03\/cropped-logo-blog.png","contentUrl":"https:\/\/utel.mx\/blog\/wp-content\/uploads\/2023\/03\/cropped-logo-blog.png","width":237,"height":64,"caption":"BLOG | Utel"},"image":{"@id":"https:\/\/utel.mx\/blog\/#\/schema\/logo\/image\/"}},{"@type":"Person","@id":"https:\/\/utel.mx\/blog\/#\/schema\/person\/7ba53e7cfb9fa41ad2fb24fe362e056d","name":"Karen","image":{"@type":"ImageObject","inLanguage":"es","@id":"https:\/\/utel.mx\/blog\/#\/schema\/person\/image\/","url":"https:\/\/secure.gravatar.com\/avatar\/64868b23d53f58e71f7258115a59d526?s=96&d=mm&r=g","contentUrl":"https:\/\/secure.gravatar.com\/avatar\/64868b23d53f58e71f7258115a59d526?s=96&d=mm&r=g","caption":"Karen"}}]}},"_links":{"self":[{"href":"https:\/\/utel.mx\/blog\/wp-json\/wp\/v2\/posts\/48690","targetHints":{"allow":["GET"]}}],"collection":[{"href":"https:\/\/utel.mx\/blog\/wp-json\/wp\/v2\/posts"}],"about":[{"href":"https:\/\/utel.mx\/blog\/wp-json\/wp\/v2\/types\/post"}],"author":[{"embeddable":true,"href":"https:\/\/utel.mx\/blog\/wp-json\/wp\/v2\/users\/78"}],"replies":[{"embeddable":true,"href":"https:\/\/utel.mx\/blog\/wp-json\/wp\/v2\/comments?post=48690"}],"version-history":[{"count":4,"href":"https:\/\/utel.mx\/blog\/wp-json\/wp\/v2\/posts\/48690\/revisions"}],"predecessor-version":[{"id":48776,"href":"https:\/\/utel.mx\/blog\/wp-json\/wp\/v2\/posts\/48690\/revisions\/48776"}],"wp:featuredmedia":[{"embeddable":true,"href":"https:\/\/utel.mx\/blog\/wp-json\/wp\/v2\/media\/48691"}],"wp:attachment":[{"href":"https:\/\/utel.mx\/blog\/wp-json\/wp\/v2\/media?parent=48690"}],"wp:term":[{"taxonomy":"category","embeddable":true,"href":"https:\/\/utel.mx\/blog\/wp-json\/wp\/v2\/categories?post=48690"},{"taxonomy":"post_tag","embeddable":true,"href":"https:\/\/utel.mx\/blog\/wp-json\/wp\/v2\/tags?post=48690"}],"curies":[{"name":"wp","href":"https:\/\/api.w.org\/{rel}","templated":true}]}}