{"id":48832,"date":"2024-03-12T17:53:18","date_gmt":"2024-03-12T17:53:18","guid":{"rendered":"https:\/\/utel.mx\/blog\/?p=48832"},"modified":"2024-04-04T18:07:00","modified_gmt":"2024-04-04T18:07:00","slug":"feria-de-empleo-utel-2024","status":"publish","type":"post","link":"https:\/\/utel.mx\/blog\/expansion-profesional\/feria-de-empleo-utel-2024\/","title":{"rendered":"Feria de Empleo Utel 2024"},"content":{"rendered":"\n<p>La <strong>5ta Edici\u00f3n de la Feria de Empleo Utel<\/strong> marc\u00f3 un hito en la historia de nuestra universidad, reuniendo a <strong>m\u00e1s de 10,000 participantes tanto de manera presencial en el WTC de Ciudad de M\u00e9xico, como de forma virtual desde m\u00e1s de 10 pa\u00edses<\/strong>. Los d\u00edas 6 y 7 de marzo del 2024 quedaron grabados como una experiencia de empleabilidad sin precedentes, donde estudiantes y profesionales se sumergieron en un ambiente vibrante lleno de oportunidades.<\/p>\n\n\n\n<h2 class=\"wp-block-heading\">Conectando talentos con oportunidades globales<\/h2>\n\n\n\n<p><strong>M\u00e1s de 140 empresas l\u00edderes<\/strong>, incluyendo nombres reconocidos como Coca-Cola Femsa, Amazon, BBVA, Santander, Ford, TV Azteca, El Puerto de Liverpool, KPMG M\u00e9xico y Techint, se dieron cita en esta Feria presencial y virtual para <strong>conectar con nuevos talentos y compartir con ellos su visi\u00f3n del panorama laboral actual y futuro<\/strong>.<\/p>\n\n\n\n<p><em>\u201cSoftskills, una llave importante en el mundo laboral\u201d<\/em> con Linda Ramirez, Talent Engagement de Globant; <em>\u201cDesbloquea tu empleabilidad en el mercado laboral oculto\u201d<\/em> con Bianca Negr\u00f3n, Directora Ejecutiva de The Coaching Spot; y <em>\u201dLiderando con mentalidad colaborativa en entornos desafiantes\u201d<\/em> con Ang\u00e9lica Bayona, HRBP Manager de Rappi fueron algunos de los <strong>m\u00e1s de 40 talleres y conferencias con insights valiosos sobre empleo y emprendimiento<\/strong> que accedieron los asistentes de la Feria, tanto de manera virtual como presencial.<\/p>\n\n\n\n<figure class=\"wp-block-gallery has-nested-images columns-default is-cropped wp-block-gallery-1 is-layout-flex wp-block-gallery-is-layout-flex\">\n<figure class=\"wp-block-image size-large\"><a href=\"https:\/\/utel.mx\/blog\/wp-content\/uploads\/2024\/04\/Feria-de-Empleo-Utel-2024-01.jpg\"><img fetchpriority=\"high\" decoding=\"async\" width=\"1200\" height=\"900\" data-id=\"48834\" src=\"https:\/\/utel.mx\/blog\/wp-content\/uploads\/2024\/04\/Feria-de-Empleo-Utel-2024-01-1200x900.jpg\" alt=\"Feria de Empleo Utel 2024\" class=\"wp-image-48834\" srcset=\"https:\/\/utel.mx\/blog\/wp-content\/uploads\/2024\/04\/Feria-de-Empleo-Utel-2024-01-1200x900.jpg 1200w, https:\/\/utel.mx\/blog\/wp-content\/uploads\/2024\/04\/Feria-de-Empleo-Utel-2024-01-744x558.jpg 744w, https:\/\/utel.mx\/blog\/wp-content\/uploads\/2024\/04\/Feria-de-Empleo-Utel-2024-01-420x315.jpg 420w, https:\/\/utel.mx\/blog\/wp-content\/uploads\/2024\/04\/Feria-de-Empleo-Utel-2024-01-768x576.jpg 768w, https:\/\/utel.mx\/blog\/wp-content\/uploads\/2024\/04\/Feria-de-Empleo-Utel-2024-01.jpg 1440w\" sizes=\"(max-width: 1200px) 100vw, 1200px\" \/><\/a><figcaption class=\"wp-element-caption\">Feria de Empleo Utel 2024<\/figcaption><\/figure>\n\n\n\n<figure class=\"wp-block-image size-large\"><a href=\"https:\/\/utel.mx\/blog\/wp-content\/uploads\/2024\/04\/Feria-de-Empleo-Utel-2024-02.jpg\"><img decoding=\"async\" width=\"1200\" height=\"900\" data-id=\"48833\" src=\"https:\/\/utel.mx\/blog\/wp-content\/uploads\/2024\/04\/Feria-de-Empleo-Utel-2024-02-1200x900.jpg\" alt=\"Feria de Empleo Utel 2024\" class=\"wp-image-48833\" srcset=\"https:\/\/utel.mx\/blog\/wp-content\/uploads\/2024\/04\/Feria-de-Empleo-Utel-2024-02-1200x900.jpg 1200w, https:\/\/utel.mx\/blog\/wp-content\/uploads\/2024\/04\/Feria-de-Empleo-Utel-2024-02-744x558.jpg 744w, https:\/\/utel.mx\/blog\/wp-content\/uploads\/2024\/04\/Feria-de-Empleo-Utel-2024-02-420x315.jpg 420w, https:\/\/utel.mx\/blog\/wp-content\/uploads\/2024\/04\/Feria-de-Empleo-Utel-2024-02-768x576.jpg 768w, https:\/\/utel.mx\/blog\/wp-content\/uploads\/2024\/04\/Feria-de-Empleo-Utel-2024-02-1536x1152.jpg 1536w, https:\/\/utel.mx\/blog\/wp-content\/uploads\/2024\/04\/Feria-de-Empleo-Utel-2024-02.jpg 2048w\" sizes=\"(max-width: 1200px) 100vw, 1200px\" \/><\/a><figcaption class=\"wp-element-caption\">Feria de Empleo Utel 2024<\/figcaption><\/figure>\n<\/figure>\n\n\n\n<p>Pero la Feria de Empleo Utel no fue solo una oportunidad para escuchar y aprender; fue un catalizador de conexiones que impuls\u00f3 <strong>m\u00e1s de 4,500 postulaciones a vacantes en la bolsa de empleo<\/strong>. Desde estudiantes, reci\u00e9n graduados y profesionales con a\u00f1os de experiencia, tuvieron la posibilidad de interactuar con reclutadores de primera l\u00ednea y postularse a puestos de trabajo para impulsar su crecimiento profesional.&nbsp;<\/p>\n\n\n\n<p>Tambi\u00e9n empresas como Globant, KPMG y nuestra universidad, Utel, realizaron<strong> entrevistas presenciales<\/strong> con candidatos que se acercaron al WTC de Ciudad de M\u00e9xico.<\/p>\n\n\n\n<p><em>\u00abCon esta Feria, no solo busc\u00e1bamos conectar talento con empresas, sino abrir nuevas puertas de oportunidades para nuestra comunidad universitaria\u00bb<\/em>, destac\u00f3 Gabriela Capurro, Directora de Empleabilidad de Utel. <em>\u00abFuimos el puente entre el potencial y las posibilidades, brindando a nuestros estudiantes y egresados la oportunidad de conocer m\u00e1s sobre las tendencias del mercado laboral y demostrar su val\u00eda en el mundo profesional\u00bb.<\/em><\/p>\n\n\n\n<p>Junto con la oportunidad de conectar tanto en el espacio virtual como en el presencial, promovimos una din\u00e1mica de <strong>networking<\/strong> liderada por los CEO de Nerdconf, quienes organizaron actividades de integraci\u00f3n para toda nuestra comunidad.<\/p>\n\n\n\n<p>Adem\u00e1s, para aquellos interesados en el mundo del <strong>emprendimiento<\/strong>, contamos con la participaci\u00f3n de organizaciones como Junior Achievement, Fundaci\u00f3n Televisa \/ POSiBLE y Rocket U, quienes compartieron valiosas oportunidades con los asistentes.<\/p>\n\n\n\n<p><strong>Estamos encantados con el \u00e9xito de la Feria de Empleo Utel 2024<\/strong> y nos emociona seguir innovando en futuras ediciones, conectando a nuestra comunidad con oportunidades profesionales de primer nivel y proporcionando informaci\u00f3n clave sobre el cambiante panorama profesional. <strong>\u00a1Gracias a todas las personas y empresas que nos acompa\u00f1aron, y esperamos ansiosos la pr\u00f3xima edici\u00f3n!<\/strong><\/p>\n<div id=\"advads-8532426\" class=\"advads-cta-lp-banner-form advads-entity-placement\"><a href=\"https:\/\/utel.mx\/blog\/admisiones-universidad-online\/?utm_source=blog&#038;utm_medium=CTAlink&#038;utm_campaign=MKTseo\" aria-label=\"Universidad en linea\"><img src=\"https:\/\/utel.mx\/blog\/wp-content\/uploads\/2025\/04\/universidad-en-linea-1.png\" alt=\"Universidad en linea\"  srcset=\"https:\/\/utel.mx\/blog\/wp-content\/uploads\/2025\/04\/universidad-en-linea-1.png 626w, https:\/\/utel.mx\/blog\/wp-content\/uploads\/2025\/04\/universidad-en-linea-1-420x168.png 420w\" sizes=\"(max-width: 626px) 100vw, 626px\" width=\"626\" height=\"250\"   \/><\/a><\/div>","protected":false},"excerpt":{"rendered":"<p> [&hellip;]<\/p>\n","protected":false},"author":79,"featured_media":48624,"comment_status":"closed","ping_status":"open","sticky":false,"template":"","format":"standard","meta":{"_acf_changed":false,"site-sidebar-layout":"default","site-content-layout":"","ast-site-content-layout":"","site-content-style":"default","site-sidebar-style":"default","ast-global-header-display":"","ast-banner-title-visibility":"","ast-main-header-display":"","ast-hfb-above-header-display":"","ast-hfb-below-header-display":"","ast-hfb-mobile-header-display":"","site-post-title":"","ast-breadcrumbs-content":"","ast-featured-img":"","footer-sml-layout":"","theme-transparent-header-meta":"","adv-header-id-meta":"","stick-header-meta":"","header-above-stick-meta":"","header-main-stick-meta":"","header-below-stick-meta":"","astra-migrate-meta-layouts":"default","ast-page-background-enabled":"default","ast-page-background-meta":{"desktop":{"background-color":"var(--ast-global-color-4)","background-image":"","background-repeat":"repeat","background-position":"center center","background-size":"auto","background-attachment":"scroll","background-type":"","background-media":"","overlay-type":"","overlay-color":"","overlay-gradient":""},"tablet":{"background-color":"","background-image":"","background-repeat":"repeat","background-position":"center center","background-size":"auto","background-attachment":"scroll","background-type":"","background-media":"","overlay-type":"","overlay-color":"","overlay-gradient":""},"mobile":{"background-color":"","background-image":"","background-repeat":"repeat","background-position":"center center","background-size":"auto","background-attachment":"scroll","background-type":"","background-media":"","overlay-type":"","overlay-color":"","overlay-gradient":""}},"ast-content-background-meta":{"desktop":{"background-color":"var(--ast-global-color-5)","background-image":"","background-repeat":"repeat","background-position":"center center","background-size":"auto","background-attachment":"scroll","background-type":"","background-media":"","overlay-type":"","overlay-color":"","overlay-gradient":""},"tablet":{"background-color":"var(--ast-global-color-5)","background-image":"","background-repeat":"repeat","background-position":"center center","background-size":"auto","background-attachment":"scroll","background-type":"","background-media":"","overlay-type":"","overlay-color":"","overlay-gradient":""},"mobile":{"background-color":"var(--ast-global-color-5)","background-image":"","background-repeat":"repeat","background-position":"center center","background-size":"auto","background-attachment":"scroll","background-type":"","background-media":"","overlay-type":"","overlay-color":"","overlay-gradient":""}},"footnotes":""},"categories":[4523],"tags":[],"class_list":["post-48832","post","type-post","status-publish","format-standard","has-post-thumbnail","hentry","category-expansion-profesional"],"acf":[],"yoast_head":"<!-- This site is optimized with the Yoast SEO plugin v26.8 - https:\/\/yoast.com\/product\/yoast-seo-wordpress\/ -->\n<title>Feria de Empleo Utel 2024 - BLOG | Utel<\/title>\n<meta name=\"description\" content=\"La Feria de Empleo Utel 2024 marc\u00f3 un hito en la historia de nuestra universidad. Conoce m\u00e1s de este evento de empleabilidad.\" \/>\n<meta name=\"robots\" content=\"index, follow, max-snippet:-1, max-image-preview:large, max-video-preview:-1\" \/>\n<link rel=\"canonical\" href=\"https:\/\/utel.mx\/blog\/expansion-profesional\/feria-de-empleo-utel-2024\/\" \/>\n<meta property=\"og:locale\" content=\"es_ES\" \/>\n<meta property=\"og:type\" content=\"article\" \/>\n<meta property=\"og:title\" content=\"Feria de Empleo Utel 2024 - BLOG | Utel\" \/>\n<meta property=\"og:description\" content=\"La Feria de Empleo Utel 2024 marc\u00f3 un hito en la historia de nuestra universidad. Conoce m\u00e1s de este evento de empleabilidad.\" \/>\n<meta property=\"og:url\" content=\"https:\/\/utel.mx\/blog\/expansion-profesional\/feria-de-empleo-utel-2024\/\" \/>\n<meta property=\"og:site_name\" content=\"BLOG | Utel\" \/>\n<meta property=\"article:published_time\" content=\"2024-03-12T17:53:18+00:00\" \/>\n<meta property=\"article:modified_time\" content=\"2024-04-04T18:07:00+00:00\" \/>\n<meta property=\"og:image\" content=\"https:\/\/utel.mx\/blog\/wp-content\/uploads\/2024\/02\/Feria-de-Empleo-Utel.png\" \/>\n\t<meta property=\"og:image:width\" content=\"600\" \/>\n\t<meta property=\"og:image:height\" content=\"300\" \/>\n\t<meta property=\"og:image:type\" content=\"image\/png\" \/>\n<meta name=\"author\" content=\"Lucia S\" \/>\n<meta name=\"twitter:label1\" content=\"Written by\" \/>\n\t<meta name=\"twitter:data1\" content=\"Lucia S\" \/>\n\t<meta name=\"twitter:label2\" content=\"Est. reading time\" \/>\n\t<meta name=\"twitter:data2\" content=\"3 minutos\" \/>\n<script type=\"application\/ld+json\" class=\"yoast-schema-graph\">{\"@context\":\"https:\/\/schema.org\",\"@graph\":[{\"@type\":\"Article\",\"@id\":\"https:\/\/utel.mx\/blog\/expansion-profesional\/feria-de-empleo-utel-2024\/#article\",\"isPartOf\":{\"@id\":\"https:\/\/utel.mx\/blog\/expansion-profesional\/feria-de-empleo-utel-2024\/\"},\"author\":{\"name\":\"Lucia S\",\"@id\":\"https:\/\/utel.mx\/blog\/#\/schema\/person\/a9c2e69124b9fd55816d38dcd975fb43\"},\"headline\":\"Feria de Empleo Utel 2024\",\"datePublished\":\"2024-03-12T17:53:18+00:00\",\"dateModified\":\"2024-04-04T18:07:00+00:00\",\"mainEntityOfPage\":{\"@id\":\"https:\/\/utel.mx\/blog\/expansion-profesional\/feria-de-empleo-utel-2024\/\"},\"wordCount\":513,\"publisher\":{\"@id\":\"https:\/\/utel.mx\/blog\/#organization\"},\"image\":{\"@id\":\"https:\/\/utel.mx\/blog\/expansion-profesional\/feria-de-empleo-utel-2024\/#primaryimage\"},\"thumbnailUrl\":\"https:\/\/utel.mx\/blog\/wp-content\/uploads\/2024\/02\/Feria-de-Empleo-Utel.png\",\"articleSection\":[\"Expansi\u00f3n Profesional\"],\"inLanguage\":\"es\"},{\"@type\":\"WebPage\",\"@id\":\"https:\/\/utel.mx\/blog\/expansion-profesional\/feria-de-empleo-utel-2024\/\",\"url\":\"https:\/\/utel.mx\/blog\/expansion-profesional\/feria-de-empleo-utel-2024\/\",\"name\":\"Feria de Empleo Utel 2024 - BLOG | Utel\",\"isPartOf\":{\"@id\":\"https:\/\/utel.mx\/blog\/#website\"},\"primaryImageOfPage\":{\"@id\":\"https:\/\/utel.mx\/blog\/expansion-profesional\/feria-de-empleo-utel-2024\/#primaryimage\"},\"image\":{\"@id\":\"https:\/\/utel.mx\/blog\/expansion-profesional\/feria-de-empleo-utel-2024\/#primaryimage\"},\"thumbnailUrl\":\"https:\/\/utel.mx\/blog\/wp-content\/uploads\/2024\/02\/Feria-de-Empleo-Utel.png\",\"datePublished\":\"2024-03-12T17:53:18+00:00\",\"dateModified\":\"2024-04-04T18:07:00+00:00\",\"description\":\"La Feria de Empleo Utel 2024 marc\u00f3 un hito en la historia de nuestra universidad. Conoce m\u00e1s de este evento de empleabilidad.\",\"breadcrumb\":{\"@id\":\"https:\/\/utel.mx\/blog\/expansion-profesional\/feria-de-empleo-utel-2024\/#breadcrumb\"},\"inLanguage\":\"es\",\"potentialAction\":[{\"@type\":\"ReadAction\",\"target\":[\"https:\/\/utel.mx\/blog\/expansion-profesional\/feria-de-empleo-utel-2024\/\"]}]},{\"@type\":\"ImageObject\",\"inLanguage\":\"es\",\"@id\":\"https:\/\/utel.mx\/blog\/expansion-profesional\/feria-de-empleo-utel-2024\/#primaryimage\",\"url\":\"https:\/\/utel.mx\/blog\/wp-content\/uploads\/2024\/02\/Feria-de-Empleo-Utel.png\",\"contentUrl\":\"https:\/\/utel.mx\/blog\/wp-content\/uploads\/2024\/02\/Feria-de-Empleo-Utel.png\",\"width\":600,\"height\":300,\"caption\":\"Feria de Empleo Utel\"},{\"@type\":\"BreadcrumbList\",\"@id\":\"https:\/\/utel.mx\/blog\/expansion-profesional\/feria-de-empleo-utel-2024\/#breadcrumb\",\"itemListElement\":[{\"@type\":\"ListItem\",\"position\":1,\"name\":\"Home\",\"item\":\"https:\/\/utel.mx\/blog\/\"},{\"@type\":\"ListItem\",\"position\":2,\"name\":\"Feria de Empleo Utel 2024\"}]},{\"@type\":\"WebSite\",\"@id\":\"https:\/\/utel.mx\/blog\/#website\",\"url\":\"https:\/\/utel.mx\/blog\/\",\"name\":\"BLOG | Utel\",\"description\":\"Blog UTEL Universidad en L\u00ednea\",\"publisher\":{\"@id\":\"https:\/\/utel.mx\/blog\/#organization\"},\"potentialAction\":[{\"@type\":\"SearchAction\",\"target\":{\"@type\":\"EntryPoint\",\"urlTemplate\":\"https:\/\/utel.mx\/blog\/?s={search_term_string}\"},\"query-input\":{\"@type\":\"PropertyValueSpecification\",\"valueRequired\":true,\"valueName\":\"search_term_string\"}}],\"inLanguage\":\"es\"},{\"@type\":\"Organization\",\"@id\":\"https:\/\/utel.mx\/blog\/#organization\",\"name\":\"BLOG | Utel\",\"url\":\"https:\/\/utel.mx\/blog\/\",\"logo\":{\"@type\":\"ImageObject\",\"inLanguage\":\"es\",\"@id\":\"https:\/\/utel.mx\/blog\/#\/schema\/logo\/image\/\",\"url\":\"https:\/\/utel.mx\/blog\/wp-content\/uploads\/2023\/03\/cropped-logo-blog.png\",\"contentUrl\":\"https:\/\/utel.mx\/blog\/wp-content\/uploads\/2023\/03\/cropped-logo-blog.png\",\"width\":237,\"height\":64,\"caption\":\"BLOG | Utel\"},\"image\":{\"@id\":\"https:\/\/utel.mx\/blog\/#\/schema\/logo\/image\/\"}},{\"@type\":\"Person\",\"@id\":\"https:\/\/utel.mx\/blog\/#\/schema\/person\/a9c2e69124b9fd55816d38dcd975fb43\",\"name\":\"Lucia S\",\"image\":{\"@type\":\"ImageObject\",\"inLanguage\":\"es\",\"@id\":\"https:\/\/utel.mx\/blog\/#\/schema\/person\/image\/\",\"url\":\"https:\/\/secure.gravatar.com\/avatar\/64379c35b7e02ad17b325ef1d7db5b32?s=96&d=mm&r=g\",\"contentUrl\":\"https:\/\/secure.gravatar.com\/avatar\/64379c35b7e02ad17b325ef1d7db5b32?s=96&d=mm&r=g\",\"caption\":\"Lucia S\"}}]}<\/script>\n<!-- \/ Yoast SEO plugin. -->","yoast_head_json":{"title":"Feria de Empleo Utel 2024 - BLOG | Utel","description":"La Feria de Empleo Utel 2024 marc\u00f3 un hito en la historia de nuestra universidad. Conoce m\u00e1s de este evento de empleabilidad.","robots":{"index":"index","follow":"follow","max-snippet":"max-snippet:-1","max-image-preview":"max-image-preview:large","max-video-preview":"max-video-preview:-1"},"canonical":"https:\/\/utel.mx\/blog\/expansion-profesional\/feria-de-empleo-utel-2024\/","og_locale":"es_ES","og_type":"article","og_title":"Feria de Empleo Utel 2024 - BLOG | Utel","og_description":"La Feria de Empleo Utel 2024 marc\u00f3 un hito en la historia de nuestra universidad. Conoce m\u00e1s de este evento de empleabilidad.","og_url":"https:\/\/utel.mx\/blog\/expansion-profesional\/feria-de-empleo-utel-2024\/","og_site_name":"BLOG | Utel","article_published_time":"2024-03-12T17:53:18+00:00","article_modified_time":"2024-04-04T18:07:00+00:00","og_image":[{"width":600,"height":300,"url":"https:\/\/utel.mx\/blog\/wp-content\/uploads\/2024\/02\/Feria-de-Empleo-Utel.png","type":"image\/png"}],"author":"Lucia S","twitter_misc":{"Written by":"Lucia S","Est. reading time":"3 minutos"},"schema":{"@context":"https:\/\/schema.org","@graph":[{"@type":"Article","@id":"https:\/\/utel.mx\/blog\/expansion-profesional\/feria-de-empleo-utel-2024\/#article","isPartOf":{"@id":"https:\/\/utel.mx\/blog\/expansion-profesional\/feria-de-empleo-utel-2024\/"},"author":{"name":"Lucia S","@id":"https:\/\/utel.mx\/blog\/#\/schema\/person\/a9c2e69124b9fd55816d38dcd975fb43"},"headline":"Feria de Empleo Utel 2024","datePublished":"2024-03-12T17:53:18+00:00","dateModified":"2024-04-04T18:07:00+00:00","mainEntityOfPage":{"@id":"https:\/\/utel.mx\/blog\/expansion-profesional\/feria-de-empleo-utel-2024\/"},"wordCount":513,"publisher":{"@id":"https:\/\/utel.mx\/blog\/#organization"},"image":{"@id":"https:\/\/utel.mx\/blog\/expansion-profesional\/feria-de-empleo-utel-2024\/#primaryimage"},"thumbnailUrl":"https:\/\/utel.mx\/blog\/wp-content\/uploads\/2024\/02\/Feria-de-Empleo-Utel.png","articleSection":["Expansi\u00f3n Profesional"],"inLanguage":"es"},{"@type":"WebPage","@id":"https:\/\/utel.mx\/blog\/expansion-profesional\/feria-de-empleo-utel-2024\/","url":"https:\/\/utel.mx\/blog\/expansion-profesional\/feria-de-empleo-utel-2024\/","name":"Feria de Empleo Utel 2024 - BLOG | Utel","isPartOf":{"@id":"https:\/\/utel.mx\/blog\/#website"},"primaryImageOfPage":{"@id":"https:\/\/utel.mx\/blog\/expansion-profesional\/feria-de-empleo-utel-2024\/#primaryimage"},"image":{"@id":"https:\/\/utel.mx\/blog\/expansion-profesional\/feria-de-empleo-utel-2024\/#primaryimage"},"thumbnailUrl":"https:\/\/utel.mx\/blog\/wp-content\/uploads\/2024\/02\/Feria-de-Empleo-Utel.png","datePublished":"2024-03-12T17:53:18+00:00","dateModified":"2024-04-04T18:07:00+00:00","description":"La Feria de Empleo Utel 2024 marc\u00f3 un hito en la historia de nuestra universidad. Conoce m\u00e1s de este evento de empleabilidad.","breadcrumb":{"@id":"https:\/\/utel.mx\/blog\/expansion-profesional\/feria-de-empleo-utel-2024\/#breadcrumb"},"inLanguage":"es","potentialAction":[{"@type":"ReadAction","target":["https:\/\/utel.mx\/blog\/expansion-profesional\/feria-de-empleo-utel-2024\/"]}]},{"@type":"ImageObject","inLanguage":"es","@id":"https:\/\/utel.mx\/blog\/expansion-profesional\/feria-de-empleo-utel-2024\/#primaryimage","url":"https:\/\/utel.mx\/blog\/wp-content\/uploads\/2024\/02\/Feria-de-Empleo-Utel.png","contentUrl":"https:\/\/utel.mx\/blog\/wp-content\/uploads\/2024\/02\/Feria-de-Empleo-Utel.png","width":600,"height":300,"caption":"Feria de Empleo Utel"},{"@type":"BreadcrumbList","@id":"https:\/\/utel.mx\/blog\/expansion-profesional\/feria-de-empleo-utel-2024\/#breadcrumb","itemListElement":[{"@type":"ListItem","position":1,"name":"Home","item":"https:\/\/utel.mx\/blog\/"},{"@type":"ListItem","position":2,"name":"Feria de Empleo Utel 2024"}]},{"@type":"WebSite","@id":"https:\/\/utel.mx\/blog\/#website","url":"https:\/\/utel.mx\/blog\/","name":"BLOG | Utel","description":"Blog UTEL Universidad en L\u00ednea","publisher":{"@id":"https:\/\/utel.mx\/blog\/#organization"},"potentialAction":[{"@type":"SearchAction","target":{"@type":"EntryPoint","urlTemplate":"https:\/\/utel.mx\/blog\/?s={search_term_string}"},"query-input":{"@type":"PropertyValueSpecification","valueRequired":true,"valueName":"search_term_string"}}],"inLanguage":"es"},{"@type":"Organization","@id":"https:\/\/utel.mx\/blog\/#organization","name":"BLOG | Utel","url":"https:\/\/utel.mx\/blog\/","logo":{"@type":"ImageObject","inLanguage":"es","@id":"https:\/\/utel.mx\/blog\/#\/schema\/logo\/image\/","url":"https:\/\/utel.mx\/blog\/wp-content\/uploads\/2023\/03\/cropped-logo-blog.png","contentUrl":"https:\/\/utel.mx\/blog\/wp-content\/uploads\/2023\/03\/cropped-logo-blog.png","width":237,"height":64,"caption":"BLOG | Utel"},"image":{"@id":"https:\/\/utel.mx\/blog\/#\/schema\/logo\/image\/"}},{"@type":"Person","@id":"https:\/\/utel.mx\/blog\/#\/schema\/person\/a9c2e69124b9fd55816d38dcd975fb43","name":"Lucia S","image":{"@type":"ImageObject","inLanguage":"es","@id":"https:\/\/utel.mx\/blog\/#\/schema\/person\/image\/","url":"https:\/\/secure.gravatar.com\/avatar\/64379c35b7e02ad17b325ef1d7db5b32?s=96&d=mm&r=g","contentUrl":"https:\/\/secure.gravatar.com\/avatar\/64379c35b7e02ad17b325ef1d7db5b32?s=96&d=mm&r=g","caption":"Lucia S"}}]}},"_links":{"self":[{"href":"https:\/\/utel.mx\/blog\/wp-json\/wp\/v2\/posts\/48832","targetHints":{"allow":["GET"]}}],"collection":[{"href":"https:\/\/utel.mx\/blog\/wp-json\/wp\/v2\/posts"}],"about":[{"href":"https:\/\/utel.mx\/blog\/wp-json\/wp\/v2\/types\/post"}],"author":[{"embeddable":true,"href":"https:\/\/utel.mx\/blog\/wp-json\/wp\/v2\/users\/79"}],"replies":[{"embeddable":true,"href":"https:\/\/utel.mx\/blog\/wp-json\/wp\/v2\/comments?post=48832"}],"version-history":[{"count":4,"href":"https:\/\/utel.mx\/blog\/wp-json\/wp\/v2\/posts\/48832\/revisions"}],"predecessor-version":[{"id":48839,"href":"https:\/\/utel.mx\/blog\/wp-json\/wp\/v2\/posts\/48832\/revisions\/48839"}],"wp:featuredmedia":[{"embeddable":true,"href":"https:\/\/utel.mx\/blog\/wp-json\/wp\/v2\/media\/48624"}],"wp:attachment":[{"href":"https:\/\/utel.mx\/blog\/wp-json\/wp\/v2\/media?parent=48832"}],"wp:term":[{"taxonomy":"category","embeddable":true,"href":"https:\/\/utel.mx\/blog\/wp-json\/wp\/v2\/categories?post=48832"},{"taxonomy":"post_tag","embeddable":true,"href":"https:\/\/utel.mx\/blog\/wp-json\/wp\/v2\/tags?post=48832"}],"curies":[{"name":"wp","href":"https:\/\/api.w.org\/{rel}","templated":true}]}}