{"id":48877,"date":"2024-04-03T18:12:11","date_gmt":"2024-04-03T18:12:11","guid":{"rendered":"https:\/\/utel.mx\/blog\/?p=48877"},"modified":"2025-12-02T23:10:24","modified_gmt":"2025-12-02T23:10:24","slug":"sesiones-presenciales-especializacion","status":"publish","type":"post","link":"https:\/\/utel.mx\/blog\/cursos-y-diplomados\/sesiones-presenciales-especializacion\/","title":{"rendered":"Suma Sesiones Presenciales a tu carrera profesional"},"content":{"rendered":"\n<p>En nuestra constante b\u00fasqueda por enriquecer la experiencia educativa de nuestros estudiantes, introducimos <strong>Sesiones Presenciales<\/strong> como una nueva oportunidad para fortalecer tu carrera profesional. Con esta iniciativa, buscamos proporcionar valiosas <strong>interacciones cara a cara con profesores y compa\u00f1eros en entornos reales<\/strong>, complementando tu formaci\u00f3n acad\u00e9mica de manera significativa. Conoce las especializaciones disponibles.<\/p>\n\n\n\n<h2 class=\"wp-block-heading\">Aprende en entornos reales con Sesiones Presenciales<\/h2>\n\n\n\n<p>\u00bfQu\u00e9 mejor manera de impulsar tu crecimiento en el mundo profesional que invirtiendo en tu crecimiento acad\u00e9mico? Nuestras Sesiones Presenciales ofrecen la oportunidad \u00fanica de <strong>aprender de expertos, adquirir conocimientos y practicar habilidades de manera pr\u00e1ctica y colaborativa<\/strong>.<\/p>\n\n\n\n<ul class=\"wp-block-list\">\n<li><strong>Entornos profesionales reales.<\/strong> Aprende donde la acci\u00f3n ocurre con sesiones presenciales en locaciones din\u00e1micas.<\/li>\n\n\n\n<li><strong>Interacci\u00f3n directa.<\/strong> Recibe orientaci\u00f3n presencial de expertos destacados y conecta con el aprendizaje pr\u00e1ctico.&nbsp;<\/li>\n\n\n\n<li><strong>Diversificaci\u00f3n del conocimiento.<\/strong> Prep\u00e1rate para desaf\u00edos multidisciplinarios adentr\u00e1ndote en diversas \u00e1reas del saber.<\/li>\n\n\n\n<li><strong>Certificado de formaci\u00f3n.<\/strong> Obt\u00e9n un reconocimiento que valide tus conocimientos y fortalece tu perfil profesional.<\/li>\n\n\n\n<li><strong>Desarrollo de habilidades.<\/strong> Adquiere destrezas pr\u00e1cticas para destacar tu carrera en un mundo competitivo.<\/li>\n\n\n\n<li><strong>Networking presencial. <\/strong>Potencia tu c\u00edrculo social y profesional para construir futuras oportunidades.<\/li>\n<\/ul>\n\n\n\n<h2 class=\"wp-block-heading\">Especializaciones que tenemos para ti<\/h2>\n\n\n\n<p>Si eres estudiante o egresado de Utel,<strong> invierte un s\u00e1bado al mes, durante seis meses<\/strong>, para aprender de expertos en entornos profesionales reales y aplicar habilidades pr\u00e1cticas que fortalecer\u00e1n tu perfil. Obt\u00e9n un certificado que respalde tus conocimientos como:<\/p>\n\n\n\n<h4 class=\"wp-block-heading\"><strong>Consejero para el Apoyo Emocional y la Prevenci\u00f3n del Suicidio<\/strong><\/h4>\n\n\n\n<p>Desarrolla habilidades de intervenci\u00f3n en situaciones de riesgo para brindar apoyo efectivo.<br>Aprende con expertos destacados <strong>en la Unidad de Congresos Centro M\u00e9dico Nacional Siglo XXI &#8211; IMSS<\/strong>*.<\/p>\n\n\n\n<h4 class=\"wp-block-heading\"><strong>Estratega L\u00fadico para el Aprendizaje<\/strong><\/h4>\n\n\n\n<p>Aprende a integrar elementos l\u00fadicos tanto en entornos educativos como corporativos, para estimular la participaci\u00f3n activa y potenciar el desarrollo de habilidades espec\u00edficas en los participantes.<br>Aprende con expertos destacados**.<\/p>\n\n\n\n<h4 class=\"wp-block-heading\"><strong>Consejero para el Manejo del Duelo<\/strong><\/h4>\n\n\n\n<p>Conoce c\u00f3mo ofrecer apoyo emocional, orientaci\u00f3n y asesoramiento a individuos que atraviesan procesos de duelo y situaciones de fin de vida.<br>Aprende con expertos destacados <strong>en la Unidad de Congresos Centro M\u00e9dico Nacional Siglo XXI &#8211; IMSS<\/strong>*.<\/p>\n\n\n\n<h4 class=\"wp-block-heading\"><strong>Instructor en T\u00e9cnicas de Mindfulness<\/strong><\/h4>\n\n\n\n<p>Descubre c\u00f3mo guiar y ense\u00f1ar de manera efectiva, promoviendo el bienestar mental, emocional y f\u00edsico.<br>Aprende con expertos destacados <strong>en uno de los salones de meditaci\u00f3n de AgoraLucis<\/strong>***.<\/p>\n\n\n\n<p><\/p>\n\n\n\n<p>En nuestro compromiso por brindarte una <strong>educaci\u00f3n de calidad y adaptada a tus intereses y necesidades<\/strong>, te invitamos a explorar estas especializaciones que te ayudar\u00e1n a impulsar tu carrera profesional. Para sumarte a estas Sesiones Presenciales, solo debes ser estudiante Utel y ponerte en contacto <strong>con nuestro equipo de asesores<\/strong> a trav\u00e9s de WhatsApp dando clic <a href=\"https:\/\/bit.ly\/4aGPN3u\" target=\"_blank\" rel=\"noreferrer noopener\"><strong>aqu\u00ed<\/strong> <\/a>para que te brinde la informaci\u00f3n necesaria o aclarar tus dudas. Estamos aqu\u00ed para ayudarte en cada paso de tu camino hacia el \u00e9xito acad\u00e9mico y profesional.<\/p>\n\n\n\n<p>*Actividad privada, cuyo contenido y desarrollo es responsabilidad absoluta de Utel. Evento NO avalado por el IMSS. Lugar y fechas sujetos a cambios con previo aviso.<br>**Actividad privada, cuyo contenido y desarrollo es responsabilidad absoluta de Utel. Lugar y fechas sujetos a cambios con previo aviso.<br>***Actividad privada, cuyo contenido y desarrollo es responsabilidad absoluta de Utel. Lugar y fechas sujetos a cambios con previo aviso.<\/p>\n\n\n\n<p><\/p>\n\n\n\n<p><\/p>\n<div id=\"advads-3290972903\" class=\"advads-cta-lp-banner-form advads-entity-placement\"><a href=\"https:\/\/utel.mx\/blog\/admisiones-universidad-online\/?utm_source=blog&#038;utm_medium=CTAlink&#038;utm_campaign=MKTseo\" aria-label=\"Universidad en linea\"><img src=\"https:\/\/utel.mx\/blog\/wp-content\/uploads\/2025\/04\/universidad-en-linea-1.png\" alt=\"Universidad en linea\"  srcset=\"https:\/\/utel.mx\/blog\/wp-content\/uploads\/2025\/04\/universidad-en-linea-1.png 626w, https:\/\/utel.mx\/blog\/wp-content\/uploads\/2025\/04\/universidad-en-linea-1-420x168.png 420w\" sizes=\"(max-width: 626px) 100vw, 626px\" width=\"626\" height=\"250\"   \/><\/a><\/div>","protected":false},"excerpt":{"rendered":"<p> [&hellip;]<\/p>\n","protected":false},"author":79,"featured_media":48888,"comment_status":"closed","ping_status":"open","sticky":false,"template":"","format":"standard","meta":{"_acf_changed":false,"site-sidebar-layout":"default","site-content-layout":"","ast-site-content-layout":"default","site-content-style":"default","site-sidebar-style":"default","ast-global-header-display":"","ast-banner-title-visibility":"","ast-main-header-display":"","ast-hfb-above-header-display":"","ast-hfb-below-header-display":"","ast-hfb-mobile-header-display":"","site-post-title":"","ast-breadcrumbs-content":"","ast-featured-img":"","footer-sml-layout":"","theme-transparent-header-meta":"","adv-header-id-meta":"","stick-header-meta":"","header-above-stick-meta":"","header-main-stick-meta":"","header-below-stick-meta":"","astra-migrate-meta-layouts":"set","ast-page-background-enabled":"default","ast-page-background-meta":{"desktop":{"background-color":"var(--ast-global-color-4)","background-image":"","background-repeat":"repeat","background-position":"center center","background-size":"auto","background-attachment":"scroll","background-type":"","background-media":"","overlay-type":"","overlay-color":"","overlay-gradient":""},"tablet":{"background-color":"","background-image":"","background-repeat":"repeat","background-position":"center center","background-size":"auto","background-attachment":"scroll","background-type":"","background-media":"","overlay-type":"","overlay-color":"","overlay-gradient":""},"mobile":{"background-color":"","background-image":"","background-repeat":"repeat","background-position":"center center","background-size":"auto","background-attachment":"scroll","background-type":"","background-media":"","overlay-type":"","overlay-color":"","overlay-gradient":""}},"ast-content-background-meta":{"desktop":{"background-color":"var(--ast-global-color-5)","background-image":"","background-repeat":"repeat","background-position":"center center","background-size":"auto","background-attachment":"scroll","background-type":"","background-media":"","overlay-type":"","overlay-color":"","overlay-gradient":""},"tablet":{"background-color":"var(--ast-global-color-5)","background-image":"","background-repeat":"repeat","background-position":"center center","background-size":"auto","background-attachment":"scroll","background-type":"","background-media":"","overlay-type":"","overlay-color":"","overlay-gradient":""},"mobile":{"background-color":"var(--ast-global-color-5)","background-image":"","background-repeat":"repeat","background-position":"center center","background-size":"auto","background-attachment":"scroll","background-type":"","background-media":"","overlay-type":"","overlay-color":"","overlay-gradient":""}},"footnotes":""},"categories":[1208],"tags":[],"class_list":["post-48877","post","type-post","status-publish","format-standard","has-post-thumbnail","hentry","category-cursos-y-diplomados"],"acf":[],"yoast_head":"<!-- This site is optimized with the Yoast SEO plugin v26.8 - https:\/\/yoast.com\/product\/yoast-seo-wordpress\/ -->\n<title>Suma Sesiones Presenciales a tu carrera profesional - BLOG | Utel<\/title>\n<meta name=\"description\" content=\"Fortalece tu carrera profesional con Especializaciones. Sesiones Presenciales para aprender de expertos y aplicar habilidades pr\u00e1cticas.\" \/>\n<meta name=\"robots\" content=\"index, follow, max-snippet:-1, max-image-preview:large, max-video-preview:-1\" \/>\n<link rel=\"canonical\" href=\"https:\/\/utel.mx\/blog\/cursos-y-diplomados\/sesiones-presenciales-especializacion\/\" \/>\n<meta property=\"og:locale\" content=\"es_ES\" \/>\n<meta property=\"og:type\" content=\"article\" \/>\n<meta property=\"og:title\" content=\"Suma Sesiones Presenciales a tu carrera profesional - BLOG | Utel\" \/>\n<meta property=\"og:description\" content=\"Fortalece tu carrera profesional con Especializaciones. Sesiones Presenciales para aprender de expertos y aplicar habilidades pr\u00e1cticas.\" \/>\n<meta property=\"og:url\" content=\"https:\/\/utel.mx\/blog\/cursos-y-diplomados\/sesiones-presenciales-especializacion\/\" \/>\n<meta property=\"og:site_name\" content=\"BLOG | Utel\" \/>\n<meta property=\"article:published_time\" content=\"2024-04-03T18:12:11+00:00\" \/>\n<meta property=\"article:modified_time\" content=\"2025-12-02T23:10:24+00:00\" \/>\n<meta property=\"og:image\" content=\"https:\/\/utel.mx\/blog\/wp-content\/uploads\/2024\/04\/Sesiones-Presenciales-Especializacion-Utel-1.png\" \/>\n\t<meta property=\"og:image:width\" content=\"600\" \/>\n\t<meta property=\"og:image:height\" content=\"300\" \/>\n\t<meta property=\"og:image:type\" content=\"image\/png\" \/>\n<meta name=\"author\" content=\"Lucia S\" \/>\n<meta name=\"twitter:label1\" content=\"Written by\" \/>\n\t<meta name=\"twitter:data1\" content=\"Lucia S\" \/>\n\t<meta name=\"twitter:label2\" content=\"Est. reading time\" \/>\n\t<meta name=\"twitter:data2\" content=\"3 minutos\" \/>\n<script type=\"application\/ld+json\" class=\"yoast-schema-graph\">{\"@context\":\"https:\/\/schema.org\",\"@graph\":[{\"@type\":\"Article\",\"@id\":\"https:\/\/utel.mx\/blog\/cursos-y-diplomados\/sesiones-presenciales-especializacion\/#article\",\"isPartOf\":{\"@id\":\"https:\/\/utel.mx\/blog\/cursos-y-diplomados\/sesiones-presenciales-especializacion\/\"},\"author\":{\"name\":\"Lucia S\",\"@id\":\"https:\/\/utel.mx\/blog\/#\/schema\/person\/a9c2e69124b9fd55816d38dcd975fb43\"},\"headline\":\"Suma Sesiones Presenciales a tu carrera profesional\",\"datePublished\":\"2024-04-03T18:12:11+00:00\",\"dateModified\":\"2025-12-02T23:10:24+00:00\",\"mainEntityOfPage\":{\"@id\":\"https:\/\/utel.mx\/blog\/cursos-y-diplomados\/sesiones-presenciales-especializacion\/\"},\"wordCount\":573,\"publisher\":{\"@id\":\"https:\/\/utel.mx\/blog\/#organization\"},\"image\":{\"@id\":\"https:\/\/utel.mx\/blog\/cursos-y-diplomados\/sesiones-presenciales-especializacion\/#primaryimage\"},\"thumbnailUrl\":\"https:\/\/utel.mx\/blog\/wp-content\/uploads\/2024\/04\/Sesiones-Presenciales-Especializacion-Utel-1.png\",\"articleSection\":[\"Cursos y diplomados\"],\"inLanguage\":\"es\"},{\"@type\":\"WebPage\",\"@id\":\"https:\/\/utel.mx\/blog\/cursos-y-diplomados\/sesiones-presenciales-especializacion\/\",\"url\":\"https:\/\/utel.mx\/blog\/cursos-y-diplomados\/sesiones-presenciales-especializacion\/\",\"name\":\"Suma Sesiones Presenciales a tu carrera profesional - BLOG | Utel\",\"isPartOf\":{\"@id\":\"https:\/\/utel.mx\/blog\/#website\"},\"primaryImageOfPage\":{\"@id\":\"https:\/\/utel.mx\/blog\/cursos-y-diplomados\/sesiones-presenciales-especializacion\/#primaryimage\"},\"image\":{\"@id\":\"https:\/\/utel.mx\/blog\/cursos-y-diplomados\/sesiones-presenciales-especializacion\/#primaryimage\"},\"thumbnailUrl\":\"https:\/\/utel.mx\/blog\/wp-content\/uploads\/2024\/04\/Sesiones-Presenciales-Especializacion-Utel-1.png\",\"datePublished\":\"2024-04-03T18:12:11+00:00\",\"dateModified\":\"2025-12-02T23:10:24+00:00\",\"description\":\"Fortalece tu carrera profesional con Especializaciones. Sesiones Presenciales para aprender de expertos y aplicar habilidades pr\u00e1cticas.\",\"breadcrumb\":{\"@id\":\"https:\/\/utel.mx\/blog\/cursos-y-diplomados\/sesiones-presenciales-especializacion\/#breadcrumb\"},\"inLanguage\":\"es\",\"potentialAction\":[{\"@type\":\"ReadAction\",\"target\":[\"https:\/\/utel.mx\/blog\/cursos-y-diplomados\/sesiones-presenciales-especializacion\/\"]}]},{\"@type\":\"ImageObject\",\"inLanguage\":\"es\",\"@id\":\"https:\/\/utel.mx\/blog\/cursos-y-diplomados\/sesiones-presenciales-especializacion\/#primaryimage\",\"url\":\"https:\/\/utel.mx\/blog\/wp-content\/uploads\/2024\/04\/Sesiones-Presenciales-Especializacion-Utel-1.png\",\"contentUrl\":\"https:\/\/utel.mx\/blog\/wp-content\/uploads\/2024\/04\/Sesiones-Presenciales-Especializacion-Utel-1.png\",\"width\":600,\"height\":300,\"caption\":\"Sesiones Presenciales Especializaci\u00f3n Utel\"},{\"@type\":\"BreadcrumbList\",\"@id\":\"https:\/\/utel.mx\/blog\/cursos-y-diplomados\/sesiones-presenciales-especializacion\/#breadcrumb\",\"itemListElement\":[{\"@type\":\"ListItem\",\"position\":1,\"name\":\"Home\",\"item\":\"https:\/\/utel.mx\/blog\/\"},{\"@type\":\"ListItem\",\"position\":2,\"name\":\"Suma Sesiones Presenciales a tu carrera profesional\"}]},{\"@type\":\"WebSite\",\"@id\":\"https:\/\/utel.mx\/blog\/#website\",\"url\":\"https:\/\/utel.mx\/blog\/\",\"name\":\"BLOG | Utel\",\"description\":\"Blog UTEL Universidad en L\u00ednea\",\"publisher\":{\"@id\":\"https:\/\/utel.mx\/blog\/#organization\"},\"potentialAction\":[{\"@type\":\"SearchAction\",\"target\":{\"@type\":\"EntryPoint\",\"urlTemplate\":\"https:\/\/utel.mx\/blog\/?s={search_term_string}\"},\"query-input\":{\"@type\":\"PropertyValueSpecification\",\"valueRequired\":true,\"valueName\":\"search_term_string\"}}],\"inLanguage\":\"es\"},{\"@type\":\"Organization\",\"@id\":\"https:\/\/utel.mx\/blog\/#organization\",\"name\":\"BLOG | Utel\",\"url\":\"https:\/\/utel.mx\/blog\/\",\"logo\":{\"@type\":\"ImageObject\",\"inLanguage\":\"es\",\"@id\":\"https:\/\/utel.mx\/blog\/#\/schema\/logo\/image\/\",\"url\":\"https:\/\/utel.mx\/blog\/wp-content\/uploads\/2023\/03\/cropped-logo-blog.png\",\"contentUrl\":\"https:\/\/utel.mx\/blog\/wp-content\/uploads\/2023\/03\/cropped-logo-blog.png\",\"width\":237,\"height\":64,\"caption\":\"BLOG | Utel\"},\"image\":{\"@id\":\"https:\/\/utel.mx\/blog\/#\/schema\/logo\/image\/\"}},{\"@type\":\"Person\",\"@id\":\"https:\/\/utel.mx\/blog\/#\/schema\/person\/a9c2e69124b9fd55816d38dcd975fb43\",\"name\":\"Lucia S\",\"image\":{\"@type\":\"ImageObject\",\"inLanguage\":\"es\",\"@id\":\"https:\/\/utel.mx\/blog\/#\/schema\/person\/image\/\",\"url\":\"https:\/\/secure.gravatar.com\/avatar\/64379c35b7e02ad17b325ef1d7db5b32?s=96&d=mm&r=g\",\"contentUrl\":\"https:\/\/secure.gravatar.com\/avatar\/64379c35b7e02ad17b325ef1d7db5b32?s=96&d=mm&r=g\",\"caption\":\"Lucia S\"}}]}<\/script>\n<!-- \/ Yoast SEO plugin. -->","yoast_head_json":{"title":"Suma Sesiones Presenciales a tu carrera profesional - BLOG | Utel","description":"Fortalece tu carrera profesional con Especializaciones. Sesiones Presenciales para aprender de expertos y aplicar habilidades pr\u00e1cticas.","robots":{"index":"index","follow":"follow","max-snippet":"max-snippet:-1","max-image-preview":"max-image-preview:large","max-video-preview":"max-video-preview:-1"},"canonical":"https:\/\/utel.mx\/blog\/cursos-y-diplomados\/sesiones-presenciales-especializacion\/","og_locale":"es_ES","og_type":"article","og_title":"Suma Sesiones Presenciales a tu carrera profesional - BLOG | Utel","og_description":"Fortalece tu carrera profesional con Especializaciones. Sesiones Presenciales para aprender de expertos y aplicar habilidades pr\u00e1cticas.","og_url":"https:\/\/utel.mx\/blog\/cursos-y-diplomados\/sesiones-presenciales-especializacion\/","og_site_name":"BLOG | Utel","article_published_time":"2024-04-03T18:12:11+00:00","article_modified_time":"2025-12-02T23:10:24+00:00","og_image":[{"width":600,"height":300,"url":"https:\/\/utel.mx\/blog\/wp-content\/uploads\/2024\/04\/Sesiones-Presenciales-Especializacion-Utel-1.png","type":"image\/png"}],"author":"Lucia S","twitter_misc":{"Written by":"Lucia S","Est. reading time":"3 minutos"},"schema":{"@context":"https:\/\/schema.org","@graph":[{"@type":"Article","@id":"https:\/\/utel.mx\/blog\/cursos-y-diplomados\/sesiones-presenciales-especializacion\/#article","isPartOf":{"@id":"https:\/\/utel.mx\/blog\/cursos-y-diplomados\/sesiones-presenciales-especializacion\/"},"author":{"name":"Lucia S","@id":"https:\/\/utel.mx\/blog\/#\/schema\/person\/a9c2e69124b9fd55816d38dcd975fb43"},"headline":"Suma Sesiones Presenciales a tu carrera profesional","datePublished":"2024-04-03T18:12:11+00:00","dateModified":"2025-12-02T23:10:24+00:00","mainEntityOfPage":{"@id":"https:\/\/utel.mx\/blog\/cursos-y-diplomados\/sesiones-presenciales-especializacion\/"},"wordCount":573,"publisher":{"@id":"https:\/\/utel.mx\/blog\/#organization"},"image":{"@id":"https:\/\/utel.mx\/blog\/cursos-y-diplomados\/sesiones-presenciales-especializacion\/#primaryimage"},"thumbnailUrl":"https:\/\/utel.mx\/blog\/wp-content\/uploads\/2024\/04\/Sesiones-Presenciales-Especializacion-Utel-1.png","articleSection":["Cursos y diplomados"],"inLanguage":"es"},{"@type":"WebPage","@id":"https:\/\/utel.mx\/blog\/cursos-y-diplomados\/sesiones-presenciales-especializacion\/","url":"https:\/\/utel.mx\/blog\/cursos-y-diplomados\/sesiones-presenciales-especializacion\/","name":"Suma Sesiones Presenciales a tu carrera profesional - BLOG | Utel","isPartOf":{"@id":"https:\/\/utel.mx\/blog\/#website"},"primaryImageOfPage":{"@id":"https:\/\/utel.mx\/blog\/cursos-y-diplomados\/sesiones-presenciales-especializacion\/#primaryimage"},"image":{"@id":"https:\/\/utel.mx\/blog\/cursos-y-diplomados\/sesiones-presenciales-especializacion\/#primaryimage"},"thumbnailUrl":"https:\/\/utel.mx\/blog\/wp-content\/uploads\/2024\/04\/Sesiones-Presenciales-Especializacion-Utel-1.png","datePublished":"2024-04-03T18:12:11+00:00","dateModified":"2025-12-02T23:10:24+00:00","description":"Fortalece tu carrera profesional con Especializaciones. Sesiones Presenciales para aprender de expertos y aplicar habilidades pr\u00e1cticas.","breadcrumb":{"@id":"https:\/\/utel.mx\/blog\/cursos-y-diplomados\/sesiones-presenciales-especializacion\/#breadcrumb"},"inLanguage":"es","potentialAction":[{"@type":"ReadAction","target":["https:\/\/utel.mx\/blog\/cursos-y-diplomados\/sesiones-presenciales-especializacion\/"]}]},{"@type":"ImageObject","inLanguage":"es","@id":"https:\/\/utel.mx\/blog\/cursos-y-diplomados\/sesiones-presenciales-especializacion\/#primaryimage","url":"https:\/\/utel.mx\/blog\/wp-content\/uploads\/2024\/04\/Sesiones-Presenciales-Especializacion-Utel-1.png","contentUrl":"https:\/\/utel.mx\/blog\/wp-content\/uploads\/2024\/04\/Sesiones-Presenciales-Especializacion-Utel-1.png","width":600,"height":300,"caption":"Sesiones Presenciales Especializaci\u00f3n Utel"},{"@type":"BreadcrumbList","@id":"https:\/\/utel.mx\/blog\/cursos-y-diplomados\/sesiones-presenciales-especializacion\/#breadcrumb","itemListElement":[{"@type":"ListItem","position":1,"name":"Home","item":"https:\/\/utel.mx\/blog\/"},{"@type":"ListItem","position":2,"name":"Suma Sesiones Presenciales a tu carrera profesional"}]},{"@type":"WebSite","@id":"https:\/\/utel.mx\/blog\/#website","url":"https:\/\/utel.mx\/blog\/","name":"BLOG | Utel","description":"Blog UTEL Universidad en L\u00ednea","publisher":{"@id":"https:\/\/utel.mx\/blog\/#organization"},"potentialAction":[{"@type":"SearchAction","target":{"@type":"EntryPoint","urlTemplate":"https:\/\/utel.mx\/blog\/?s={search_term_string}"},"query-input":{"@type":"PropertyValueSpecification","valueRequired":true,"valueName":"search_term_string"}}],"inLanguage":"es"},{"@type":"Organization","@id":"https:\/\/utel.mx\/blog\/#organization","name":"BLOG | Utel","url":"https:\/\/utel.mx\/blog\/","logo":{"@type":"ImageObject","inLanguage":"es","@id":"https:\/\/utel.mx\/blog\/#\/schema\/logo\/image\/","url":"https:\/\/utel.mx\/blog\/wp-content\/uploads\/2023\/03\/cropped-logo-blog.png","contentUrl":"https:\/\/utel.mx\/blog\/wp-content\/uploads\/2023\/03\/cropped-logo-blog.png","width":237,"height":64,"caption":"BLOG | Utel"},"image":{"@id":"https:\/\/utel.mx\/blog\/#\/schema\/logo\/image\/"}},{"@type":"Person","@id":"https:\/\/utel.mx\/blog\/#\/schema\/person\/a9c2e69124b9fd55816d38dcd975fb43","name":"Lucia S","image":{"@type":"ImageObject","inLanguage":"es","@id":"https:\/\/utel.mx\/blog\/#\/schema\/person\/image\/","url":"https:\/\/secure.gravatar.com\/avatar\/64379c35b7e02ad17b325ef1d7db5b32?s=96&d=mm&r=g","contentUrl":"https:\/\/secure.gravatar.com\/avatar\/64379c35b7e02ad17b325ef1d7db5b32?s=96&d=mm&r=g","caption":"Lucia S"}}]}},"_links":{"self":[{"href":"https:\/\/utel.mx\/blog\/wp-json\/wp\/v2\/posts\/48877","targetHints":{"allow":["GET"]}}],"collection":[{"href":"https:\/\/utel.mx\/blog\/wp-json\/wp\/v2\/posts"}],"about":[{"href":"https:\/\/utel.mx\/blog\/wp-json\/wp\/v2\/types\/post"}],"author":[{"embeddable":true,"href":"https:\/\/utel.mx\/blog\/wp-json\/wp\/v2\/users\/79"}],"replies":[{"embeddable":true,"href":"https:\/\/utel.mx\/blog\/wp-json\/wp\/v2\/comments?post=48877"}],"version-history":[{"count":11,"href":"https:\/\/utel.mx\/blog\/wp-json\/wp\/v2\/posts\/48877\/revisions"}],"predecessor-version":[{"id":51691,"href":"https:\/\/utel.mx\/blog\/wp-json\/wp\/v2\/posts\/48877\/revisions\/51691"}],"wp:featuredmedia":[{"embeddable":true,"href":"https:\/\/utel.mx\/blog\/wp-json\/wp\/v2\/media\/48888"}],"wp:attachment":[{"href":"https:\/\/utel.mx\/blog\/wp-json\/wp\/v2\/media?parent=48877"}],"wp:term":[{"taxonomy":"category","embeddable":true,"href":"https:\/\/utel.mx\/blog\/wp-json\/wp\/v2\/categories?post=48877"},{"taxonomy":"post_tag","embeddable":true,"href":"https:\/\/utel.mx\/blog\/wp-json\/wp\/v2\/tags?post=48877"}],"curies":[{"name":"wp","href":"https:\/\/api.w.org\/{rel}","templated":true}]}}