{"id":49152,"date":"2024-05-22T21:02:44","date_gmt":"2024-05-22T21:02:44","guid":{"rendered":"https:\/\/utel.mx\/blog\/?p=49152"},"modified":"2024-05-22T22:18:43","modified_gmt":"2024-05-22T22:18:43","slug":"discurso-rector-utel-monterrey-2024","status":"publish","type":"post","link":"https:\/\/utel.mx\/blog\/graduacion-utel\/discurso-rector-utel-monterrey-2024\/","title":{"rendered":"<strong>Reflexiones inspiradoras: Discurso de Graduaci\u00f3n Utel Monterrey 2024<\/strong>"},"content":{"rendered":"\n<p>Este 18 de mayo se llev\u00f3 a cabo la graduaci\u00f3n de Utel Monterrey 2024, una ceremonia en la que presenciamos las m\u00e1s de 100 historias de esfuerzo, dedicaci\u00f3n y compromiso de nuestros egresados.&nbsp;<\/p>\n\n\n\n<p>En este magno evento la Vicerrectora Acad\u00e9mica, Claudia Mej\u00eda, en representaci\u00f3n del rector David Stofemancher, inici\u00f3 el discurso con una historia que nos trae un mensaje inspirador sobre los retos a los que nos enfrentamos a diario y los aprendizajes que nos dejan, as\u00ed como tambi\u00e9n nos comparti\u00f3 un poderoso mensaje sobre la importancia de la educaci\u00f3n en nuestras vidas.&nbsp;<\/p>\n\n\n\n<p><strong>Discurso en representaci\u00f3n del Rector de Utel&nbsp;<\/strong><\/p>\n\n\n\n<p class=\"has-text-align-left\"><em>\u00abQueridos graduados, profesores, padres y estimados miembros del presidium agradecemos que est\u00e9n con nosotros el d\u00eda de hoy. A nombre de nuestro Rector, el Maestro David Stofenmancher, les doy las gracias por estar con nosotros en este d\u00eda de celebraci\u00f3n.<\/em><\/p>\n\n\n\n<p class=\"has-text-align-left\"><em>Hoy les quiero compartir la historia de un ni\u00f1o, que un d\u00eda, caminando por la playa, not\u00f3 que miles de estrellas de mar se quedaron varadas debido a una marea baja. A pesar del gran desaf\u00edo que supon\u00eda, sin pensarlo, ni dudarlo, el ni\u00f1o comenz\u00f3 a recoger una por una y las regresaba al mar.\u00a0<\/em><\/p>\n\n\n\n<p class=\"has-text-align-left\"><em>Al observar esto, un hombre que pasaba por ah\u00ed le dijo: \u201cHay miles de estrellas de mar en la playa. \u00bfQu\u00e9 diferencia hace lanzar unas cuantas de vuelta al oc\u00e9ano?\u201d El ni\u00f1o recogi\u00f3 otra estrella, la lanz\u00f3 de regreso y respondi\u00f3: \u201cPara esa estrella de mar, hace toda la diferencia del mundo\u201d<\/em>.<\/p>\n\n\n\n<p class=\"has-text-align-left\"><em>Esta historia, queridos graduados, nos invita a reflexionar, entre otras cosas, sobre el mundo que habitamos, tan complejo que, en algunas ocasiones, parece avasallador, \u00bfno es cierto?\u00a0<\/em><\/p>\n\n\n\n<p class=\"has-text-align-left\"><em>D\u00eda a d\u00eda escuchamos las noticias, caminamos por las calles, conducimos al trabajo, cruzamos miradas en el transporte, y \u00bfqu\u00e9 es lo que vemos? Realidades diversas, complejas, diferencias -en ocasiones, atroces-, circunstancias y necesidades. Todo esto podemos resumirlo en una sola palabra: estas realidades representan desaf\u00edos.\u00a0<\/em><\/p>\n\n\n\n<p class=\"has-text-align-left\"><em>Los desaf\u00edos son como las olas del mar, a veces imponentes y temibles; otras suaves y reconfortantes. Los desaf\u00edos son la tela en la que tejemos nuestra historia, los cap\u00edtulos que nos definen como personas y que inspiran a otros a seguir nuestro ejemplo. Lo que es un hecho, es que representan la oportunidad de demostrar nuestra fortaleza interior de superar nuestros l\u00edmites y de crecer en sabidur\u00eda y experiencia.\u00a0<\/em><\/p>\n\n\n\n<p class=\"has-text-align-left\"><em>Lo extraordinario de cada desaf\u00edo que enfrentamos, lo superemos o no, es que nos moldea, forja nuestra personalidad y car\u00e1cter y nos ense\u00f1a lecciones que de otra manera no podr\u00edamos aprender. Nos brinda, adem\u00e1s, la oportunidad de convertirnos en versiones m\u00e1s aut\u00e9nticas y resilientes de nosotros mismos.\u00a0<\/em><\/p>\n\n\n\n<p class=\"has-text-align-left\"><em>Hoy, al graduarse, les tengo una noticia, adquieren un papel protag\u00f3nico ante esos desaf\u00edos que la realidad nos impone apenas ponemos un pie fuera de casa y no nos podemos permitir ignorarlos. Porque, como dijo Elie Wiesel, un activista y sobreviviente del Holocausto, \u2018\u2018nada es m\u00e1s peligroso que la indiferencia\u2019\u2019.&nbsp;<\/em><\/p>\n\n\n\n<p class=\"has-text-align-left\"><em>Estamos de manteles largos, celebrando sus logros acad\u00e9micos e individuales, pero tambi\u00e9n quisiera que celebremos abrazar la responsabilidad de forjar un futuro mejor para ustedes mismos y para el mundo que compartimos.&nbsp;<\/em><\/p>\n\n\n\n<p class=\"has-text-align-left\"><em>La educaci\u00f3n, en su esencia, nos desaf\u00eda a pensar cr\u00edticamente, a cuestionar lo que vemos y a buscar soluciones innovadoras para los problemas que enfrentamos. Nos prepara para navegar el mundo moderno, colmado de retos y, sobre todo, nos debe inspirar a ser no solo profesionales, empleados o empleadores, sino a asumirnos desde ya como agentes de cambio positivo en nuestras comunidades y m\u00e1s all\u00e1.&nbsp;<\/em><\/p>\n\n\n\n<p class=\"has-text-align-left\"><em>Graduados, no se permitan ser indiferentes, porque el planeta los necesita m\u00e1s que nunca y les adelanto que no ser\u00e1 nunca una tarea sencilla. Ante esta maravillosa oportunidad de hacer la diferencia \u00bfqu\u00e9 necesitamos?&nbsp;<\/em><\/p>\n\n\n\n<p class=\"has-text-align-left\"><em>Necesitaremos, entre otras cosas,<\/em><strong><em> determinaci\u00f3n<\/em><\/strong><em> para perseverar cuando las cosas se compliquen, para mantenerse enfocados y para no rendirse nunca, aunque a veces eso parezca la salida m\u00e1s sencilla.&nbsp;<\/em><\/p>\n\n\n\n<p class=\"has-text-align-left\"><em>Necesitaremos<\/em><strong><em> esperanza<\/em><\/strong><em> para mantenerse fuertes y motivados, con la seguridad genuina de que todo puede ser mejor y que de peque\u00f1as acciones, se pueden lograr grandes, grandes cosas.&nbsp;<\/em><\/p>\n\n\n\n<p class=\"has-text-align-left\"><em>Necesitaremos tambi\u00e9n<\/em><strong><em> compasi\u00f3n<\/em><\/strong><em>, para recordar la importancia de cuidarnos unos a otros, ser emp\u00e1ticos y trabajar juntos para construir un mundo compasivo y solidario. Adem\u00e1s, aseg\u00farense de ser fieles a sus valores y principios, pues son la br\u00fajula que guiar\u00e1 sus decisiones en los momentos de mayor complejidad.\u00a0<\/em><\/p>\n\n\n\n<p class=\"has-text-align-left\"><em>Nunca pierdan la curiosidad y el deseo de aprender. El mundo est\u00e1 en constante cambio y evoluci\u00f3n, y quienes se mantienen abiertos a nuevas ideas y conocimientos, son quienes logran adaptarse y sobresalir en cualquier circunstancia.<\/em><\/p>\n\n\n\n<p class=\"has-text-align-left\"><em>Felicitaciones, graduados, y que sus acciones sean siempre guiadas por la compasi\u00f3n, la responsabilidad y la determinaci\u00f3n de hacer una diferencia. El mundo espera ansiosamente las contribuciones que cada uno de ustedes est\u00e1 destinado a hacer. Sigan adelante con confianza, coraje y valent\u00eda.\u00a0<\/em><\/p>\n\n\n\n<p class=\"has-text-align-left\"><em>Sean ese ni\u00f1o en la playa y nunca se cansen de llevar las estrellas de vuelta al mar.&nbsp;<\/em><\/p>\n\n\n\n<p class=\"has-text-align-left\"><strong><em>Muchas felicidades generaci\u00f3n Monterrey 2024<\/em><\/strong><em>\u00bb<\/em>.<\/p>\n\n\n\n<p>Estas fueron las emocionantes palabras compartidas por la Vicerrectora Acad\u00e9mica, en representaci\u00f3n de nuestro Rector David Stofenmancher, en la ceremonia de graduaci\u00f3n para los m\u00e1s de 100 egresados de Monterrey, quienes se llevaron un mensaje sobre el poder transformador de la empat\u00eda y la determinaci\u00f3n en la construcci\u00f3n de un futuro mejor para todos.<\/p>\n<div id=\"advads-2438987124\" class=\"advads-cta-lp-banner-form advads-entity-placement\"><a href=\"https:\/\/utel.mx\/blog\/admisiones-universidad-online\/?utm_source=blog&#038;utm_medium=CTAlink&#038;utm_campaign=MKTseo\" aria-label=\"Universidad en linea\"><img src=\"https:\/\/utel.mx\/blog\/wp-content\/uploads\/2025\/04\/universidad-en-linea-1.png\" alt=\"Universidad en linea\"  srcset=\"https:\/\/utel.mx\/blog\/wp-content\/uploads\/2025\/04\/universidad-en-linea-1.png 626w, https:\/\/utel.mx\/blog\/wp-content\/uploads\/2025\/04\/universidad-en-linea-1-420x168.png 420w\" sizes=\"(max-width: 626px) 100vw, 626px\" width=\"626\" height=\"250\"   \/><\/a><\/div>","protected":false},"excerpt":{"rendered":"<p> [&hellip;]<\/p>\n","protected":false},"author":77,"featured_media":49153,"comment_status":"closed","ping_status":"open","sticky":false,"template":"","format":"standard","meta":{"_acf_changed":false,"site-sidebar-layout":"default","site-content-layout":"","ast-site-content-layout":"","site-content-style":"default","site-sidebar-style":"default","ast-global-header-display":"","ast-banner-title-visibility":"","ast-main-header-display":"","ast-hfb-above-header-display":"","ast-hfb-below-header-display":"","ast-hfb-mobile-header-display":"","site-post-title":"","ast-breadcrumbs-content":"","ast-featured-img":"","footer-sml-layout":"","theme-transparent-header-meta":"","adv-header-id-meta":"","stick-header-meta":"","header-above-stick-meta":"","header-main-stick-meta":"","header-below-stick-meta":"","astra-migrate-meta-layouts":"default","ast-page-background-enabled":"default","ast-page-background-meta":{"desktop":{"background-color":"var(--ast-global-color-4)","background-image":"","background-repeat":"repeat","background-position":"center center","background-size":"auto","background-attachment":"scroll","background-type":"","background-media":"","overlay-type":"","overlay-color":"","overlay-gradient":""},"tablet":{"background-color":"","background-image":"","background-repeat":"repeat","background-position":"center center","background-size":"auto","background-attachment":"scroll","background-type":"","background-media":"","overlay-type":"","overlay-color":"","overlay-gradient":""},"mobile":{"background-color":"","background-image":"","background-repeat":"repeat","background-position":"center center","background-size":"auto","background-attachment":"scroll","background-type":"","background-media":"","overlay-type":"","overlay-color":"","overlay-gradient":""}},"ast-content-background-meta":{"desktop":{"background-color":"var(--ast-global-color-5)","background-image":"","background-repeat":"repeat","background-position":"center center","background-size":"auto","background-attachment":"scroll","background-type":"","background-media":"","overlay-type":"","overlay-color":"","overlay-gradient":""},"tablet":{"background-color":"var(--ast-global-color-5)","background-image":"","background-repeat":"repeat","background-position":"center center","background-size":"auto","background-attachment":"scroll","background-type":"","background-media":"","overlay-type":"","overlay-color":"","overlay-gradient":""},"mobile":{"background-color":"var(--ast-global-color-5)","background-image":"","background-repeat":"repeat","background-position":"center center","background-size":"auto","background-attachment":"scroll","background-type":"","background-media":"","overlay-type":"","overlay-color":"","overlay-gradient":""}},"footnotes":""},"categories":[3674],"tags":[],"class_list":["post-49152","post","type-post","status-publish","format-standard","has-post-thumbnail","hentry","category-graduacion-utel"],"acf":[],"yoast_head":"<!-- This site is optimized with the Yoast SEO plugin v26.8 - https:\/\/yoast.com\/product\/yoast-seo-wordpress\/ -->\n<title>Reflexiones inspiradoras: Discurso de Graduaci\u00f3n Utel Monterrey 2024 - BLOG | Utel<\/title>\n<meta name=\"description\" content=\"En la Graducaci\u00f3n Utel Monterrey 2024, la Vicerrectora Acad\u00e9mica, en representaci\u00f3n del Rector, nos comparte un discurso inspirador.\" \/>\n<meta name=\"robots\" content=\"index, follow, max-snippet:-1, max-image-preview:large, max-video-preview:-1\" \/>\n<link rel=\"canonical\" href=\"https:\/\/utel.mx\/blog\/graduacion-utel\/discurso-rector-utel-monterrey-2024\/\" \/>\n<meta property=\"og:locale\" content=\"es_ES\" \/>\n<meta property=\"og:type\" content=\"article\" \/>\n<meta property=\"og:title\" content=\"Reflexiones inspiradoras: Discurso de Graduaci\u00f3n Utel Monterrey 2024 - BLOG | Utel\" \/>\n<meta property=\"og:description\" content=\"En la Graducaci\u00f3n Utel Monterrey 2024, la Vicerrectora Acad\u00e9mica, en representaci\u00f3n del Rector, nos comparte un discurso inspirador.\" \/>\n<meta property=\"og:url\" content=\"https:\/\/utel.mx\/blog\/graduacion-utel\/discurso-rector-utel-monterrey-2024\/\" \/>\n<meta property=\"og:site_name\" content=\"BLOG | Utel\" \/>\n<meta property=\"article:published_time\" content=\"2024-05-22T21:02:44+00:00\" \/>\n<meta property=\"article:modified_time\" content=\"2024-05-22T22:18:43+00:00\" \/>\n<meta property=\"og:image\" content=\"https:\/\/utel.mx\/blog\/wp-content\/uploads\/2024\/05\/Headers_Blog_May24_14.png\" \/>\n\t<meta property=\"og:image:width\" content=\"600\" \/>\n\t<meta property=\"og:image:height\" content=\"300\" \/>\n\t<meta property=\"og:image:type\" content=\"image\/png\" \/>\n<meta name=\"author\" content=\"Rous\" \/>\n<meta name=\"twitter:label1\" content=\"Written by\" \/>\n\t<meta name=\"twitter:data1\" content=\"Rous\" \/>\n\t<meta name=\"twitter:label2\" content=\"Est. reading time\" \/>\n\t<meta name=\"twitter:data2\" content=\"5 minutos\" \/>\n<script type=\"application\/ld+json\" class=\"yoast-schema-graph\">{\"@context\":\"https:\/\/schema.org\",\"@graph\":[{\"@type\":\"Article\",\"@id\":\"https:\/\/utel.mx\/blog\/graduacion-utel\/discurso-rector-utel-monterrey-2024\/#article\",\"isPartOf\":{\"@id\":\"https:\/\/utel.mx\/blog\/graduacion-utel\/discurso-rector-utel-monterrey-2024\/\"},\"author\":{\"name\":\"Rous\",\"@id\":\"https:\/\/utel.mx\/blog\/#\/schema\/person\/4e2a0be91565e937db07582c862c4e1d\"},\"headline\":\"Reflexiones inspiradoras: Discurso de Graduaci\u00f3n Utel Monterrey 2024\",\"datePublished\":\"2024-05-22T21:02:44+00:00\",\"dateModified\":\"2024-05-22T22:18:43+00:00\",\"mainEntityOfPage\":{\"@id\":\"https:\/\/utel.mx\/blog\/graduacion-utel\/discurso-rector-utel-monterrey-2024\/\"},\"wordCount\":959,\"publisher\":{\"@id\":\"https:\/\/utel.mx\/blog\/#organization\"},\"image\":{\"@id\":\"https:\/\/utel.mx\/blog\/graduacion-utel\/discurso-rector-utel-monterrey-2024\/#primaryimage\"},\"thumbnailUrl\":\"https:\/\/utel.mx\/blog\/wp-content\/uploads\/2024\/05\/Headers_Blog_May24_14.png\",\"articleSection\":[\"Graduaci\u00f3n Utel\"],\"inLanguage\":\"es\"},{\"@type\":\"WebPage\",\"@id\":\"https:\/\/utel.mx\/blog\/graduacion-utel\/discurso-rector-utel-monterrey-2024\/\",\"url\":\"https:\/\/utel.mx\/blog\/graduacion-utel\/discurso-rector-utel-monterrey-2024\/\",\"name\":\"Reflexiones inspiradoras: Discurso de Graduaci\u00f3n Utel Monterrey 2024 - BLOG | Utel\",\"isPartOf\":{\"@id\":\"https:\/\/utel.mx\/blog\/#website\"},\"primaryImageOfPage\":{\"@id\":\"https:\/\/utel.mx\/blog\/graduacion-utel\/discurso-rector-utel-monterrey-2024\/#primaryimage\"},\"image\":{\"@id\":\"https:\/\/utel.mx\/blog\/graduacion-utel\/discurso-rector-utel-monterrey-2024\/#primaryimage\"},\"thumbnailUrl\":\"https:\/\/utel.mx\/blog\/wp-content\/uploads\/2024\/05\/Headers_Blog_May24_14.png\",\"datePublished\":\"2024-05-22T21:02:44+00:00\",\"dateModified\":\"2024-05-22T22:18:43+00:00\",\"description\":\"En la Graducaci\u00f3n Utel Monterrey 2024, la Vicerrectora Acad\u00e9mica, en representaci\u00f3n del Rector, nos comparte un discurso inspirador.\",\"breadcrumb\":{\"@id\":\"https:\/\/utel.mx\/blog\/graduacion-utel\/discurso-rector-utel-monterrey-2024\/#breadcrumb\"},\"inLanguage\":\"es\",\"potentialAction\":[{\"@type\":\"ReadAction\",\"target\":[\"https:\/\/utel.mx\/blog\/graduacion-utel\/discurso-rector-utel-monterrey-2024\/\"]}]},{\"@type\":\"ImageObject\",\"inLanguage\":\"es\",\"@id\":\"https:\/\/utel.mx\/blog\/graduacion-utel\/discurso-rector-utel-monterrey-2024\/#primaryimage\",\"url\":\"https:\/\/utel.mx\/blog\/wp-content\/uploads\/2024\/05\/Headers_Blog_May24_14.png\",\"contentUrl\":\"https:\/\/utel.mx\/blog\/wp-content\/uploads\/2024\/05\/Headers_Blog_May24_14.png\",\"width\":600,\"height\":300},{\"@type\":\"BreadcrumbList\",\"@id\":\"https:\/\/utel.mx\/blog\/graduacion-utel\/discurso-rector-utel-monterrey-2024\/#breadcrumb\",\"itemListElement\":[{\"@type\":\"ListItem\",\"position\":1,\"name\":\"Home\",\"item\":\"https:\/\/utel.mx\/blog\/\"},{\"@type\":\"ListItem\",\"position\":2,\"name\":\"Reflexiones inspiradoras: Discurso de Graduaci\u00f3n Utel Monterrey 2024\"}]},{\"@type\":\"WebSite\",\"@id\":\"https:\/\/utel.mx\/blog\/#website\",\"url\":\"https:\/\/utel.mx\/blog\/\",\"name\":\"BLOG | Utel\",\"description\":\"Blog UTEL Universidad en L\u00ednea\",\"publisher\":{\"@id\":\"https:\/\/utel.mx\/blog\/#organization\"},\"potentialAction\":[{\"@type\":\"SearchAction\",\"target\":{\"@type\":\"EntryPoint\",\"urlTemplate\":\"https:\/\/utel.mx\/blog\/?s={search_term_string}\"},\"query-input\":{\"@type\":\"PropertyValueSpecification\",\"valueRequired\":true,\"valueName\":\"search_term_string\"}}],\"inLanguage\":\"es\"},{\"@type\":\"Organization\",\"@id\":\"https:\/\/utel.mx\/blog\/#organization\",\"name\":\"BLOG | Utel\",\"url\":\"https:\/\/utel.mx\/blog\/\",\"logo\":{\"@type\":\"ImageObject\",\"inLanguage\":\"es\",\"@id\":\"https:\/\/utel.mx\/blog\/#\/schema\/logo\/image\/\",\"url\":\"https:\/\/utel.mx\/blog\/wp-content\/uploads\/2023\/03\/cropped-logo-blog.png\",\"contentUrl\":\"https:\/\/utel.mx\/blog\/wp-content\/uploads\/2023\/03\/cropped-logo-blog.png\",\"width\":237,\"height\":64,\"caption\":\"BLOG | Utel\"},\"image\":{\"@id\":\"https:\/\/utel.mx\/blog\/#\/schema\/logo\/image\/\"}},{\"@type\":\"Person\",\"@id\":\"https:\/\/utel.mx\/blog\/#\/schema\/person\/4e2a0be91565e937db07582c862c4e1d\",\"name\":\"Rous\",\"image\":{\"@type\":\"ImageObject\",\"inLanguage\":\"es\",\"@id\":\"https:\/\/utel.mx\/blog\/#\/schema\/person\/image\/\",\"url\":\"https:\/\/secure.gravatar.com\/avatar\/b08bffdc37c42e296372e505e7830285?s=96&d=mm&r=g\",\"contentUrl\":\"https:\/\/secure.gravatar.com\/avatar\/b08bffdc37c42e296372e505e7830285?s=96&d=mm&r=g\",\"caption\":\"Rous\"}}]}<\/script>\n<!-- \/ Yoast SEO plugin. -->","yoast_head_json":{"title":"Reflexiones inspiradoras: Discurso de Graduaci\u00f3n Utel Monterrey 2024 - BLOG | Utel","description":"En la Graducaci\u00f3n Utel Monterrey 2024, la Vicerrectora Acad\u00e9mica, en representaci\u00f3n del Rector, nos comparte un discurso inspirador.","robots":{"index":"index","follow":"follow","max-snippet":"max-snippet:-1","max-image-preview":"max-image-preview:large","max-video-preview":"max-video-preview:-1"},"canonical":"https:\/\/utel.mx\/blog\/graduacion-utel\/discurso-rector-utel-monterrey-2024\/","og_locale":"es_ES","og_type":"article","og_title":"Reflexiones inspiradoras: Discurso de Graduaci\u00f3n Utel Monterrey 2024 - BLOG | Utel","og_description":"En la Graducaci\u00f3n Utel Monterrey 2024, la Vicerrectora Acad\u00e9mica, en representaci\u00f3n del Rector, nos comparte un discurso inspirador.","og_url":"https:\/\/utel.mx\/blog\/graduacion-utel\/discurso-rector-utel-monterrey-2024\/","og_site_name":"BLOG | Utel","article_published_time":"2024-05-22T21:02:44+00:00","article_modified_time":"2024-05-22T22:18:43+00:00","og_image":[{"width":600,"height":300,"url":"https:\/\/utel.mx\/blog\/wp-content\/uploads\/2024\/05\/Headers_Blog_May24_14.png","type":"image\/png"}],"author":"Rous","twitter_misc":{"Written by":"Rous","Est. reading time":"5 minutos"},"schema":{"@context":"https:\/\/schema.org","@graph":[{"@type":"Article","@id":"https:\/\/utel.mx\/blog\/graduacion-utel\/discurso-rector-utel-monterrey-2024\/#article","isPartOf":{"@id":"https:\/\/utel.mx\/blog\/graduacion-utel\/discurso-rector-utel-monterrey-2024\/"},"author":{"name":"Rous","@id":"https:\/\/utel.mx\/blog\/#\/schema\/person\/4e2a0be91565e937db07582c862c4e1d"},"headline":"Reflexiones inspiradoras: Discurso de Graduaci\u00f3n Utel Monterrey 2024","datePublished":"2024-05-22T21:02:44+00:00","dateModified":"2024-05-22T22:18:43+00:00","mainEntityOfPage":{"@id":"https:\/\/utel.mx\/blog\/graduacion-utel\/discurso-rector-utel-monterrey-2024\/"},"wordCount":959,"publisher":{"@id":"https:\/\/utel.mx\/blog\/#organization"},"image":{"@id":"https:\/\/utel.mx\/blog\/graduacion-utel\/discurso-rector-utel-monterrey-2024\/#primaryimage"},"thumbnailUrl":"https:\/\/utel.mx\/blog\/wp-content\/uploads\/2024\/05\/Headers_Blog_May24_14.png","articleSection":["Graduaci\u00f3n Utel"],"inLanguage":"es"},{"@type":"WebPage","@id":"https:\/\/utel.mx\/blog\/graduacion-utel\/discurso-rector-utel-monterrey-2024\/","url":"https:\/\/utel.mx\/blog\/graduacion-utel\/discurso-rector-utel-monterrey-2024\/","name":"Reflexiones inspiradoras: Discurso de Graduaci\u00f3n Utel Monterrey 2024 - BLOG | Utel","isPartOf":{"@id":"https:\/\/utel.mx\/blog\/#website"},"primaryImageOfPage":{"@id":"https:\/\/utel.mx\/blog\/graduacion-utel\/discurso-rector-utel-monterrey-2024\/#primaryimage"},"image":{"@id":"https:\/\/utel.mx\/blog\/graduacion-utel\/discurso-rector-utel-monterrey-2024\/#primaryimage"},"thumbnailUrl":"https:\/\/utel.mx\/blog\/wp-content\/uploads\/2024\/05\/Headers_Blog_May24_14.png","datePublished":"2024-05-22T21:02:44+00:00","dateModified":"2024-05-22T22:18:43+00:00","description":"En la Graducaci\u00f3n Utel Monterrey 2024, la Vicerrectora Acad\u00e9mica, en representaci\u00f3n del Rector, nos comparte un discurso inspirador.","breadcrumb":{"@id":"https:\/\/utel.mx\/blog\/graduacion-utel\/discurso-rector-utel-monterrey-2024\/#breadcrumb"},"inLanguage":"es","potentialAction":[{"@type":"ReadAction","target":["https:\/\/utel.mx\/blog\/graduacion-utel\/discurso-rector-utel-monterrey-2024\/"]}]},{"@type":"ImageObject","inLanguage":"es","@id":"https:\/\/utel.mx\/blog\/graduacion-utel\/discurso-rector-utel-monterrey-2024\/#primaryimage","url":"https:\/\/utel.mx\/blog\/wp-content\/uploads\/2024\/05\/Headers_Blog_May24_14.png","contentUrl":"https:\/\/utel.mx\/blog\/wp-content\/uploads\/2024\/05\/Headers_Blog_May24_14.png","width":600,"height":300},{"@type":"BreadcrumbList","@id":"https:\/\/utel.mx\/blog\/graduacion-utel\/discurso-rector-utel-monterrey-2024\/#breadcrumb","itemListElement":[{"@type":"ListItem","position":1,"name":"Home","item":"https:\/\/utel.mx\/blog\/"},{"@type":"ListItem","position":2,"name":"Reflexiones inspiradoras: Discurso de Graduaci\u00f3n Utel Monterrey 2024"}]},{"@type":"WebSite","@id":"https:\/\/utel.mx\/blog\/#website","url":"https:\/\/utel.mx\/blog\/","name":"BLOG | Utel","description":"Blog UTEL Universidad en L\u00ednea","publisher":{"@id":"https:\/\/utel.mx\/blog\/#organization"},"potentialAction":[{"@type":"SearchAction","target":{"@type":"EntryPoint","urlTemplate":"https:\/\/utel.mx\/blog\/?s={search_term_string}"},"query-input":{"@type":"PropertyValueSpecification","valueRequired":true,"valueName":"search_term_string"}}],"inLanguage":"es"},{"@type":"Organization","@id":"https:\/\/utel.mx\/blog\/#organization","name":"BLOG | Utel","url":"https:\/\/utel.mx\/blog\/","logo":{"@type":"ImageObject","inLanguage":"es","@id":"https:\/\/utel.mx\/blog\/#\/schema\/logo\/image\/","url":"https:\/\/utel.mx\/blog\/wp-content\/uploads\/2023\/03\/cropped-logo-blog.png","contentUrl":"https:\/\/utel.mx\/blog\/wp-content\/uploads\/2023\/03\/cropped-logo-blog.png","width":237,"height":64,"caption":"BLOG | Utel"},"image":{"@id":"https:\/\/utel.mx\/blog\/#\/schema\/logo\/image\/"}},{"@type":"Person","@id":"https:\/\/utel.mx\/blog\/#\/schema\/person\/4e2a0be91565e937db07582c862c4e1d","name":"Rous","image":{"@type":"ImageObject","inLanguage":"es","@id":"https:\/\/utel.mx\/blog\/#\/schema\/person\/image\/","url":"https:\/\/secure.gravatar.com\/avatar\/b08bffdc37c42e296372e505e7830285?s=96&d=mm&r=g","contentUrl":"https:\/\/secure.gravatar.com\/avatar\/b08bffdc37c42e296372e505e7830285?s=96&d=mm&r=g","caption":"Rous"}}]}},"_links":{"self":[{"href":"https:\/\/utel.mx\/blog\/wp-json\/wp\/v2\/posts\/49152","targetHints":{"allow":["GET"]}}],"collection":[{"href":"https:\/\/utel.mx\/blog\/wp-json\/wp\/v2\/posts"}],"about":[{"href":"https:\/\/utel.mx\/blog\/wp-json\/wp\/v2\/types\/post"}],"author":[{"embeddable":true,"href":"https:\/\/utel.mx\/blog\/wp-json\/wp\/v2\/users\/77"}],"replies":[{"embeddable":true,"href":"https:\/\/utel.mx\/blog\/wp-json\/wp\/v2\/comments?post=49152"}],"version-history":[{"count":6,"href":"https:\/\/utel.mx\/blog\/wp-json\/wp\/v2\/posts\/49152\/revisions"}],"predecessor-version":[{"id":49163,"href":"https:\/\/utel.mx\/blog\/wp-json\/wp\/v2\/posts\/49152\/revisions\/49163"}],"wp:featuredmedia":[{"embeddable":true,"href":"https:\/\/utel.mx\/blog\/wp-json\/wp\/v2\/media\/49153"}],"wp:attachment":[{"href":"https:\/\/utel.mx\/blog\/wp-json\/wp\/v2\/media?parent=49152"}],"wp:term":[{"taxonomy":"category","embeddable":true,"href":"https:\/\/utel.mx\/blog\/wp-json\/wp\/v2\/categories?post=49152"},{"taxonomy":"post_tag","embeddable":true,"href":"https:\/\/utel.mx\/blog\/wp-json\/wp\/v2\/tags?post=49152"}],"curies":[{"name":"wp","href":"https:\/\/api.w.org\/{rel}","templated":true}]}}