{"id":50245,"date":"2025-02-07T17:00:28","date_gmt":"2025-02-07T17:00:28","guid":{"rendered":"https:\/\/utel.mx\/blog\/?p=50245"},"modified":"2025-02-10T20:49:59","modified_gmt":"2025-02-10T20:49:59","slug":"conectate-con-mas-oportunidades-en-la-feria-de-empleo-utel-2025","status":"publish","type":"post","link":"https:\/\/utel.mx\/blog\/expansion-profesional\/conectate-con-mas-oportunidades-en-la-feria-de-empleo-utel-2025\/","title":{"rendered":"Con\u00e9ctate con m\u00e1s oportunidades en la Feria de Empleo Utel 2025"},"content":{"rendered":"\n<p>El pr\u00f3ximo <strong>22 de marzo<\/strong>, llega la <strong>6ta edici\u00f3n de la Feria de Empleo Utel<\/strong>, en alianza con <strong>OCC Mundial<\/strong>, la bolsa de trabajo m\u00e1s grande de M\u00e9xico y <strong>Computrabajo<\/strong>, la plataforma de empleo l\u00edder en Latinoam\u00e9rica. Un evento, tanto <strong>virtual como presencial,<\/strong> dise\u00f1ado para ayudarte a conectar con m\u00e1s de 100 empresas l\u00edderes en el mercado, dar el siguiente paso en tu carrera y encontrar tu pr\u00f3ximo empleo.\u00a0<\/p>\n\n\n\n<div class=\"wp-block-buttons is-content-justification-center is-layout-flex wp-container-core-buttons-is-layout-1 wp-block-buttons-is-layout-flex\">\n<div class=\"wp-block-button\"><a class=\"wp-block-button__link has-text-align-center wp-element-button\" href=\"https:\/\/utel.edu.mx\/feria-de-empleo?utm_source=Blog&amp;utm_medium=CTAlink&amp;utm_campaign=FeriaEmpleo2025&amp;utm_content=registro-blog-feria-empleo-7-feb-2025\"><strong>Reg\u00edstrate aqu\u00ed<\/strong><\/a><\/div>\n<\/div>\n\n\n\n<p><\/p>\n\n\n\n<h2 class=\"wp-block-heading\"><strong>Un evento gratis para quienes buscan crecer<\/strong><\/h2>\n\n\n\n<p>La Feria de Empleo Utel 2025 es totalmente <strong>gratuita y abierta a todo el p\u00fablico <\/strong>que busque vincularse con grandes empresas, acceder a nuevas oportunidades laborales y expandir su red profesional. Puedes <strong>asistir presencialmente el 22 de marzo al World Trade Center en Ciudad de M\u00e9xico <\/strong>o participar de forma <strong>virtual, desde cualquier parte.&nbsp;<\/strong><\/p>\n\n\n\n<p>Aprovecha esta oportunidad para fortalecer tu perfil y conectarte con grandes empresas a trav\u00e9s de actividades como:<\/p>\n\n\n\n<ul class=\"wp-block-list\">\n<li><strong>Conferencias con l\u00edderes de la industria<\/strong> sobre las tendencias del mercado laboral.<\/li>\n\n\n\n<li><strong>Simulaciones de entrevistas <\/strong>con reclutadores y feedback inmediato.<\/li>\n\n\n\n<li><strong>Talleres de emprendimiento<\/strong> para convertir tu proyecto en una realidad.<\/li>\n\n\n\n<li><strong>Entrevistas en vivo<\/strong> con empresas en busca de talento.<\/li>\n<\/ul>\n\n\n\n<p>Adem\u00e1s, tendr\u00e1s acceso a m\u00e1s de 5,000 vacantes y la oportunidad de interactuar directamente con empresas reconocidas como <strong>El Puerto de Liverpool, Decathlon, Konecta<\/strong><strong>, Coca-Cola, Holcim, Nestl\u00e9 <\/strong>y muchas m\u00e1s, listas para descubrir y sumar nuevos profesionales a sus equipos.&nbsp;<\/p>\n\n\n\n<h2 class=\"wp-block-heading\"><strong>Prep\u00e1rate y s\u00e1cale provecho a la Feria de Empleo Utel<\/strong><\/h2>\n\n\n\n<p>Si buscas tu nuevo o pr\u00f3ximo empleo o impulsar tu perfil profesional, la Feria de Empleo Utel 2025 es el lugar ideal para conectar con empresas y reclutadoras. Para sacarle el m\u00e1ximo provecho y hacer de esta experiencia un verdadero impulso para tu carrera, llegar bien preparado es clave.<\/p>\n\n\n\n<p>Sigue estos consejos y aumenta tus oportunidades de destacar ante las empresas que m\u00e1s te interesan.<\/p>\n\n\n\n<h5 class=\"wp-block-heading\"><strong>Destaca tu CV<\/strong><\/h5>\n\n\n\n<ul class=\"wp-block-list\">\n<li>Aseg\u00farate de que tu CV est\u00e9 actualizado con tu experiencia, formaci\u00f3n y habilidades m\u00e1s relevantes.<\/li>\n\n\n\n<li>Destaca logros concretos y usa palabras clave que coincidan con las vacantes de tu inter\u00e9s.<\/li>\n<\/ul>\n\n\n\n<h5 class=\"wp-block-heading\"><strong>Investiga a las empresas participantes<\/strong><\/h5>\n\n\n\n<ul class=\"wp-block-list\">\n<li>Consulta la lista de empresas que estar\u00e1n en la Feria de Empleo y define cu\u00e1les te interesan m\u00e1s.<\/li>\n\n\n\n<li>Visita sus p\u00e1ginas web y redes sociales para conocer su cultura organizacional y los perfiles que buscan.<\/li>\n<\/ul>\n\n\n\n<h5 class=\"wp-block-heading\"><strong>Practica para tus entrevistas<\/strong><\/h5>\n\n\n\n<ul class=\"wp-block-list\">\n<li>Ensaya respuestas sobre tu experiencia, fortalezas y expectativas laborales.<\/li>\n\n\n\n<li>Aprovecha las simulaciones de entrevistas que habr\u00e1 en la Feria de Empleo para recibir retroalimentaci\u00f3n de expertos.<\/li>\n<\/ul>\n\n\n\n<h5 class=\"wp-block-heading\"><strong>Aprovecha al networking<\/strong><\/h5>\n\n\n\n<ul class=\"wp-block-list\">\n<li>Ve m\u00e1s all\u00e1 de buscar empleo y enf\u00f3cate en conectar con profesionales del sector para ampliar tu red de contactos.<\/li>\n\n\n\n<li>S\u00e9 proactivo en las sesiones de networking y conferencias; la interacci\u00f3n con expertos puede abrirte nuevas oportunidades.<\/li>\n<\/ul>\n\n\n\n<h5 class=\"wp-block-heading\"><strong>Reg\u00edstrate con anticipaci\u00f3n<\/strong><\/h5>\n\n\n\n<ul class=\"wp-block-list\">\n<li><strong>El registro es gratis<\/strong>, pero hacerlo con tiempo te permitir\u00e1 acceder a m\u00e1s oportunidades.&nbsp;<\/li>\n\n\n\n<li>Recuerda que el<strong> 22 de marzo<\/strong> puedes asistir a la Feria de Empleo de forma <strong>presencial en el WTC de Ciudad de M\u00e9xico <\/strong>o participar <strong>virtualmente<\/strong>, desde cualquier lugar.&nbsp;<\/li>\n<\/ul>\n\n\n\n<p><strong><a href=\"https:\/\/utel.edu.mx\/feria-de-empleo?utm_source=Blog&amp;utm_medium=CTAlink&amp;utm_campaign=FeriaEmpleo2025&amp;utm_content=registro-blog-feria-empleo-7-feb-2025\">Reg\u00edstrate <\/a><\/strong>y aprovecha esta gran oportunidad para conectarte presencialmente con empresas l\u00edderes en la industria, conseguir v\u00ednculos valiosos, aprender herramientas de trabajo en tendencia y encontrar el trabajo que estabas buscando.&nbsp;<\/p>\n\n\n\n<p><\/p>\n<div id=\"advads-2082869165\" class=\"advads-cta-lp-banner-form advads-entity-placement\"><a href=\"https:\/\/utel.mx\/blog\/admisiones-universidad-online\/?utm_source=blog&#038;utm_medium=CTAlink&#038;utm_campaign=MKTseo\" aria-label=\"Universidad en linea\"><img src=\"https:\/\/utel.mx\/blog\/wp-content\/uploads\/2025\/04\/universidad-en-linea-1.png\" alt=\"Universidad en linea\"  srcset=\"https:\/\/utel.mx\/blog\/wp-content\/uploads\/2025\/04\/universidad-en-linea-1.png 626w, https:\/\/utel.mx\/blog\/wp-content\/uploads\/2025\/04\/universidad-en-linea-1-420x168.png 420w\" sizes=\"(max-width: 626px) 100vw, 626px\" width=\"626\" height=\"250\"   \/><\/a><\/div>","protected":false},"excerpt":{"rendered":"<p> [&hellip;]<\/p>\n","protected":false},"author":77,"featured_media":50246,"comment_status":"closed","ping_status":"closed","sticky":false,"template":"","format":"standard","meta":{"_acf_changed":false,"site-sidebar-layout":"default","site-content-layout":"","ast-site-content-layout":"default","site-content-style":"default","site-sidebar-style":"default","ast-global-header-display":"","ast-banner-title-visibility":"","ast-main-header-display":"","ast-hfb-above-header-display":"","ast-hfb-below-header-display":"","ast-hfb-mobile-header-display":"","site-post-title":"","ast-breadcrumbs-content":"","ast-featured-img":"","footer-sml-layout":"","theme-transparent-header-meta":"","adv-header-id-meta":"","stick-header-meta":"","header-above-stick-meta":"","header-main-stick-meta":"","header-below-stick-meta":"","astra-migrate-meta-layouts":"set","ast-page-background-enabled":"default","ast-page-background-meta":{"desktop":{"background-color":"var(--ast-global-color-4)","background-image":"","background-repeat":"repeat","background-position":"center center","background-size":"auto","background-attachment":"scroll","background-type":"","background-media":"","overlay-type":"","overlay-color":"","overlay-gradient":""},"tablet":{"background-color":"","background-image":"","background-repeat":"repeat","background-position":"center center","background-size":"auto","background-attachment":"scroll","background-type":"","background-media":"","overlay-type":"","overlay-color":"","overlay-gradient":""},"mobile":{"background-color":"","background-image":"","background-repeat":"repeat","background-position":"center center","background-size":"auto","background-attachment":"scroll","background-type":"","background-media":"","overlay-type":"","overlay-color":"","overlay-gradient":""}},"ast-content-background-meta":{"desktop":{"background-color":"var(--ast-global-color-5)","background-image":"","background-repeat":"repeat","background-position":"center center","background-size":"auto","background-attachment":"scroll","background-type":"","background-media":"","overlay-type":"","overlay-color":"","overlay-gradient":""},"tablet":{"background-color":"var(--ast-global-color-5)","background-image":"","background-repeat":"repeat","background-position":"center center","background-size":"auto","background-attachment":"scroll","background-type":"","background-media":"","overlay-type":"","overlay-color":"","overlay-gradient":""},"mobile":{"background-color":"var(--ast-global-color-5)","background-image":"","background-repeat":"repeat","background-position":"center center","background-size":"auto","background-attachment":"scroll","background-type":"","background-media":"","overlay-type":"","overlay-color":"","overlay-gradient":""}},"footnotes":""},"categories":[4523],"tags":[],"class_list":["post-50245","post","type-post","status-publish","format-standard","has-post-thumbnail","hentry","category-expansion-profesional"],"acf":[],"yoast_head":"<!-- This site is optimized with the Yoast SEO plugin v26.8 - https:\/\/yoast.com\/product\/yoast-seo-wordpress\/ -->\n<title>Con\u00e9ctate con m\u00e1s oportunidades en la Feria de Empleo Utel 2025 - BLOG | Utel<\/title>\n<meta name=\"description\" content=\"Conecta con empresas l\u00edderes en el mercado, accede a m\u00e1s de 5000 vacantes y ampl\u00eda tu red de contactos en la Feria de Empleo de Utel 2025.\" \/>\n<meta name=\"robots\" content=\"index, follow, max-snippet:-1, max-image-preview:large, max-video-preview:-1\" \/>\n<link rel=\"canonical\" href=\"https:\/\/utel.mx\/blog\/expansion-profesional\/conectate-con-mas-oportunidades-en-la-feria-de-empleo-utel-2025\/\" \/>\n<meta property=\"og:locale\" content=\"es_ES\" \/>\n<meta property=\"og:type\" content=\"article\" \/>\n<meta property=\"og:title\" content=\"Con\u00e9ctate con m\u00e1s oportunidades en la Feria de Empleo Utel 2025 - BLOG | Utel\" \/>\n<meta property=\"og:description\" content=\"Conecta con empresas l\u00edderes en el mercado, accede a m\u00e1s de 5000 vacantes y ampl\u00eda tu red de contactos en la Feria de Empleo de Utel 2025.\" \/>\n<meta property=\"og:url\" content=\"https:\/\/utel.mx\/blog\/expansion-profesional\/conectate-con-mas-oportunidades-en-la-feria-de-empleo-utel-2025\/\" \/>\n<meta property=\"og:site_name\" content=\"BLOG | Utel\" \/>\n<meta property=\"article:published_time\" content=\"2025-02-07T17:00:28+00:00\" \/>\n<meta property=\"article:modified_time\" content=\"2025-02-10T20:49:59+00:00\" \/>\n<meta property=\"og:image\" content=\"https:\/\/utel.mx\/blog\/wp-content\/uploads\/2025\/02\/GSS_Creatividad_HeadersBlog_febrero25_2.jpg\" \/>\n\t<meta property=\"og:image:width\" content=\"600\" \/>\n\t<meta property=\"og:image:height\" content=\"300\" \/>\n\t<meta property=\"og:image:type\" content=\"image\/jpeg\" \/>\n<meta name=\"author\" content=\"Rous\" \/>\n<meta name=\"twitter:label1\" content=\"Written by\" \/>\n\t<meta name=\"twitter:data1\" content=\"Rous\" \/>\n\t<meta name=\"twitter:label2\" content=\"Est. reading time\" \/>\n\t<meta name=\"twitter:data2\" content=\"3 minutos\" \/>\n<script type=\"application\/ld+json\" class=\"yoast-schema-graph\">{\"@context\":\"https:\/\/schema.org\",\"@graph\":[{\"@type\":\"Article\",\"@id\":\"https:\/\/utel.mx\/blog\/expansion-profesional\/conectate-con-mas-oportunidades-en-la-feria-de-empleo-utel-2025\/#article\",\"isPartOf\":{\"@id\":\"https:\/\/utel.mx\/blog\/expansion-profesional\/conectate-con-mas-oportunidades-en-la-feria-de-empleo-utel-2025\/\"},\"author\":{\"name\":\"Rous\",\"@id\":\"https:\/\/utel.mx\/blog\/#\/schema\/person\/4e2a0be91565e937db07582c862c4e1d\"},\"headline\":\"Con\u00e9ctate con m\u00e1s oportunidades en la Feria de Empleo Utel 2025\",\"datePublished\":\"2025-02-07T17:00:28+00:00\",\"dateModified\":\"2025-02-10T20:49:59+00:00\",\"mainEntityOfPage\":{\"@id\":\"https:\/\/utel.mx\/blog\/expansion-profesional\/conectate-con-mas-oportunidades-en-la-feria-de-empleo-utel-2025\/\"},\"wordCount\":576,\"publisher\":{\"@id\":\"https:\/\/utel.mx\/blog\/#organization\"},\"image\":{\"@id\":\"https:\/\/utel.mx\/blog\/expansion-profesional\/conectate-con-mas-oportunidades-en-la-feria-de-empleo-utel-2025\/#primaryimage\"},\"thumbnailUrl\":\"https:\/\/utel.mx\/blog\/wp-content\/uploads\/2025\/02\/GSS_Creatividad_HeadersBlog_febrero25_2.jpg\",\"articleSection\":[\"Expansi\u00f3n Profesional\"],\"inLanguage\":\"es\"},{\"@type\":\"WebPage\",\"@id\":\"https:\/\/utel.mx\/blog\/expansion-profesional\/conectate-con-mas-oportunidades-en-la-feria-de-empleo-utel-2025\/\",\"url\":\"https:\/\/utel.mx\/blog\/expansion-profesional\/conectate-con-mas-oportunidades-en-la-feria-de-empleo-utel-2025\/\",\"name\":\"Con\u00e9ctate con m\u00e1s oportunidades en la Feria de Empleo Utel 2025 - BLOG | Utel\",\"isPartOf\":{\"@id\":\"https:\/\/utel.mx\/blog\/#website\"},\"primaryImageOfPage\":{\"@id\":\"https:\/\/utel.mx\/blog\/expansion-profesional\/conectate-con-mas-oportunidades-en-la-feria-de-empleo-utel-2025\/#primaryimage\"},\"image\":{\"@id\":\"https:\/\/utel.mx\/blog\/expansion-profesional\/conectate-con-mas-oportunidades-en-la-feria-de-empleo-utel-2025\/#primaryimage\"},\"thumbnailUrl\":\"https:\/\/utel.mx\/blog\/wp-content\/uploads\/2025\/02\/GSS_Creatividad_HeadersBlog_febrero25_2.jpg\",\"datePublished\":\"2025-02-07T17:00:28+00:00\",\"dateModified\":\"2025-02-10T20:49:59+00:00\",\"description\":\"Conecta con empresas l\u00edderes en el mercado, accede a m\u00e1s de 5000 vacantes y ampl\u00eda tu red de contactos en la Feria de Empleo de Utel 2025.\",\"breadcrumb\":{\"@id\":\"https:\/\/utel.mx\/blog\/expansion-profesional\/conectate-con-mas-oportunidades-en-la-feria-de-empleo-utel-2025\/#breadcrumb\"},\"inLanguage\":\"es\",\"potentialAction\":[{\"@type\":\"ReadAction\",\"target\":[\"https:\/\/utel.mx\/blog\/expansion-profesional\/conectate-con-mas-oportunidades-en-la-feria-de-empleo-utel-2025\/\"]}]},{\"@type\":\"ImageObject\",\"inLanguage\":\"es\",\"@id\":\"https:\/\/utel.mx\/blog\/expansion-profesional\/conectate-con-mas-oportunidades-en-la-feria-de-empleo-utel-2025\/#primaryimage\",\"url\":\"https:\/\/utel.mx\/blog\/wp-content\/uploads\/2025\/02\/GSS_Creatividad_HeadersBlog_febrero25_2.jpg\",\"contentUrl\":\"https:\/\/utel.mx\/blog\/wp-content\/uploads\/2025\/02\/GSS_Creatividad_HeadersBlog_febrero25_2.jpg\",\"width\":600,\"height\":300},{\"@type\":\"BreadcrumbList\",\"@id\":\"https:\/\/utel.mx\/blog\/expansion-profesional\/conectate-con-mas-oportunidades-en-la-feria-de-empleo-utel-2025\/#breadcrumb\",\"itemListElement\":[{\"@type\":\"ListItem\",\"position\":1,\"name\":\"Home\",\"item\":\"https:\/\/utel.mx\/blog\/\"},{\"@type\":\"ListItem\",\"position\":2,\"name\":\"Con\u00e9ctate con m\u00e1s oportunidades en la Feria de Empleo Utel 2025\"}]},{\"@type\":\"WebSite\",\"@id\":\"https:\/\/utel.mx\/blog\/#website\",\"url\":\"https:\/\/utel.mx\/blog\/\",\"name\":\"BLOG | Utel\",\"description\":\"Blog UTEL Universidad en L\u00ednea\",\"publisher\":{\"@id\":\"https:\/\/utel.mx\/blog\/#organization\"},\"potentialAction\":[{\"@type\":\"SearchAction\",\"target\":{\"@type\":\"EntryPoint\",\"urlTemplate\":\"https:\/\/utel.mx\/blog\/?s={search_term_string}\"},\"query-input\":{\"@type\":\"PropertyValueSpecification\",\"valueRequired\":true,\"valueName\":\"search_term_string\"}}],\"inLanguage\":\"es\"},{\"@type\":\"Organization\",\"@id\":\"https:\/\/utel.mx\/blog\/#organization\",\"name\":\"BLOG | Utel\",\"url\":\"https:\/\/utel.mx\/blog\/\",\"logo\":{\"@type\":\"ImageObject\",\"inLanguage\":\"es\",\"@id\":\"https:\/\/utel.mx\/blog\/#\/schema\/logo\/image\/\",\"url\":\"https:\/\/utel.mx\/blog\/wp-content\/uploads\/2023\/03\/cropped-logo-blog.png\",\"contentUrl\":\"https:\/\/utel.mx\/blog\/wp-content\/uploads\/2023\/03\/cropped-logo-blog.png\",\"width\":237,\"height\":64,\"caption\":\"BLOG | Utel\"},\"image\":{\"@id\":\"https:\/\/utel.mx\/blog\/#\/schema\/logo\/image\/\"}},{\"@type\":\"Person\",\"@id\":\"https:\/\/utel.mx\/blog\/#\/schema\/person\/4e2a0be91565e937db07582c862c4e1d\",\"name\":\"Rous\",\"image\":{\"@type\":\"ImageObject\",\"inLanguage\":\"es\",\"@id\":\"https:\/\/utel.mx\/blog\/#\/schema\/person\/image\/\",\"url\":\"https:\/\/secure.gravatar.com\/avatar\/b08bffdc37c42e296372e505e7830285?s=96&d=mm&r=g\",\"contentUrl\":\"https:\/\/secure.gravatar.com\/avatar\/b08bffdc37c42e296372e505e7830285?s=96&d=mm&r=g\",\"caption\":\"Rous\"}}]}<\/script>\n<!-- \/ Yoast SEO plugin. -->","yoast_head_json":{"title":"Con\u00e9ctate con m\u00e1s oportunidades en la Feria de Empleo Utel 2025 - BLOG | Utel","description":"Conecta con empresas l\u00edderes en el mercado, accede a m\u00e1s de 5000 vacantes y ampl\u00eda tu red de contactos en la Feria de Empleo de Utel 2025.","robots":{"index":"index","follow":"follow","max-snippet":"max-snippet:-1","max-image-preview":"max-image-preview:large","max-video-preview":"max-video-preview:-1"},"canonical":"https:\/\/utel.mx\/blog\/expansion-profesional\/conectate-con-mas-oportunidades-en-la-feria-de-empleo-utel-2025\/","og_locale":"es_ES","og_type":"article","og_title":"Con\u00e9ctate con m\u00e1s oportunidades en la Feria de Empleo Utel 2025 - BLOG | Utel","og_description":"Conecta con empresas l\u00edderes en el mercado, accede a m\u00e1s de 5000 vacantes y ampl\u00eda tu red de contactos en la Feria de Empleo de Utel 2025.","og_url":"https:\/\/utel.mx\/blog\/expansion-profesional\/conectate-con-mas-oportunidades-en-la-feria-de-empleo-utel-2025\/","og_site_name":"BLOG | Utel","article_published_time":"2025-02-07T17:00:28+00:00","article_modified_time":"2025-02-10T20:49:59+00:00","og_image":[{"width":600,"height":300,"url":"https:\/\/utel.mx\/blog\/wp-content\/uploads\/2025\/02\/GSS_Creatividad_HeadersBlog_febrero25_2.jpg","type":"image\/jpeg"}],"author":"Rous","twitter_misc":{"Written by":"Rous","Est. reading time":"3 minutos"},"schema":{"@context":"https:\/\/schema.org","@graph":[{"@type":"Article","@id":"https:\/\/utel.mx\/blog\/expansion-profesional\/conectate-con-mas-oportunidades-en-la-feria-de-empleo-utel-2025\/#article","isPartOf":{"@id":"https:\/\/utel.mx\/blog\/expansion-profesional\/conectate-con-mas-oportunidades-en-la-feria-de-empleo-utel-2025\/"},"author":{"name":"Rous","@id":"https:\/\/utel.mx\/blog\/#\/schema\/person\/4e2a0be91565e937db07582c862c4e1d"},"headline":"Con\u00e9ctate con m\u00e1s oportunidades en la Feria de Empleo Utel 2025","datePublished":"2025-02-07T17:00:28+00:00","dateModified":"2025-02-10T20:49:59+00:00","mainEntityOfPage":{"@id":"https:\/\/utel.mx\/blog\/expansion-profesional\/conectate-con-mas-oportunidades-en-la-feria-de-empleo-utel-2025\/"},"wordCount":576,"publisher":{"@id":"https:\/\/utel.mx\/blog\/#organization"},"image":{"@id":"https:\/\/utel.mx\/blog\/expansion-profesional\/conectate-con-mas-oportunidades-en-la-feria-de-empleo-utel-2025\/#primaryimage"},"thumbnailUrl":"https:\/\/utel.mx\/blog\/wp-content\/uploads\/2025\/02\/GSS_Creatividad_HeadersBlog_febrero25_2.jpg","articleSection":["Expansi\u00f3n Profesional"],"inLanguage":"es"},{"@type":"WebPage","@id":"https:\/\/utel.mx\/blog\/expansion-profesional\/conectate-con-mas-oportunidades-en-la-feria-de-empleo-utel-2025\/","url":"https:\/\/utel.mx\/blog\/expansion-profesional\/conectate-con-mas-oportunidades-en-la-feria-de-empleo-utel-2025\/","name":"Con\u00e9ctate con m\u00e1s oportunidades en la Feria de Empleo Utel 2025 - BLOG | Utel","isPartOf":{"@id":"https:\/\/utel.mx\/blog\/#website"},"primaryImageOfPage":{"@id":"https:\/\/utel.mx\/blog\/expansion-profesional\/conectate-con-mas-oportunidades-en-la-feria-de-empleo-utel-2025\/#primaryimage"},"image":{"@id":"https:\/\/utel.mx\/blog\/expansion-profesional\/conectate-con-mas-oportunidades-en-la-feria-de-empleo-utel-2025\/#primaryimage"},"thumbnailUrl":"https:\/\/utel.mx\/blog\/wp-content\/uploads\/2025\/02\/GSS_Creatividad_HeadersBlog_febrero25_2.jpg","datePublished":"2025-02-07T17:00:28+00:00","dateModified":"2025-02-10T20:49:59+00:00","description":"Conecta con empresas l\u00edderes en el mercado, accede a m\u00e1s de 5000 vacantes y ampl\u00eda tu red de contactos en la Feria de Empleo de Utel 2025.","breadcrumb":{"@id":"https:\/\/utel.mx\/blog\/expansion-profesional\/conectate-con-mas-oportunidades-en-la-feria-de-empleo-utel-2025\/#breadcrumb"},"inLanguage":"es","potentialAction":[{"@type":"ReadAction","target":["https:\/\/utel.mx\/blog\/expansion-profesional\/conectate-con-mas-oportunidades-en-la-feria-de-empleo-utel-2025\/"]}]},{"@type":"ImageObject","inLanguage":"es","@id":"https:\/\/utel.mx\/blog\/expansion-profesional\/conectate-con-mas-oportunidades-en-la-feria-de-empleo-utel-2025\/#primaryimage","url":"https:\/\/utel.mx\/blog\/wp-content\/uploads\/2025\/02\/GSS_Creatividad_HeadersBlog_febrero25_2.jpg","contentUrl":"https:\/\/utel.mx\/blog\/wp-content\/uploads\/2025\/02\/GSS_Creatividad_HeadersBlog_febrero25_2.jpg","width":600,"height":300},{"@type":"BreadcrumbList","@id":"https:\/\/utel.mx\/blog\/expansion-profesional\/conectate-con-mas-oportunidades-en-la-feria-de-empleo-utel-2025\/#breadcrumb","itemListElement":[{"@type":"ListItem","position":1,"name":"Home","item":"https:\/\/utel.mx\/blog\/"},{"@type":"ListItem","position":2,"name":"Con\u00e9ctate con m\u00e1s oportunidades en la Feria de Empleo Utel 2025"}]},{"@type":"WebSite","@id":"https:\/\/utel.mx\/blog\/#website","url":"https:\/\/utel.mx\/blog\/","name":"BLOG | Utel","description":"Blog UTEL Universidad en L\u00ednea","publisher":{"@id":"https:\/\/utel.mx\/blog\/#organization"},"potentialAction":[{"@type":"SearchAction","target":{"@type":"EntryPoint","urlTemplate":"https:\/\/utel.mx\/blog\/?s={search_term_string}"},"query-input":{"@type":"PropertyValueSpecification","valueRequired":true,"valueName":"search_term_string"}}],"inLanguage":"es"},{"@type":"Organization","@id":"https:\/\/utel.mx\/blog\/#organization","name":"BLOG | Utel","url":"https:\/\/utel.mx\/blog\/","logo":{"@type":"ImageObject","inLanguage":"es","@id":"https:\/\/utel.mx\/blog\/#\/schema\/logo\/image\/","url":"https:\/\/utel.mx\/blog\/wp-content\/uploads\/2023\/03\/cropped-logo-blog.png","contentUrl":"https:\/\/utel.mx\/blog\/wp-content\/uploads\/2023\/03\/cropped-logo-blog.png","width":237,"height":64,"caption":"BLOG | Utel"},"image":{"@id":"https:\/\/utel.mx\/blog\/#\/schema\/logo\/image\/"}},{"@type":"Person","@id":"https:\/\/utel.mx\/blog\/#\/schema\/person\/4e2a0be91565e937db07582c862c4e1d","name":"Rous","image":{"@type":"ImageObject","inLanguage":"es","@id":"https:\/\/utel.mx\/blog\/#\/schema\/person\/image\/","url":"https:\/\/secure.gravatar.com\/avatar\/b08bffdc37c42e296372e505e7830285?s=96&d=mm&r=g","contentUrl":"https:\/\/secure.gravatar.com\/avatar\/b08bffdc37c42e296372e505e7830285?s=96&d=mm&r=g","caption":"Rous"}}]}},"_links":{"self":[{"href":"https:\/\/utel.mx\/blog\/wp-json\/wp\/v2\/posts\/50245","targetHints":{"allow":["GET"]}}],"collection":[{"href":"https:\/\/utel.mx\/blog\/wp-json\/wp\/v2\/posts"}],"about":[{"href":"https:\/\/utel.mx\/blog\/wp-json\/wp\/v2\/types\/post"}],"author":[{"embeddable":true,"href":"https:\/\/utel.mx\/blog\/wp-json\/wp\/v2\/users\/77"}],"replies":[{"embeddable":true,"href":"https:\/\/utel.mx\/blog\/wp-json\/wp\/v2\/comments?post=50245"}],"version-history":[{"count":5,"href":"https:\/\/utel.mx\/blog\/wp-json\/wp\/v2\/posts\/50245\/revisions"}],"predecessor-version":[{"id":50253,"href":"https:\/\/utel.mx\/blog\/wp-json\/wp\/v2\/posts\/50245\/revisions\/50253"}],"wp:featuredmedia":[{"embeddable":true,"href":"https:\/\/utel.mx\/blog\/wp-json\/wp\/v2\/media\/50246"}],"wp:attachment":[{"href":"https:\/\/utel.mx\/blog\/wp-json\/wp\/v2\/media?parent=50245"}],"wp:term":[{"taxonomy":"category","embeddable":true,"href":"https:\/\/utel.mx\/blog\/wp-json\/wp\/v2\/categories?post=50245"},{"taxonomy":"post_tag","embeddable":true,"href":"https:\/\/utel.mx\/blog\/wp-json\/wp\/v2\/tags?post=50245"}],"curies":[{"name":"wp","href":"https:\/\/api.w.org\/{rel}","templated":true}]}}