{"id":51427,"date":"2025-08-12T08:55:00","date_gmt":"2025-08-12T08:55:00","guid":{"rendered":"https:\/\/utel.mx\/blog\/?p=51427"},"modified":"2025-08-15T15:39:00","modified_gmt":"2025-08-15T15:39:00","slug":"magna-graduacion-utel-ciudad-de-mexico-2025","status":"publish","type":"post","link":"https:\/\/utel.mx\/blog\/graduacion-utel\/magna-graduacion-utel-ciudad-de-mexico-2025\/","title":{"rendered":"Leticia Olgu\u00edn en la Magna Graduaci\u00f3n Utel Ciudad de M\u00e9xico 2025"},"content":{"rendered":"\n<p>En la <strong>Magna Graduaci\u00f3n Utel Ciudad de M\u00e9xico 2025<\/strong>, tuvimos el honor de contar con la presencia de <strong>Leticia Olgu\u00edn, Directora de Acreditaci\u00f3n, Certificaci\u00f3n y Revalidaci\u00f3n de la Secretar\u00eda de Educaci\u00f3n P\u00fablica<\/strong>, quien asisti\u00f3 en representaci\u00f3n de Mtra. Thal\u00eda Concepci\u00f3n Lagunas Arag\u00f3n, Directora General de Acreditaci\u00f3n, Incorporaci\u00f3n y Revalidaci\u00f3n.<\/p>\n\n\n\n<p>Este evento, que celebr\u00f3 10 a\u00f1os de graduaciones Utel, fue un hito para nuestra comunidad, destacando el poder transformador de la educaci\u00f3n y el impacto que tiene en la vida de nuestros egresados.<\/p>\n\n\n\n<h2 class=\"wp-block-heading\"><strong>Palabras de la maestra Leticia Olgu\u00edn<\/strong><\/h2>\n\n\n\n<p>Durante su mensaje, <strong>destac\u00f3 la validez y el impacto de la educaci\u00f3n en l\u00ednea <\/strong>como una modalidad que abre oportunidades reales de desarrollo profesional, felicitando a los 681 egresados por su dedicaci\u00f3n y perseverancia.<\/p>\n\n\n\n<p><em>Gracias, muy buenas tardes. Sin duda, este evento regocija el alma y nos hace saber que vale la pena trabajar para la administraci\u00f3n p\u00fablica en una labor tan noble que es la educaci\u00f3n. Gracias.<\/em><\/p>\n\n\n\n<p><em>Honorables miembros del Presidium, familiares, amigas y amigos de quienes hoy obtienen este reconocimiento, sabedores que ya poseen un t\u00edtulo o grado. Queridas egresadas, queridos egresados, a todos ustedes, nuestro m\u00e1s amplio reconocimiento. Reciban un cordial saludo de la maestra Tal\u00eda Laguna Zarag\u00f3n, Directora general de Acreditaci\u00f3n, Incorporaci\u00f3n y Revalidaci\u00f3n de la Secretar\u00eda de Educaci\u00f3n P\u00fablica. Agradecemos a la Universidad Utel a su rector David Stofenmacher, su invitaci\u00f3n a este memorable evento, en que se titulan y graduan 681 egresados de las diferentes licenciaturas y posgrados. Nuestro <\/em><strong><em>reconocimiento a su esfuerzo y dedicaci\u00f3n que hoy se ven culminados en esta etapa de su vida<\/em><\/strong><em>. Nos re\u00fane sin duda un objetivo com\u00fan que es reconocer la formaci\u00f3n de profesionales en los niveles de licenciatura, maestr\u00eda y doctorado con una identidad institucional relevante por las caracter\u00edsticas en que realizaron sus estudios.<\/em><\/p>\n\n\n\n<p><em>Ustedes, queridos egresados, egresadas, nos est\u00e1n demostrando que <\/em><strong><em>la opci\u00f3n de aprendizaje en l\u00ednea es una modalidad no escolar que s\u00ed posibilita un reconocimiento profesional<\/em><\/strong><em>, que nuestro sistema educativo nacional no se limita a formar personas solo en modalidades escolarizadas, de gran arraigo y tradici\u00f3n en nuestra cultura institucional. Sean pues quienes con su ejercicio profesional enaltezcan esta opci\u00f3n educativa, su perfil acad\u00e9mico, su quehacer laboral y el orgullo de sus familiares y sus amistades que hoy nos acompa\u00f1an. Ustedes representan a una generaci\u00f3n comprometida con el uso de nuevas herramientas tecnol\u00f3gicas que posibilitan diversificar la forma de apropiarse del conocimiento, de hacerlo significativo, de aplicarlo en su d\u00eda a d\u00eda. Reconocemos que su interacci\u00f3n personal con sus pares acad\u00e9micos, docentes, compa\u00f1eras, compa\u00f1eros, ha sido singular. Pero han sido part\u00edcipes de una gran comunidad no tradicional que por ello no se aleja de un gran sentido universitario, de gran responsabilidad, de empat\u00eda hacia los otros, de trabajo colaborativo.<\/em><\/p>\n\n\n\n<p><em>Seguramente hoy existen sentimientos encontrados porque egresan de una gran instituci\u00f3n y puede existir nostalgia por alejarse de los afectos construidos en su trayectoria acad\u00e9mica. Pero la autonom\u00eda que ahora emprenden con su ser profesional les animar\u00e1 a reencontrarse probablemente en nuevos proyectos de estudio y\/o laborales. Distinganse por la calidad de su quehacer profesional que desempe\u00f1en.<\/em><\/p>\n\n\n\n<p><em>Sus estudios desde ya les posibilitan <\/em><strong><em>la obtenci\u00f3n de un t\u00edtulo o grado con pleno reconocimiento de la Secretar\u00eda de Educaci\u00f3n P\u00fablica. <\/em><\/strong><em>Debe darles certeza e impulso en los emprendimientos que realicen de aqu\u00ed en adelante con la convicci\u00f3n de que cuentan con validez oficial de autoridades educativas nacionales, incluso para hacer saber esto a autoridades de sistemas educativos del extranjero. Sabemos que Utel ha realizado grandes esfuerzos por tener presencia en pa\u00edses como Filipinas, Colombia, Per\u00fa, Estados Unidos, Argentina, Ecuador, Rep\u00fablica Dominicana, egresados de Guatemala, que ya vi tambi\u00e9n por ah\u00ed. Vaya una felicitaci\u00f3n por ellos, se\u00f1or rector. Enhorabuena, queridas egresadas, queridos egresados, por este gran logro, dedicaci\u00f3n excepcional, esfuerzo y sacrificio por el tiempo invertido en sus estudios.<\/em><\/p>\n\n\n\n<p><em>Un reconocimiento tambi\u00e9n a sus familiares y amigos que seguramente les acompa\u00f1aron en esta fase acad\u00e9mica. Reconocemos adem\u00e1s a sus docentes por su gran labor y a las \u00e1reas administrativas institucionales que forman parte del engranaje de este significativo logro universitario. Hoy se abre otra etapa llena de nuevas oportunidades y desaf\u00edos que su ser profesional les posibilitar\u00e1 enfrentar con mejores herramientas acad\u00e9micas.<\/em><\/p>\n\n\n\n<p><em>Felicidades, clase 2025, y felicidades, Utel. Muchas gracias.<\/em><\/p>\n\n\n\n<p>La participaci\u00f3n de Leticia Olgu\u00edn fue un <strong>reconocimiento al esfuerzo de la generaci\u00f3n 2025<\/strong> y una validaci\u00f3n oficial de la educaci\u00f3n en l\u00ednea como una opci\u00f3n con legitimidad. Su mensaje invita a que m\u00e1s personas se animen a emprender un camino acad\u00e9mico que, con disciplina y compromiso, puede culminar en logros tan significativos como el de los egresados que hoy celebran con nosotros.<br><\/p>\n<div id=\"advads-2755285972\" class=\"advads-cta-lp-banner-form advads-entity-placement\"><a href=\"https:\/\/utel.mx\/blog\/admisiones-universidad-online\/?utm_source=blog&#038;utm_medium=CTAlink&#038;utm_campaign=MKTseo\" aria-label=\"Universidad en linea\"><img src=\"https:\/\/utel.mx\/blog\/wp-content\/uploads\/2025\/04\/universidad-en-linea-1.png\" alt=\"Universidad en linea\"  srcset=\"https:\/\/utel.mx\/blog\/wp-content\/uploads\/2025\/04\/universidad-en-linea-1.png 626w, https:\/\/utel.mx\/blog\/wp-content\/uploads\/2025\/04\/universidad-en-linea-1-420x168.png 420w\" sizes=\"(max-width: 626px) 100vw, 626px\" width=\"626\" height=\"250\"   \/><\/a><\/div>","protected":false},"excerpt":{"rendered":"<p> [&hellip;]<\/p>\n","protected":false},"author":78,"featured_media":51428,"comment_status":"closed","ping_status":"closed","sticky":false,"template":"","format":"standard","meta":{"_acf_changed":false,"site-sidebar-layout":"default","site-content-layout":"","ast-site-content-layout":"default","site-content-style":"default","site-sidebar-style":"default","ast-global-header-display":"","ast-banner-title-visibility":"","ast-main-header-display":"","ast-hfb-above-header-display":"","ast-hfb-below-header-display":"","ast-hfb-mobile-header-display":"","site-post-title":"","ast-breadcrumbs-content":"","ast-featured-img":"","footer-sml-layout":"","theme-transparent-header-meta":"","adv-header-id-meta":"","stick-header-meta":"","header-above-stick-meta":"","header-main-stick-meta":"","header-below-stick-meta":"","astra-migrate-meta-layouts":"set","ast-page-background-enabled":"default","ast-page-background-meta":{"desktop":{"background-color":"var(--ast-global-color-4)","background-image":"","background-repeat":"repeat","background-position":"center center","background-size":"auto","background-attachment":"scroll","background-type":"","background-media":"","overlay-type":"","overlay-color":"","overlay-gradient":""},"tablet":{"background-color":"","background-image":"","background-repeat":"repeat","background-position":"center center","background-size":"auto","background-attachment":"scroll","background-type":"","background-media":"","overlay-type":"","overlay-color":"","overlay-gradient":""},"mobile":{"background-color":"","background-image":"","background-repeat":"repeat","background-position":"center center","background-size":"auto","background-attachment":"scroll","background-type":"","background-media":"","overlay-type":"","overlay-color":"","overlay-gradient":""}},"ast-content-background-meta":{"desktop":{"background-color":"var(--ast-global-color-5)","background-image":"","background-repeat":"repeat","background-position":"center center","background-size":"auto","background-attachment":"scroll","background-type":"","background-media":"","overlay-type":"","overlay-color":"","overlay-gradient":""},"tablet":{"background-color":"var(--ast-global-color-5)","background-image":"","background-repeat":"repeat","background-position":"center center","background-size":"auto","background-attachment":"scroll","background-type":"","background-media":"","overlay-type":"","overlay-color":"","overlay-gradient":""},"mobile":{"background-color":"var(--ast-global-color-5)","background-image":"","background-repeat":"repeat","background-position":"center center","background-size":"auto","background-attachment":"scroll","background-type":"","background-media":"","overlay-type":"","overlay-color":"","overlay-gradient":""}},"footnotes":""},"categories":[3674],"tags":[],"class_list":["post-51427","post","type-post","status-publish","format-standard","has-post-thumbnail","hentry","category-graduacion-utel"],"acf":[],"yoast_head":"<!-- This site is optimized with the Yoast SEO plugin v26.8 - https:\/\/yoast.com\/product\/yoast-seo-wordpress\/ -->\n<title>Leticia Olgu\u00edn en la Magna Graduaci\u00f3n Utel Ciudad de M\u00e9xico 2025 - BLOG | Utel<\/title>\n<meta name=\"description\" content=\"En la Magna Graduaci\u00f3n Utel 2025, Leticia Olgu\u00edn reconoci\u00f3 el esfuerzo de los egresados y reafirm\u00f3 la validez de la educaci\u00f3n en l\u00ednea.\" \/>\n<meta name=\"robots\" content=\"index, follow, max-snippet:-1, max-image-preview:large, max-video-preview:-1\" \/>\n<link rel=\"canonical\" href=\"https:\/\/utel.mx\/blog\/graduacion-utel\/magna-graduacion-utel-ciudad-de-mexico-2025\/\" \/>\n<meta property=\"og:locale\" content=\"es_ES\" \/>\n<meta property=\"og:type\" content=\"article\" \/>\n<meta property=\"og:title\" content=\"Leticia Olgu\u00edn en la Magna Graduaci\u00f3n Utel Ciudad de M\u00e9xico 2025 - BLOG | Utel\" \/>\n<meta property=\"og:description\" content=\"En la Magna Graduaci\u00f3n Utel 2025, Leticia Olgu\u00edn reconoci\u00f3 el esfuerzo de los egresados y reafirm\u00f3 la validez de la educaci\u00f3n en l\u00ednea.\" \/>\n<meta property=\"og:url\" content=\"https:\/\/utel.mx\/blog\/graduacion-utel\/magna-graduacion-utel-ciudad-de-mexico-2025\/\" \/>\n<meta property=\"og:site_name\" content=\"BLOG | Utel\" \/>\n<meta property=\"article:published_time\" content=\"2025-08-12T08:55:00+00:00\" \/>\n<meta property=\"article:modified_time\" content=\"2025-08-15T15:39:00+00:00\" \/>\n<meta property=\"og:image\" content=\"https:\/\/utel.mx\/blog\/wp-content\/uploads\/2025\/08\/Creatividad_HeadersBlog_agosto25_3.jpg\" \/>\n\t<meta property=\"og:image:width\" content=\"600\" \/>\n\t<meta property=\"og:image:height\" content=\"300\" \/>\n\t<meta property=\"og:image:type\" content=\"image\/jpeg\" \/>\n<meta name=\"author\" content=\"Karen\" \/>\n<meta name=\"twitter:label1\" content=\"Written by\" \/>\n\t<meta name=\"twitter:data1\" content=\"Karen\" \/>\n\t<meta name=\"twitter:label2\" content=\"Est. reading time\" \/>\n\t<meta name=\"twitter:data2\" content=\"4 minutos\" \/>\n<script type=\"application\/ld+json\" class=\"yoast-schema-graph\">{\"@context\":\"https:\/\/schema.org\",\"@graph\":[{\"@type\":\"Article\",\"@id\":\"https:\/\/utel.mx\/blog\/graduacion-utel\/magna-graduacion-utel-ciudad-de-mexico-2025\/#article\",\"isPartOf\":{\"@id\":\"https:\/\/utel.mx\/blog\/graduacion-utel\/magna-graduacion-utel-ciudad-de-mexico-2025\/\"},\"author\":{\"name\":\"Karen\",\"@id\":\"https:\/\/utel.mx\/blog\/#\/schema\/person\/7ba53e7cfb9fa41ad2fb24fe362e056d\"},\"headline\":\"Leticia Olgu\u00edn en la Magna Graduaci\u00f3n Utel Ciudad de M\u00e9xico 2025\",\"datePublished\":\"2025-08-12T08:55:00+00:00\",\"dateModified\":\"2025-08-15T15:39:00+00:00\",\"mainEntityOfPage\":{\"@id\":\"https:\/\/utel.mx\/blog\/graduacion-utel\/magna-graduacion-utel-ciudad-de-mexico-2025\/\"},\"wordCount\":862,\"publisher\":{\"@id\":\"https:\/\/utel.mx\/blog\/#organization\"},\"image\":{\"@id\":\"https:\/\/utel.mx\/blog\/graduacion-utel\/magna-graduacion-utel-ciudad-de-mexico-2025\/#primaryimage\"},\"thumbnailUrl\":\"https:\/\/utel.mx\/blog\/wp-content\/uploads\/2025\/08\/Creatividad_HeadersBlog_agosto25_3.jpg\",\"articleSection\":[\"Graduaci\u00f3n Utel\"],\"inLanguage\":\"es\"},{\"@type\":\"WebPage\",\"@id\":\"https:\/\/utel.mx\/blog\/graduacion-utel\/magna-graduacion-utel-ciudad-de-mexico-2025\/\",\"url\":\"https:\/\/utel.mx\/blog\/graduacion-utel\/magna-graduacion-utel-ciudad-de-mexico-2025\/\",\"name\":\"Leticia Olgu\u00edn en la Magna Graduaci\u00f3n Utel Ciudad de M\u00e9xico 2025 - BLOG | Utel\",\"isPartOf\":{\"@id\":\"https:\/\/utel.mx\/blog\/#website\"},\"primaryImageOfPage\":{\"@id\":\"https:\/\/utel.mx\/blog\/graduacion-utel\/magna-graduacion-utel-ciudad-de-mexico-2025\/#primaryimage\"},\"image\":{\"@id\":\"https:\/\/utel.mx\/blog\/graduacion-utel\/magna-graduacion-utel-ciudad-de-mexico-2025\/#primaryimage\"},\"thumbnailUrl\":\"https:\/\/utel.mx\/blog\/wp-content\/uploads\/2025\/08\/Creatividad_HeadersBlog_agosto25_3.jpg\",\"datePublished\":\"2025-08-12T08:55:00+00:00\",\"dateModified\":\"2025-08-15T15:39:00+00:00\",\"description\":\"En la Magna Graduaci\u00f3n Utel 2025, Leticia Olgu\u00edn reconoci\u00f3 el esfuerzo de los egresados y reafirm\u00f3 la validez de la educaci\u00f3n en l\u00ednea.\",\"breadcrumb\":{\"@id\":\"https:\/\/utel.mx\/blog\/graduacion-utel\/magna-graduacion-utel-ciudad-de-mexico-2025\/#breadcrumb\"},\"inLanguage\":\"es\",\"potentialAction\":[{\"@type\":\"ReadAction\",\"target\":[\"https:\/\/utel.mx\/blog\/graduacion-utel\/magna-graduacion-utel-ciudad-de-mexico-2025\/\"]}]},{\"@type\":\"ImageObject\",\"inLanguage\":\"es\",\"@id\":\"https:\/\/utel.mx\/blog\/graduacion-utel\/magna-graduacion-utel-ciudad-de-mexico-2025\/#primaryimage\",\"url\":\"https:\/\/utel.mx\/blog\/wp-content\/uploads\/2025\/08\/Creatividad_HeadersBlog_agosto25_3.jpg\",\"contentUrl\":\"https:\/\/utel.mx\/blog\/wp-content\/uploads\/2025\/08\/Creatividad_HeadersBlog_agosto25_3.jpg\",\"width\":600,\"height\":300,\"caption\":\"Magna-Graduacion-Utel-Ciudad-de-Mexico-2025\"},{\"@type\":\"BreadcrumbList\",\"@id\":\"https:\/\/utel.mx\/blog\/graduacion-utel\/magna-graduacion-utel-ciudad-de-mexico-2025\/#breadcrumb\",\"itemListElement\":[{\"@type\":\"ListItem\",\"position\":1,\"name\":\"Home\",\"item\":\"https:\/\/utel.mx\/blog\/\"},{\"@type\":\"ListItem\",\"position\":2,\"name\":\"Leticia Olgu\u00edn en la Magna Graduaci\u00f3n Utel Ciudad de M\u00e9xico 2025\"}]},{\"@type\":\"WebSite\",\"@id\":\"https:\/\/utel.mx\/blog\/#website\",\"url\":\"https:\/\/utel.mx\/blog\/\",\"name\":\"BLOG | Utel\",\"description\":\"Blog UTEL Universidad en L\u00ednea\",\"publisher\":{\"@id\":\"https:\/\/utel.mx\/blog\/#organization\"},\"potentialAction\":[{\"@type\":\"SearchAction\",\"target\":{\"@type\":\"EntryPoint\",\"urlTemplate\":\"https:\/\/utel.mx\/blog\/?s={search_term_string}\"},\"query-input\":{\"@type\":\"PropertyValueSpecification\",\"valueRequired\":true,\"valueName\":\"search_term_string\"}}],\"inLanguage\":\"es\"},{\"@type\":\"Organization\",\"@id\":\"https:\/\/utel.mx\/blog\/#organization\",\"name\":\"BLOG | Utel\",\"url\":\"https:\/\/utel.mx\/blog\/\",\"logo\":{\"@type\":\"ImageObject\",\"inLanguage\":\"es\",\"@id\":\"https:\/\/utel.mx\/blog\/#\/schema\/logo\/image\/\",\"url\":\"https:\/\/utel.mx\/blog\/wp-content\/uploads\/2023\/03\/cropped-logo-blog.png\",\"contentUrl\":\"https:\/\/utel.mx\/blog\/wp-content\/uploads\/2023\/03\/cropped-logo-blog.png\",\"width\":237,\"height\":64,\"caption\":\"BLOG | Utel\"},\"image\":{\"@id\":\"https:\/\/utel.mx\/blog\/#\/schema\/logo\/image\/\"}},{\"@type\":\"Person\",\"@id\":\"https:\/\/utel.mx\/blog\/#\/schema\/person\/7ba53e7cfb9fa41ad2fb24fe362e056d\",\"name\":\"Karen\",\"image\":{\"@type\":\"ImageObject\",\"inLanguage\":\"es\",\"@id\":\"https:\/\/utel.mx\/blog\/#\/schema\/person\/image\/\",\"url\":\"https:\/\/secure.gravatar.com\/avatar\/64868b23d53f58e71f7258115a59d526?s=96&d=mm&r=g\",\"contentUrl\":\"https:\/\/secure.gravatar.com\/avatar\/64868b23d53f58e71f7258115a59d526?s=96&d=mm&r=g\",\"caption\":\"Karen\"}}]}<\/script>\n<!-- \/ Yoast SEO plugin. -->","yoast_head_json":{"title":"Leticia Olgu\u00edn en la Magna Graduaci\u00f3n Utel Ciudad de M\u00e9xico 2025 - BLOG | Utel","description":"En la Magna Graduaci\u00f3n Utel 2025, Leticia Olgu\u00edn reconoci\u00f3 el esfuerzo de los egresados y reafirm\u00f3 la validez de la educaci\u00f3n en l\u00ednea.","robots":{"index":"index","follow":"follow","max-snippet":"max-snippet:-1","max-image-preview":"max-image-preview:large","max-video-preview":"max-video-preview:-1"},"canonical":"https:\/\/utel.mx\/blog\/graduacion-utel\/magna-graduacion-utel-ciudad-de-mexico-2025\/","og_locale":"es_ES","og_type":"article","og_title":"Leticia Olgu\u00edn en la Magna Graduaci\u00f3n Utel Ciudad de M\u00e9xico 2025 - BLOG | Utel","og_description":"En la Magna Graduaci\u00f3n Utel 2025, Leticia Olgu\u00edn reconoci\u00f3 el esfuerzo de los egresados y reafirm\u00f3 la validez de la educaci\u00f3n en l\u00ednea.","og_url":"https:\/\/utel.mx\/blog\/graduacion-utel\/magna-graduacion-utel-ciudad-de-mexico-2025\/","og_site_name":"BLOG | Utel","article_published_time":"2025-08-12T08:55:00+00:00","article_modified_time":"2025-08-15T15:39:00+00:00","og_image":[{"width":600,"height":300,"url":"https:\/\/utel.mx\/blog\/wp-content\/uploads\/2025\/08\/Creatividad_HeadersBlog_agosto25_3.jpg","type":"image\/jpeg"}],"author":"Karen","twitter_misc":{"Written by":"Karen","Est. reading time":"4 minutos"},"schema":{"@context":"https:\/\/schema.org","@graph":[{"@type":"Article","@id":"https:\/\/utel.mx\/blog\/graduacion-utel\/magna-graduacion-utel-ciudad-de-mexico-2025\/#article","isPartOf":{"@id":"https:\/\/utel.mx\/blog\/graduacion-utel\/magna-graduacion-utel-ciudad-de-mexico-2025\/"},"author":{"name":"Karen","@id":"https:\/\/utel.mx\/blog\/#\/schema\/person\/7ba53e7cfb9fa41ad2fb24fe362e056d"},"headline":"Leticia Olgu\u00edn en la Magna Graduaci\u00f3n Utel Ciudad de M\u00e9xico 2025","datePublished":"2025-08-12T08:55:00+00:00","dateModified":"2025-08-15T15:39:00+00:00","mainEntityOfPage":{"@id":"https:\/\/utel.mx\/blog\/graduacion-utel\/magna-graduacion-utel-ciudad-de-mexico-2025\/"},"wordCount":862,"publisher":{"@id":"https:\/\/utel.mx\/blog\/#organization"},"image":{"@id":"https:\/\/utel.mx\/blog\/graduacion-utel\/magna-graduacion-utel-ciudad-de-mexico-2025\/#primaryimage"},"thumbnailUrl":"https:\/\/utel.mx\/blog\/wp-content\/uploads\/2025\/08\/Creatividad_HeadersBlog_agosto25_3.jpg","articleSection":["Graduaci\u00f3n Utel"],"inLanguage":"es"},{"@type":"WebPage","@id":"https:\/\/utel.mx\/blog\/graduacion-utel\/magna-graduacion-utel-ciudad-de-mexico-2025\/","url":"https:\/\/utel.mx\/blog\/graduacion-utel\/magna-graduacion-utel-ciudad-de-mexico-2025\/","name":"Leticia Olgu\u00edn en la Magna Graduaci\u00f3n Utel Ciudad de M\u00e9xico 2025 - BLOG | Utel","isPartOf":{"@id":"https:\/\/utel.mx\/blog\/#website"},"primaryImageOfPage":{"@id":"https:\/\/utel.mx\/blog\/graduacion-utel\/magna-graduacion-utel-ciudad-de-mexico-2025\/#primaryimage"},"image":{"@id":"https:\/\/utel.mx\/blog\/graduacion-utel\/magna-graduacion-utel-ciudad-de-mexico-2025\/#primaryimage"},"thumbnailUrl":"https:\/\/utel.mx\/blog\/wp-content\/uploads\/2025\/08\/Creatividad_HeadersBlog_agosto25_3.jpg","datePublished":"2025-08-12T08:55:00+00:00","dateModified":"2025-08-15T15:39:00+00:00","description":"En la Magna Graduaci\u00f3n Utel 2025, Leticia Olgu\u00edn reconoci\u00f3 el esfuerzo de los egresados y reafirm\u00f3 la validez de la educaci\u00f3n en l\u00ednea.","breadcrumb":{"@id":"https:\/\/utel.mx\/blog\/graduacion-utel\/magna-graduacion-utel-ciudad-de-mexico-2025\/#breadcrumb"},"inLanguage":"es","potentialAction":[{"@type":"ReadAction","target":["https:\/\/utel.mx\/blog\/graduacion-utel\/magna-graduacion-utel-ciudad-de-mexico-2025\/"]}]},{"@type":"ImageObject","inLanguage":"es","@id":"https:\/\/utel.mx\/blog\/graduacion-utel\/magna-graduacion-utel-ciudad-de-mexico-2025\/#primaryimage","url":"https:\/\/utel.mx\/blog\/wp-content\/uploads\/2025\/08\/Creatividad_HeadersBlog_agosto25_3.jpg","contentUrl":"https:\/\/utel.mx\/blog\/wp-content\/uploads\/2025\/08\/Creatividad_HeadersBlog_agosto25_3.jpg","width":600,"height":300,"caption":"Magna-Graduacion-Utel-Ciudad-de-Mexico-2025"},{"@type":"BreadcrumbList","@id":"https:\/\/utel.mx\/blog\/graduacion-utel\/magna-graduacion-utel-ciudad-de-mexico-2025\/#breadcrumb","itemListElement":[{"@type":"ListItem","position":1,"name":"Home","item":"https:\/\/utel.mx\/blog\/"},{"@type":"ListItem","position":2,"name":"Leticia Olgu\u00edn en la Magna Graduaci\u00f3n Utel Ciudad de M\u00e9xico 2025"}]},{"@type":"WebSite","@id":"https:\/\/utel.mx\/blog\/#website","url":"https:\/\/utel.mx\/blog\/","name":"BLOG | Utel","description":"Blog UTEL Universidad en L\u00ednea","publisher":{"@id":"https:\/\/utel.mx\/blog\/#organization"},"potentialAction":[{"@type":"SearchAction","target":{"@type":"EntryPoint","urlTemplate":"https:\/\/utel.mx\/blog\/?s={search_term_string}"},"query-input":{"@type":"PropertyValueSpecification","valueRequired":true,"valueName":"search_term_string"}}],"inLanguage":"es"},{"@type":"Organization","@id":"https:\/\/utel.mx\/blog\/#organization","name":"BLOG | Utel","url":"https:\/\/utel.mx\/blog\/","logo":{"@type":"ImageObject","inLanguage":"es","@id":"https:\/\/utel.mx\/blog\/#\/schema\/logo\/image\/","url":"https:\/\/utel.mx\/blog\/wp-content\/uploads\/2023\/03\/cropped-logo-blog.png","contentUrl":"https:\/\/utel.mx\/blog\/wp-content\/uploads\/2023\/03\/cropped-logo-blog.png","width":237,"height":64,"caption":"BLOG | Utel"},"image":{"@id":"https:\/\/utel.mx\/blog\/#\/schema\/logo\/image\/"}},{"@type":"Person","@id":"https:\/\/utel.mx\/blog\/#\/schema\/person\/7ba53e7cfb9fa41ad2fb24fe362e056d","name":"Karen","image":{"@type":"ImageObject","inLanguage":"es","@id":"https:\/\/utel.mx\/blog\/#\/schema\/person\/image\/","url":"https:\/\/secure.gravatar.com\/avatar\/64868b23d53f58e71f7258115a59d526?s=96&d=mm&r=g","contentUrl":"https:\/\/secure.gravatar.com\/avatar\/64868b23d53f58e71f7258115a59d526?s=96&d=mm&r=g","caption":"Karen"}}]}},"_links":{"self":[{"href":"https:\/\/utel.mx\/blog\/wp-json\/wp\/v2\/posts\/51427","targetHints":{"allow":["GET"]}}],"collection":[{"href":"https:\/\/utel.mx\/blog\/wp-json\/wp\/v2\/posts"}],"about":[{"href":"https:\/\/utel.mx\/blog\/wp-json\/wp\/v2\/types\/post"}],"author":[{"embeddable":true,"href":"https:\/\/utel.mx\/blog\/wp-json\/wp\/v2\/users\/78"}],"replies":[{"embeddable":true,"href":"https:\/\/utel.mx\/blog\/wp-json\/wp\/v2\/comments?post=51427"}],"version-history":[{"count":1,"href":"https:\/\/utel.mx\/blog\/wp-json\/wp\/v2\/posts\/51427\/revisions"}],"predecessor-version":[{"id":51429,"href":"https:\/\/utel.mx\/blog\/wp-json\/wp\/v2\/posts\/51427\/revisions\/51429"}],"wp:featuredmedia":[{"embeddable":true,"href":"https:\/\/utel.mx\/blog\/wp-json\/wp\/v2\/media\/51428"}],"wp:attachment":[{"href":"https:\/\/utel.mx\/blog\/wp-json\/wp\/v2\/media?parent=51427"}],"wp:term":[{"taxonomy":"category","embeddable":true,"href":"https:\/\/utel.mx\/blog\/wp-json\/wp\/v2\/categories?post=51427"},{"taxonomy":"post_tag","embeddable":true,"href":"https:\/\/utel.mx\/blog\/wp-json\/wp\/v2\/tags?post=51427"}],"curies":[{"name":"wp","href":"https:\/\/api.w.org\/{rel}","templated":true}]}}