{"id":51430,"date":"2025-08-13T08:55:00","date_gmt":"2025-08-13T08:55:00","guid":{"rendered":"https:\/\/utel.mx\/blog\/?p=51430"},"modified":"2025-08-15T19:10:07","modified_gmt":"2025-08-15T19:10:07","slug":"michael-ilczynski-en-la-magna-graduacion-utel-ciudad-de-mexico","status":"publish","type":"post","link":"https:\/\/utel.mx\/blog\/graduacion-utel\/michael-ilczynski-en-la-magna-graduacion-utel-ciudad-de-mexico\/","title":{"rendered":"Michael Ilczynski en la Magna Graduaci\u00f3n Utel Ciudad de M\u00e9xico 2025"},"content":{"rendered":"\n<p>En la <strong>Magna Graduaci\u00f3n Utel Ciudad de M\u00e9xico 2025<\/strong>, celebrada en el WTC de CDMX,<strong> Michael Ilczynski<\/strong>,<strong> Director General de Educaci\u00f3n en SEEK Investments<\/strong>, particip\u00f3 como invitado especial para compartir un mensaje inspirador a los m\u00e1s de 680 egresados de licenciatura, maestr\u00eda y doctorado que conmemoraban el fin de su etapa acad\u00e9mica y el inicio de nuevas oportunidades.\u00a0<\/p>\n\n\n\n<h2 class=\"wp-block-heading\"><strong>Palabras de Michael Ilczynski<\/strong><\/h2>\n\n\n\n<p>Con m\u00e1s de una d\u00e9cada de experiencia en liderazgo global, habiendo sido CEO de SEEK Ltd. y de Redbubble, Ilczynski <strong>comparti\u00f3 su visi\u00f3n sobre el impacto de la educaci\u00f3n universitaria<\/strong>, la importancia del coraje y el compromiso, y el papel de los graduados como agentes de cambio en sus familias y comunidades.<\/p>\n\n\n\n<p><em>\u201cI am very honored to be able to address you all. As while we do not know each other, we have one very important thing in common. That is, <\/em><strong><em>university education has and will change our lives<\/em><\/strong><em>. A university degree is like a superpower, and it is one that each of you now have gained. For me, university education enabled me to go from being the son of a refugee, the child of working class parents, to become a CEO of two global companies, and now to invest in education organizations right across the world. Education is transformational, and it will be for you also. But as well as gaining an education, by graduating from Utel, each of you have shown that you have two key characteristics, two behaviors, two virtues that will enable you to do anything in life.<\/em><\/p>\n\n\n\n<p><em>And these are <\/em><strong><em>courage and commitment<\/em><\/strong><em>. These two behaviors, courage and commitment, you can achieve anything. And you have now shown that you have these. It took courage for you to start your course with Utel, to challenge yourself, to risk failure. It took real courage for you to start, but you did. You did one of the hardest things in life, and that is to take the first step down an uncertain road. And then you did the second hardest thing. You showed great commitment to complete your degree.<\/em><\/p>\n\n\n\n<p><em>Over many years, you showed resilience, you showed <\/em><strong><em>perseverance to complete your diploma<\/em><\/strong><em>. In doing so, you have proven to yourself that you have these great qualities of courage and commitment. You have also become <\/em><strong><em>great role models for your family and your community<\/em><\/strong><em>. You have shown that you are someone to be admired, someone to be looked up to, someone that your parents, your spouse, your children can and should be very proud of.<\/em><em>So now you have a wonderful opportunity. You have the <\/em><strong><em>superpower of a university education<\/em><\/strong><em> and you have shown that you have the two most important qualities in life of courage and commitment. So use this opportunity to put all of these three things together. Take your degree and apply it in your work or your family or your community. Have the courage to try new things, to go for that promotion, to start that new business and then use your commitment to see it through and to make it successful. This will change your life, it will help your family, and it will improve your community. You have put yourself in an incredible position, and I congratulate you all, and I ask everyone here to join me in congratulating you now. Felicidades.<\/em><\/p>\n\n\n\n<p>Michael Ilczynski reflexiona sobre que una carrera universitaria otorga conocimientos brindando la capacidad de transformar vidas cuando se combina con valores como el coraje y el compromiso. Con sus palabras invita a que <strong>m\u00e1s personas se atrevan a dar ese primer paso, asumir el reto de superarse y perseverar hasta alcanzar sus metas.<\/strong> Tal como lo hicieron los graduados de la generaci\u00f3n 2025, cada nuevo estudiante que inicie este camino tiene en sus manos la posibilidad de cambiar su historia y convertirse en un ejemplo para su comunidad.<\/p>\n<div id=\"advads-2657161527\" class=\"advads-cta-lp-banner-form advads-entity-placement\"><a href=\"https:\/\/utel.mx\/blog\/admisiones-universidad-online\/?utm_source=blog&#038;utm_medium=CTAlink&#038;utm_campaign=MKTseo\" aria-label=\"Universidad en linea\"><img src=\"https:\/\/utel.mx\/blog\/wp-content\/uploads\/2025\/04\/universidad-en-linea-1.png\" alt=\"Universidad en linea\"  srcset=\"https:\/\/utel.mx\/blog\/wp-content\/uploads\/2025\/04\/universidad-en-linea-1.png 626w, https:\/\/utel.mx\/blog\/wp-content\/uploads\/2025\/04\/universidad-en-linea-1-420x168.png 420w\" sizes=\"(max-width: 626px) 100vw, 626px\" width=\"626\" height=\"250\"   \/><\/a><\/div>","protected":false},"excerpt":{"rendered":"<p> [&hellip;]<\/p>\n","protected":false},"author":78,"featured_media":51431,"comment_status":"closed","ping_status":"closed","sticky":false,"template":"","format":"standard","meta":{"_acf_changed":false,"site-sidebar-layout":"default","site-content-layout":"","ast-site-content-layout":"default","site-content-style":"default","site-sidebar-style":"default","ast-global-header-display":"","ast-banner-title-visibility":"","ast-main-header-display":"","ast-hfb-above-header-display":"","ast-hfb-below-header-display":"","ast-hfb-mobile-header-display":"","site-post-title":"","ast-breadcrumbs-content":"","ast-featured-img":"","footer-sml-layout":"","theme-transparent-header-meta":"","adv-header-id-meta":"","stick-header-meta":"","header-above-stick-meta":"","header-main-stick-meta":"","header-below-stick-meta":"","astra-migrate-meta-layouts":"set","ast-page-background-enabled":"default","ast-page-background-meta":{"desktop":{"background-color":"var(--ast-global-color-4)","background-image":"","background-repeat":"repeat","background-position":"center center","background-size":"auto","background-attachment":"scroll","background-type":"","background-media":"","overlay-type":"","overlay-color":"","overlay-gradient":""},"tablet":{"background-color":"","background-image":"","background-repeat":"repeat","background-position":"center center","background-size":"auto","background-attachment":"scroll","background-type":"","background-media":"","overlay-type":"","overlay-color":"","overlay-gradient":""},"mobile":{"background-color":"","background-image":"","background-repeat":"repeat","background-position":"center center","background-size":"auto","background-attachment":"scroll","background-type":"","background-media":"","overlay-type":"","overlay-color":"","overlay-gradient":""}},"ast-content-background-meta":{"desktop":{"background-color":"var(--ast-global-color-5)","background-image":"","background-repeat":"repeat","background-position":"center center","background-size":"auto","background-attachment":"scroll","background-type":"","background-media":"","overlay-type":"","overlay-color":"","overlay-gradient":""},"tablet":{"background-color":"var(--ast-global-color-5)","background-image":"","background-repeat":"repeat","background-position":"center center","background-size":"auto","background-attachment":"scroll","background-type":"","background-media":"","overlay-type":"","overlay-color":"","overlay-gradient":""},"mobile":{"background-color":"var(--ast-global-color-5)","background-image":"","background-repeat":"repeat","background-position":"center center","background-size":"auto","background-attachment":"scroll","background-type":"","background-media":"","overlay-type":"","overlay-color":"","overlay-gradient":""}},"footnotes":""},"categories":[3674],"tags":[],"class_list":["post-51430","post","type-post","status-publish","format-standard","has-post-thumbnail","hentry","category-graduacion-utel"],"acf":[],"yoast_head":"<!-- This site is optimized with the Yoast SEO plugin v26.8 - https:\/\/yoast.com\/product\/yoast-seo-wordpress\/ -->\n<title>Michael Ilczynski en la Magna Graduaci\u00f3n Utel Ciudad de M\u00e9xico 2025 - BLOG | Utel<\/title>\n<meta name=\"description\" content=\"En la Magna Graduaci\u00f3n Utel 2025, Michael Ilczynski inspir\u00f3 a los egresados a usar su \u201csuperpoder\u201d universitario\" \/>\n<meta name=\"robots\" content=\"index, follow, max-snippet:-1, max-image-preview:large, max-video-preview:-1\" \/>\n<link rel=\"canonical\" href=\"https:\/\/utel.mx\/blog\/graduacion-utel\/michael-ilczynski-en-la-magna-graduacion-utel-ciudad-de-mexico\/\" \/>\n<meta property=\"og:locale\" content=\"es_ES\" \/>\n<meta property=\"og:type\" content=\"article\" \/>\n<meta property=\"og:title\" content=\"Michael Ilczynski en la Magna Graduaci\u00f3n Utel Ciudad de M\u00e9xico 2025 - BLOG | Utel\" \/>\n<meta property=\"og:description\" content=\"En la Magna Graduaci\u00f3n Utel 2025, Michael Ilczynski inspir\u00f3 a los egresados a usar su \u201csuperpoder\u201d universitario\" \/>\n<meta property=\"og:url\" content=\"https:\/\/utel.mx\/blog\/graduacion-utel\/michael-ilczynski-en-la-magna-graduacion-utel-ciudad-de-mexico\/\" \/>\n<meta property=\"og:site_name\" content=\"BLOG | Utel\" \/>\n<meta property=\"article:published_time\" content=\"2025-08-13T08:55:00+00:00\" \/>\n<meta property=\"article:modified_time\" content=\"2025-08-15T19:10:07+00:00\" \/>\n<meta property=\"og:image\" content=\"https:\/\/utel.mx\/blog\/wp-content\/uploads\/2025\/08\/Creatividad_HeadersBlog_agosto25_4.jpg\" \/>\n\t<meta property=\"og:image:width\" content=\"600\" \/>\n\t<meta property=\"og:image:height\" content=\"300\" \/>\n\t<meta property=\"og:image:type\" content=\"image\/jpeg\" \/>\n<meta name=\"author\" content=\"Karen\" \/>\n<meta name=\"twitter:label1\" content=\"Written by\" \/>\n\t<meta name=\"twitter:data1\" content=\"Karen\" \/>\n\t<meta name=\"twitter:label2\" content=\"Est. reading time\" \/>\n\t<meta name=\"twitter:data2\" content=\"3 minutos\" \/>\n<script type=\"application\/ld+json\" class=\"yoast-schema-graph\">{\"@context\":\"https:\/\/schema.org\",\"@graph\":[{\"@type\":\"Article\",\"@id\":\"https:\/\/utel.mx\/blog\/graduacion-utel\/michael-ilczynski-en-la-magna-graduacion-utel-ciudad-de-mexico\/#article\",\"isPartOf\":{\"@id\":\"https:\/\/utel.mx\/blog\/graduacion-utel\/michael-ilczynski-en-la-magna-graduacion-utel-ciudad-de-mexico\/\"},\"author\":{\"name\":\"Karen\",\"@id\":\"https:\/\/utel.mx\/blog\/#\/schema\/person\/7ba53e7cfb9fa41ad2fb24fe362e056d\"},\"headline\":\"Michael Ilczynski en la Magna Graduaci\u00f3n Utel Ciudad de M\u00e9xico 2025\",\"datePublished\":\"2025-08-13T08:55:00+00:00\",\"dateModified\":\"2025-08-15T19:10:07+00:00\",\"mainEntityOfPage\":{\"@id\":\"https:\/\/utel.mx\/blog\/graduacion-utel\/michael-ilczynski-en-la-magna-graduacion-utel-ciudad-de-mexico\/\"},\"wordCount\":661,\"publisher\":{\"@id\":\"https:\/\/utel.mx\/blog\/#organization\"},\"image\":{\"@id\":\"https:\/\/utel.mx\/blog\/graduacion-utel\/michael-ilczynski-en-la-magna-graduacion-utel-ciudad-de-mexico\/#primaryimage\"},\"thumbnailUrl\":\"https:\/\/utel.mx\/blog\/wp-content\/uploads\/2025\/08\/Creatividad_HeadersBlog_agosto25_4.jpg\",\"articleSection\":[\"Graduaci\u00f3n Utel\"],\"inLanguage\":\"es\"},{\"@type\":\"WebPage\",\"@id\":\"https:\/\/utel.mx\/blog\/graduacion-utel\/michael-ilczynski-en-la-magna-graduacion-utel-ciudad-de-mexico\/\",\"url\":\"https:\/\/utel.mx\/blog\/graduacion-utel\/michael-ilczynski-en-la-magna-graduacion-utel-ciudad-de-mexico\/\",\"name\":\"Michael Ilczynski en la Magna Graduaci\u00f3n Utel Ciudad de M\u00e9xico 2025 - BLOG | Utel\",\"isPartOf\":{\"@id\":\"https:\/\/utel.mx\/blog\/#website\"},\"primaryImageOfPage\":{\"@id\":\"https:\/\/utel.mx\/blog\/graduacion-utel\/michael-ilczynski-en-la-magna-graduacion-utel-ciudad-de-mexico\/#primaryimage\"},\"image\":{\"@id\":\"https:\/\/utel.mx\/blog\/graduacion-utel\/michael-ilczynski-en-la-magna-graduacion-utel-ciudad-de-mexico\/#primaryimage\"},\"thumbnailUrl\":\"https:\/\/utel.mx\/blog\/wp-content\/uploads\/2025\/08\/Creatividad_HeadersBlog_agosto25_4.jpg\",\"datePublished\":\"2025-08-13T08:55:00+00:00\",\"dateModified\":\"2025-08-15T19:10:07+00:00\",\"description\":\"En la Magna Graduaci\u00f3n Utel 2025, Michael Ilczynski inspir\u00f3 a los egresados a usar su \u201csuperpoder\u201d universitario\",\"breadcrumb\":{\"@id\":\"https:\/\/utel.mx\/blog\/graduacion-utel\/michael-ilczynski-en-la-magna-graduacion-utel-ciudad-de-mexico\/#breadcrumb\"},\"inLanguage\":\"es\",\"potentialAction\":[{\"@type\":\"ReadAction\",\"target\":[\"https:\/\/utel.mx\/blog\/graduacion-utel\/michael-ilczynski-en-la-magna-graduacion-utel-ciudad-de-mexico\/\"]}]},{\"@type\":\"ImageObject\",\"inLanguage\":\"es\",\"@id\":\"https:\/\/utel.mx\/blog\/graduacion-utel\/michael-ilczynski-en-la-magna-graduacion-utel-ciudad-de-mexico\/#primaryimage\",\"url\":\"https:\/\/utel.mx\/blog\/wp-content\/uploads\/2025\/08\/Creatividad_HeadersBlog_agosto25_4.jpg\",\"contentUrl\":\"https:\/\/utel.mx\/blog\/wp-content\/uploads\/2025\/08\/Creatividad_HeadersBlog_agosto25_4.jpg\",\"width\":600,\"height\":300,\"caption\":\"Michael-Ilczynski-en-la-Magna-Graduacion-Utel-Ciudad-de-Mexico\"},{\"@type\":\"BreadcrumbList\",\"@id\":\"https:\/\/utel.mx\/blog\/graduacion-utel\/michael-ilczynski-en-la-magna-graduacion-utel-ciudad-de-mexico\/#breadcrumb\",\"itemListElement\":[{\"@type\":\"ListItem\",\"position\":1,\"name\":\"Home\",\"item\":\"https:\/\/utel.mx\/blog\/\"},{\"@type\":\"ListItem\",\"position\":2,\"name\":\"Michael Ilczynski en la Magna Graduaci\u00f3n Utel Ciudad de M\u00e9xico 2025\"}]},{\"@type\":\"WebSite\",\"@id\":\"https:\/\/utel.mx\/blog\/#website\",\"url\":\"https:\/\/utel.mx\/blog\/\",\"name\":\"BLOG | Utel\",\"description\":\"Blog UTEL Universidad en L\u00ednea\",\"publisher\":{\"@id\":\"https:\/\/utel.mx\/blog\/#organization\"},\"potentialAction\":[{\"@type\":\"SearchAction\",\"target\":{\"@type\":\"EntryPoint\",\"urlTemplate\":\"https:\/\/utel.mx\/blog\/?s={search_term_string}\"},\"query-input\":{\"@type\":\"PropertyValueSpecification\",\"valueRequired\":true,\"valueName\":\"search_term_string\"}}],\"inLanguage\":\"es\"},{\"@type\":\"Organization\",\"@id\":\"https:\/\/utel.mx\/blog\/#organization\",\"name\":\"BLOG | Utel\",\"url\":\"https:\/\/utel.mx\/blog\/\",\"logo\":{\"@type\":\"ImageObject\",\"inLanguage\":\"es\",\"@id\":\"https:\/\/utel.mx\/blog\/#\/schema\/logo\/image\/\",\"url\":\"https:\/\/utel.mx\/blog\/wp-content\/uploads\/2023\/03\/cropped-logo-blog.png\",\"contentUrl\":\"https:\/\/utel.mx\/blog\/wp-content\/uploads\/2023\/03\/cropped-logo-blog.png\",\"width\":237,\"height\":64,\"caption\":\"BLOG | Utel\"},\"image\":{\"@id\":\"https:\/\/utel.mx\/blog\/#\/schema\/logo\/image\/\"}},{\"@type\":\"Person\",\"@id\":\"https:\/\/utel.mx\/blog\/#\/schema\/person\/7ba53e7cfb9fa41ad2fb24fe362e056d\",\"name\":\"Karen\",\"image\":{\"@type\":\"ImageObject\",\"inLanguage\":\"es\",\"@id\":\"https:\/\/utel.mx\/blog\/#\/schema\/person\/image\/\",\"url\":\"https:\/\/secure.gravatar.com\/avatar\/64868b23d53f58e71f7258115a59d526?s=96&d=mm&r=g\",\"contentUrl\":\"https:\/\/secure.gravatar.com\/avatar\/64868b23d53f58e71f7258115a59d526?s=96&d=mm&r=g\",\"caption\":\"Karen\"}}]}<\/script>\n<!-- \/ Yoast SEO plugin. -->","yoast_head_json":{"title":"Michael Ilczynski en la Magna Graduaci\u00f3n Utel Ciudad de M\u00e9xico 2025 - BLOG | Utel","description":"En la Magna Graduaci\u00f3n Utel 2025, Michael Ilczynski inspir\u00f3 a los egresados a usar su \u201csuperpoder\u201d universitario","robots":{"index":"index","follow":"follow","max-snippet":"max-snippet:-1","max-image-preview":"max-image-preview:large","max-video-preview":"max-video-preview:-1"},"canonical":"https:\/\/utel.mx\/blog\/graduacion-utel\/michael-ilczynski-en-la-magna-graduacion-utel-ciudad-de-mexico\/","og_locale":"es_ES","og_type":"article","og_title":"Michael Ilczynski en la Magna Graduaci\u00f3n Utel Ciudad de M\u00e9xico 2025 - BLOG | Utel","og_description":"En la Magna Graduaci\u00f3n Utel 2025, Michael Ilczynski inspir\u00f3 a los egresados a usar su \u201csuperpoder\u201d universitario","og_url":"https:\/\/utel.mx\/blog\/graduacion-utel\/michael-ilczynski-en-la-magna-graduacion-utel-ciudad-de-mexico\/","og_site_name":"BLOG | Utel","article_published_time":"2025-08-13T08:55:00+00:00","article_modified_time":"2025-08-15T19:10:07+00:00","og_image":[{"width":600,"height":300,"url":"https:\/\/utel.mx\/blog\/wp-content\/uploads\/2025\/08\/Creatividad_HeadersBlog_agosto25_4.jpg","type":"image\/jpeg"}],"author":"Karen","twitter_misc":{"Written by":"Karen","Est. reading time":"3 minutos"},"schema":{"@context":"https:\/\/schema.org","@graph":[{"@type":"Article","@id":"https:\/\/utel.mx\/blog\/graduacion-utel\/michael-ilczynski-en-la-magna-graduacion-utel-ciudad-de-mexico\/#article","isPartOf":{"@id":"https:\/\/utel.mx\/blog\/graduacion-utel\/michael-ilczynski-en-la-magna-graduacion-utel-ciudad-de-mexico\/"},"author":{"name":"Karen","@id":"https:\/\/utel.mx\/blog\/#\/schema\/person\/7ba53e7cfb9fa41ad2fb24fe362e056d"},"headline":"Michael Ilczynski en la Magna Graduaci\u00f3n Utel Ciudad de M\u00e9xico 2025","datePublished":"2025-08-13T08:55:00+00:00","dateModified":"2025-08-15T19:10:07+00:00","mainEntityOfPage":{"@id":"https:\/\/utel.mx\/blog\/graduacion-utel\/michael-ilczynski-en-la-magna-graduacion-utel-ciudad-de-mexico\/"},"wordCount":661,"publisher":{"@id":"https:\/\/utel.mx\/blog\/#organization"},"image":{"@id":"https:\/\/utel.mx\/blog\/graduacion-utel\/michael-ilczynski-en-la-magna-graduacion-utel-ciudad-de-mexico\/#primaryimage"},"thumbnailUrl":"https:\/\/utel.mx\/blog\/wp-content\/uploads\/2025\/08\/Creatividad_HeadersBlog_agosto25_4.jpg","articleSection":["Graduaci\u00f3n Utel"],"inLanguage":"es"},{"@type":"WebPage","@id":"https:\/\/utel.mx\/blog\/graduacion-utel\/michael-ilczynski-en-la-magna-graduacion-utel-ciudad-de-mexico\/","url":"https:\/\/utel.mx\/blog\/graduacion-utel\/michael-ilczynski-en-la-magna-graduacion-utel-ciudad-de-mexico\/","name":"Michael Ilczynski en la Magna Graduaci\u00f3n Utel Ciudad de M\u00e9xico 2025 - BLOG | Utel","isPartOf":{"@id":"https:\/\/utel.mx\/blog\/#website"},"primaryImageOfPage":{"@id":"https:\/\/utel.mx\/blog\/graduacion-utel\/michael-ilczynski-en-la-magna-graduacion-utel-ciudad-de-mexico\/#primaryimage"},"image":{"@id":"https:\/\/utel.mx\/blog\/graduacion-utel\/michael-ilczynski-en-la-magna-graduacion-utel-ciudad-de-mexico\/#primaryimage"},"thumbnailUrl":"https:\/\/utel.mx\/blog\/wp-content\/uploads\/2025\/08\/Creatividad_HeadersBlog_agosto25_4.jpg","datePublished":"2025-08-13T08:55:00+00:00","dateModified":"2025-08-15T19:10:07+00:00","description":"En la Magna Graduaci\u00f3n Utel 2025, Michael Ilczynski inspir\u00f3 a los egresados a usar su \u201csuperpoder\u201d universitario","breadcrumb":{"@id":"https:\/\/utel.mx\/blog\/graduacion-utel\/michael-ilczynski-en-la-magna-graduacion-utel-ciudad-de-mexico\/#breadcrumb"},"inLanguage":"es","potentialAction":[{"@type":"ReadAction","target":["https:\/\/utel.mx\/blog\/graduacion-utel\/michael-ilczynski-en-la-magna-graduacion-utel-ciudad-de-mexico\/"]}]},{"@type":"ImageObject","inLanguage":"es","@id":"https:\/\/utel.mx\/blog\/graduacion-utel\/michael-ilczynski-en-la-magna-graduacion-utel-ciudad-de-mexico\/#primaryimage","url":"https:\/\/utel.mx\/blog\/wp-content\/uploads\/2025\/08\/Creatividad_HeadersBlog_agosto25_4.jpg","contentUrl":"https:\/\/utel.mx\/blog\/wp-content\/uploads\/2025\/08\/Creatividad_HeadersBlog_agosto25_4.jpg","width":600,"height":300,"caption":"Michael-Ilczynski-en-la-Magna-Graduacion-Utel-Ciudad-de-Mexico"},{"@type":"BreadcrumbList","@id":"https:\/\/utel.mx\/blog\/graduacion-utel\/michael-ilczynski-en-la-magna-graduacion-utel-ciudad-de-mexico\/#breadcrumb","itemListElement":[{"@type":"ListItem","position":1,"name":"Home","item":"https:\/\/utel.mx\/blog\/"},{"@type":"ListItem","position":2,"name":"Michael Ilczynski en la Magna Graduaci\u00f3n Utel Ciudad de M\u00e9xico 2025"}]},{"@type":"WebSite","@id":"https:\/\/utel.mx\/blog\/#website","url":"https:\/\/utel.mx\/blog\/","name":"BLOG | Utel","description":"Blog UTEL Universidad en L\u00ednea","publisher":{"@id":"https:\/\/utel.mx\/blog\/#organization"},"potentialAction":[{"@type":"SearchAction","target":{"@type":"EntryPoint","urlTemplate":"https:\/\/utel.mx\/blog\/?s={search_term_string}"},"query-input":{"@type":"PropertyValueSpecification","valueRequired":true,"valueName":"search_term_string"}}],"inLanguage":"es"},{"@type":"Organization","@id":"https:\/\/utel.mx\/blog\/#organization","name":"BLOG | Utel","url":"https:\/\/utel.mx\/blog\/","logo":{"@type":"ImageObject","inLanguage":"es","@id":"https:\/\/utel.mx\/blog\/#\/schema\/logo\/image\/","url":"https:\/\/utel.mx\/blog\/wp-content\/uploads\/2023\/03\/cropped-logo-blog.png","contentUrl":"https:\/\/utel.mx\/blog\/wp-content\/uploads\/2023\/03\/cropped-logo-blog.png","width":237,"height":64,"caption":"BLOG | Utel"},"image":{"@id":"https:\/\/utel.mx\/blog\/#\/schema\/logo\/image\/"}},{"@type":"Person","@id":"https:\/\/utel.mx\/blog\/#\/schema\/person\/7ba53e7cfb9fa41ad2fb24fe362e056d","name":"Karen","image":{"@type":"ImageObject","inLanguage":"es","@id":"https:\/\/utel.mx\/blog\/#\/schema\/person\/image\/","url":"https:\/\/secure.gravatar.com\/avatar\/64868b23d53f58e71f7258115a59d526?s=96&d=mm&r=g","contentUrl":"https:\/\/secure.gravatar.com\/avatar\/64868b23d53f58e71f7258115a59d526?s=96&d=mm&r=g","caption":"Karen"}}]}},"_links":{"self":[{"href":"https:\/\/utel.mx\/blog\/wp-json\/wp\/v2\/posts\/51430","targetHints":{"allow":["GET"]}}],"collection":[{"href":"https:\/\/utel.mx\/blog\/wp-json\/wp\/v2\/posts"}],"about":[{"href":"https:\/\/utel.mx\/blog\/wp-json\/wp\/v2\/types\/post"}],"author":[{"embeddable":true,"href":"https:\/\/utel.mx\/blog\/wp-json\/wp\/v2\/users\/78"}],"replies":[{"embeddable":true,"href":"https:\/\/utel.mx\/blog\/wp-json\/wp\/v2\/comments?post=51430"}],"version-history":[{"count":1,"href":"https:\/\/utel.mx\/blog\/wp-json\/wp\/v2\/posts\/51430\/revisions"}],"predecessor-version":[{"id":51432,"href":"https:\/\/utel.mx\/blog\/wp-json\/wp\/v2\/posts\/51430\/revisions\/51432"}],"wp:featuredmedia":[{"embeddable":true,"href":"https:\/\/utel.mx\/blog\/wp-json\/wp\/v2\/media\/51431"}],"wp:attachment":[{"href":"https:\/\/utel.mx\/blog\/wp-json\/wp\/v2\/media?parent=51430"}],"wp:term":[{"taxonomy":"category","embeddable":true,"href":"https:\/\/utel.mx\/blog\/wp-json\/wp\/v2\/categories?post=51430"},{"taxonomy":"post_tag","embeddable":true,"href":"https:\/\/utel.mx\/blog\/wp-json\/wp\/v2\/tags?post=51430"}],"curies":[{"name":"wp","href":"https:\/\/api.w.org\/{rel}","templated":true}]}}