{"id":51433,"date":"2025-08-14T08:00:00","date_gmt":"2025-08-14T08:00:00","guid":{"rendered":"https:\/\/utel.mx\/blog\/?p=51433"},"modified":"2025-08-18T14:19:58","modified_gmt":"2025-08-18T14:19:58","slug":"representante-de-generacion-magna-graduacion-utel-cdmx","status":"publish","type":"post","link":"https:\/\/utel.mx\/blog\/graduacion-utel\/representante-de-generacion-magna-graduacion-utel-cdmx\/","title":{"rendered":"Palabras de la Representante de Generaci\u00f3n Jimena Nevares Apodaca en la Magna Graduaci\u00f3n Utel Ciudad de M\u00e9xico 2025"},"content":{"rendered":"\n<p>En la <strong>Magna Graduaci\u00f3n Utel Ciudad de M\u00e9xico 2025, Jimena Nevares Apodaca, egresada del Doctorado en Administraci\u00f3n Estrat\u00e9gica Empresarial<\/strong>, particip\u00f3 como <strong>Representante de Generaci\u00f3n<\/strong>. Actualmente se desempe\u00f1a como Secretaria de Vinculaci\u00f3n en la Universidad Tecnol\u00f3gica de Paquim\u00e9, cargo al que ascendi\u00f3 recientemente gracias a los conocimientos adquiridos en su formaci\u00f3n profesional, incluyendo su doctorado en Utel.\u00a0<\/p>\n\n\n\n<p>Jimena es un claro reflejo del compromiso de Utel con la <strong>formaci\u00f3n de alto nivel acad\u00e9mico<\/strong>, ya que somos una universidad que ofrece <strong>programas de doctorado<\/strong> reconocidos que forman profesionales capaces de alcanzar los m\u00e1s altos est\u00e1ndares en sus \u00e1reas.<\/p>\n\n\n\n<h2 class=\"wp-block-heading\"><strong>Palabras de la Representante de Generaci\u00f3n Jimena Nevares Apodaca<\/strong><\/h2>\n\n\n\n<p>Con un <strong>emotivo mensaje<\/strong>, Jimena Nevares rindi\u00f3 homenaje a quienes la acompa\u00f1aron en este camino y alent\u00f3 a sus compa\u00f1eros a seguir <strong>conquistando metas con humildad y compromiso.<\/strong><\/p>\n\n\n\n<p><em>El futuro pertenece a quienes creen en la belleza de sus sue\u00f1os. Eleonor Roosevelt. Muy buenas noches tengan todos ustedes, estimados compa\u00f1eros graduandos, distinguidas autoridades que nos acompa\u00f1an, familiares, amigos y p\u00fablico en general.<\/em><\/p>\n\n\n\n<p><em>Mi nombre es Jimena Nevares Apodaca. Soy originaria del municipio de Namiquipa, en el estado de Chihuahua, y hoy, \u00a1arriba Chihuahua!, me grad\u00fao del Doctorado en Administraci\u00f3n Estrat\u00e9gica Empresarial. Actualmente estoy a cargo de la Secretar\u00eda de Vinculaci\u00f3n en la Universidad Tecnol\u00f3gica de Paquim\u00e9, cargo al que recientemente fui ascendida gracias a los conocimientos y habilidades que he adquirido en mi formaci\u00f3n profesional, incluyendo mi doctorado. Es para m\u00ed un honor ser la representante de la generaci\u00f3n Utel 2025. Me siento muy emocionada y profundamente agradecida por este espacio.<\/em><\/p>\n\n\n\n<p><em>Antes de continuar, me gustar\u00eda preguntarles: \u00bfcu\u00e1ntos est\u00e1bamos esperando con ansias este d\u00eda? Levanten su mano, por favor. Sin duda, todos lo esper\u00e1bamos. Y afortunadamente esa espera termin\u00f3 el d\u00eda de hoy. Estamos aqu\u00ed reunidos para celebrar uno de los eventos m\u00e1s significativos de nuestras vidas: nuestra graduaci\u00f3n. Un motivo para sentirnos sumamente orgullosos, porque solo cada uno sabe lo que implic\u00f3 llegar hasta aqu\u00ed. Lo que hoy estamos disfrutando empez\u00f3 desde el momento en que tomamos la valiente decisi\u00f3n de aventurarnos a estudiar, conscientes del reto que significaba: desde enfrentarnos al estr\u00e9s, pasar desveladas, ser rega\u00f1ados por alg\u00fan que otro profesor, sentir miedo de no lograrlo y, lo m\u00e1s dif\u00edcil, sacrificar tiempo con nuestra familia. Y aun con todo eso no desistimos, porque tuvimos un objetivo claro y adem\u00e1s contamos con el invaluable apoyo de nuestros seres queridos, quienes hoy se sienten igual de felices y orgullosos de vernos aqu\u00ed.<\/em><\/p>\n\n\n\n<p><em>Quiero hacer una pausa para expresar mi agradecimiento a quienes me acompa\u00f1aron en este camino. Primeramente, gracias a Dios que siempre me sostiene en sus manos. Gracias a mis padres por su amor incondicional y porque viajaron conmigo 28 horas para estar aqu\u00ed esta tarde. Este logro tambi\u00e9n es para mis amigos, para mis profesores, para mis compa\u00f1eros paisanos, para mis compa\u00f1eros de Chile y Colombia con quienes tuve la fortuna de compartir aula, y para todas aquellas personas que, de una u otra manera, contribuyeron para que yo pudiera concluir mi doctorado. Muchas gracias. Tambi\u00e9n quiero dedicar este logro a una persona muy especial que desde el cielo me acompa\u00f1a y seguramente se siente muy contenta y orgullosa de lo que hoy est\u00e1 sucediendo. Mi hermana Sonia, este logro es para ti. Lo logramos, lo logramos.<\/em><\/p>\n\n\n\n<p><em>S\u00e9 que cada uno de ustedes tambi\u00e9n tiene a alguien a quien agradecerle en esta tarde. Por eso, compa\u00f1eros graduandos, les invito a que quienes puedan nos pongamos de pie y traigan a su mente a quienes estuvieron con ustedes en este proceso: su familia, sus amigos, sus seres queridos, los que est\u00e1n aqu\u00ed presentes y los que desde all\u00e1 arriba est\u00e1n con nosotros. Les brindamos un fuerte aplauso. Gracias por estar aqu\u00ed. Los amamos. Pueden tomar su lugar. Muchas gracias.<\/em><\/p>\n\n\n\n<p><em>Este momento es muy emotivo y nos llena de orgullo estar en nuestra graduaci\u00f3n. Pero esto no termina aqu\u00ed. Cada fin de una etapa representa el nuevo comienzo de otra. Por eso, esta noche les invito a que sigamos prepar\u00e1ndonos en nuestra casa de estudios, Utel, y que quienes hoy terminan su licenciatura que, d\u00e9jenme decirles, es solo el 8 % de los mexicanos, contin\u00faen con su maestr\u00eda. Quienes terminan hoy su maestr\u00eda, que forman parte del 4 % de mexicanos que la concluyen, sigan su doctorado. Y que quienes hoy formamos parte del 1 % de mexicanos que terminan un doctorado, continuemos actualiz\u00e1ndonos y capacit\u00e1ndonos.<\/em><\/p>\n\n\n\n<p><em>Pero sobre todo, les invito a que seamos mejores personas, mejores humanos. Portemos con orgullo nuestro t\u00edtulo acad\u00e9mico, pero siempre con los pies en la tierra, siendo sencillos y humildes de coraz\u00f3n. Como me dijo mi primera maestra del doctorado: <\/em><strong><em>el conocimiento que hoy adquirimos hay que compartirlo para que sea fruct\u00edfero.<\/em><\/strong><em>Por \u00faltimo, sigan conquistando sus metas y que todas vuestras cosas sean hechas con amor, como dice Primera de Corintios 16:14, porque el amor mueve monta\u00f1as y nos ayuda a lograr todo lo que nos proponemos. Recuerden que a\u00fan nos queda camino por recorrer y tanto en la tierra como en el cielo hay a quienes seguir llenando de orgullo. Les deseo todo el amor y el \u00e9xito en lo que realicen. Y recuerden: <\/em><strong><em>una vez Utel, siempre Utel. Felicidades, generaci\u00f3n 2025. Que Dios me los bendiga y muchas gracias.<\/em><\/strong><\/p>\n\n\n\n<p>Jimena Nevares con su mensaje record\u00f3 que <strong>cada logro acad\u00e9mico es fruto de esfuerzo, perseverancia y apoyo mutuo<\/strong>. Sus palabras invitan a m\u00e1s personas a continuar con su formaci\u00f3n profesional y a que usen el conocimiento como una herramienta para servir, inspirar y transformar. La generaci\u00f3n 2025 se despide con la meta de seguir construyendo un legado que trascienda en sus comunidades.<\/p>\n\n\n\n<p><\/p>\n<div id=\"advads-620342076\" class=\"advads-cta-lp-banner-form advads-entity-placement\"><a href=\"https:\/\/utel.mx\/blog\/admisiones-universidad-online\/?utm_source=blog&#038;utm_medium=CTAlink&#038;utm_campaign=MKTseo\" aria-label=\"Universidad en linea\"><img src=\"https:\/\/utel.mx\/blog\/wp-content\/uploads\/2025\/04\/universidad-en-linea-1.png\" alt=\"Universidad en linea\"  srcset=\"https:\/\/utel.mx\/blog\/wp-content\/uploads\/2025\/04\/universidad-en-linea-1.png 626w, https:\/\/utel.mx\/blog\/wp-content\/uploads\/2025\/04\/universidad-en-linea-1-420x168.png 420w\" sizes=\"(max-width: 626px) 100vw, 626px\" width=\"626\" height=\"250\"   \/><\/a><\/div>","protected":false},"excerpt":{"rendered":"<p> [&hellip;]<\/p>\n","protected":false},"author":78,"featured_media":51435,"comment_status":"closed","ping_status":"closed","sticky":false,"template":"","format":"standard","meta":{"_acf_changed":false,"site-sidebar-layout":"default","site-content-layout":"","ast-site-content-layout":"default","site-content-style":"default","site-sidebar-style":"default","ast-global-header-display":"","ast-banner-title-visibility":"","ast-main-header-display":"","ast-hfb-above-header-display":"","ast-hfb-below-header-display":"","ast-hfb-mobile-header-display":"","site-post-title":"","ast-breadcrumbs-content":"","ast-featured-img":"","footer-sml-layout":"","theme-transparent-header-meta":"","adv-header-id-meta":"","stick-header-meta":"","header-above-stick-meta":"","header-main-stick-meta":"","header-below-stick-meta":"","astra-migrate-meta-layouts":"set","ast-page-background-enabled":"default","ast-page-background-meta":{"desktop":{"background-color":"var(--ast-global-color-4)","background-image":"","background-repeat":"repeat","background-position":"center center","background-size":"auto","background-attachment":"scroll","background-type":"","background-media":"","overlay-type":"","overlay-color":"","overlay-gradient":""},"tablet":{"background-color":"","background-image":"","background-repeat":"repeat","background-position":"center center","background-size":"auto","background-attachment":"scroll","background-type":"","background-media":"","overlay-type":"","overlay-color":"","overlay-gradient":""},"mobile":{"background-color":"","background-image":"","background-repeat":"repeat","background-position":"center center","background-size":"auto","background-attachment":"scroll","background-type":"","background-media":"","overlay-type":"","overlay-color":"","overlay-gradient":""}},"ast-content-background-meta":{"desktop":{"background-color":"var(--ast-global-color-5)","background-image":"","background-repeat":"repeat","background-position":"center center","background-size":"auto","background-attachment":"scroll","background-type":"","background-media":"","overlay-type":"","overlay-color":"","overlay-gradient":""},"tablet":{"background-color":"var(--ast-global-color-5)","background-image":"","background-repeat":"repeat","background-position":"center center","background-size":"auto","background-attachment":"scroll","background-type":"","background-media":"","overlay-type":"","overlay-color":"","overlay-gradient":""},"mobile":{"background-color":"var(--ast-global-color-5)","background-image":"","background-repeat":"repeat","background-position":"center center","background-size":"auto","background-attachment":"scroll","background-type":"","background-media":"","overlay-type":"","overlay-color":"","overlay-gradient":""}},"footnotes":""},"categories":[3674],"tags":[],"class_list":["post-51433","post","type-post","status-publish","format-standard","has-post-thumbnail","hentry","category-graduacion-utel"],"acf":[],"yoast_head":"<!-- This site is optimized with the Yoast SEO plugin v26.8 - https:\/\/yoast.com\/product\/yoast-seo-wordpress\/ -->\n<title>Palabras de la Representante de Generaci\u00f3n Jimena Nevares Apodaca en la Magna Graduaci\u00f3n Utel Ciudad de M\u00e9xico 2025 - BLOG | Utel<\/title>\n<meta name=\"description\" content=\"En la Magna Graduaci\u00f3n Utel 2025, Jimena Nevares, representante de generaci\u00f3n, celebr\u00f3 con gratitud y motiv\u00f3 a sus compa\u00f1eros.\" \/>\n<meta name=\"robots\" content=\"index, follow, max-snippet:-1, max-image-preview:large, max-video-preview:-1\" \/>\n<link rel=\"canonical\" href=\"https:\/\/utel.mx\/blog\/graduacion-utel\/representante-de-generacion-magna-graduacion-utel-cdmx\/\" \/>\n<meta property=\"og:locale\" content=\"es_ES\" \/>\n<meta property=\"og:type\" content=\"article\" \/>\n<meta property=\"og:title\" content=\"Palabras de la Representante de Generaci\u00f3n Jimena Nevares Apodaca en la Magna Graduaci\u00f3n Utel Ciudad de M\u00e9xico 2025 - BLOG | Utel\" \/>\n<meta property=\"og:description\" content=\"En la Magna Graduaci\u00f3n Utel 2025, Jimena Nevares, representante de generaci\u00f3n, celebr\u00f3 con gratitud y motiv\u00f3 a sus compa\u00f1eros.\" \/>\n<meta property=\"og:url\" content=\"https:\/\/utel.mx\/blog\/graduacion-utel\/representante-de-generacion-magna-graduacion-utel-cdmx\/\" \/>\n<meta property=\"og:site_name\" content=\"BLOG | Utel\" \/>\n<meta property=\"article:published_time\" content=\"2025-08-14T08:00:00+00:00\" \/>\n<meta property=\"article:modified_time\" content=\"2025-08-18T14:19:58+00:00\" \/>\n<meta property=\"og:image\" content=\"https:\/\/utel.mx\/blog\/wp-content\/uploads\/2025\/08\/Creatividad_HeadersBlog_agosto25_2.jpg\" \/>\n\t<meta property=\"og:image:width\" content=\"600\" \/>\n\t<meta property=\"og:image:height\" content=\"300\" \/>\n\t<meta property=\"og:image:type\" content=\"image\/jpeg\" \/>\n<meta name=\"author\" content=\"Karen\" \/>\n<meta name=\"twitter:label1\" content=\"Written by\" \/>\n\t<meta name=\"twitter:data1\" content=\"Karen\" \/>\n\t<meta name=\"twitter:label2\" content=\"Est. reading time\" \/>\n\t<meta name=\"twitter:data2\" content=\"5 minutos\" \/>\n<script type=\"application\/ld+json\" class=\"yoast-schema-graph\">{\"@context\":\"https:\/\/schema.org\",\"@graph\":[{\"@type\":\"Article\",\"@id\":\"https:\/\/utel.mx\/blog\/graduacion-utel\/representante-de-generacion-magna-graduacion-utel-cdmx\/#article\",\"isPartOf\":{\"@id\":\"https:\/\/utel.mx\/blog\/graduacion-utel\/representante-de-generacion-magna-graduacion-utel-cdmx\/\"},\"author\":{\"name\":\"Karen\",\"@id\":\"https:\/\/utel.mx\/blog\/#\/schema\/person\/7ba53e7cfb9fa41ad2fb24fe362e056d\"},\"headline\":\"Palabras de la Representante de Generaci\u00f3n Jimena Nevares Apodaca en la Magna Graduaci\u00f3n Utel Ciudad de M\u00e9xico 2025\",\"datePublished\":\"2025-08-14T08:00:00+00:00\",\"dateModified\":\"2025-08-18T14:19:58+00:00\",\"mainEntityOfPage\":{\"@id\":\"https:\/\/utel.mx\/blog\/graduacion-utel\/representante-de-generacion-magna-graduacion-utel-cdmx\/\"},\"wordCount\":1015,\"publisher\":{\"@id\":\"https:\/\/utel.mx\/blog\/#organization\"},\"image\":{\"@id\":\"https:\/\/utel.mx\/blog\/graduacion-utel\/representante-de-generacion-magna-graduacion-utel-cdmx\/#primaryimage\"},\"thumbnailUrl\":\"https:\/\/utel.mx\/blog\/wp-content\/uploads\/2025\/08\/Creatividad_HeadersBlog_agosto25_2.jpg\",\"articleSection\":[\"Graduaci\u00f3n Utel\"],\"inLanguage\":\"es\"},{\"@type\":\"WebPage\",\"@id\":\"https:\/\/utel.mx\/blog\/graduacion-utel\/representante-de-generacion-magna-graduacion-utel-cdmx\/\",\"url\":\"https:\/\/utel.mx\/blog\/graduacion-utel\/representante-de-generacion-magna-graduacion-utel-cdmx\/\",\"name\":\"Palabras de la Representante de Generaci\u00f3n Jimena Nevares Apodaca en la Magna Graduaci\u00f3n Utel Ciudad de M\u00e9xico 2025 - BLOG | Utel\",\"isPartOf\":{\"@id\":\"https:\/\/utel.mx\/blog\/#website\"},\"primaryImageOfPage\":{\"@id\":\"https:\/\/utel.mx\/blog\/graduacion-utel\/representante-de-generacion-magna-graduacion-utel-cdmx\/#primaryimage\"},\"image\":{\"@id\":\"https:\/\/utel.mx\/blog\/graduacion-utel\/representante-de-generacion-magna-graduacion-utel-cdmx\/#primaryimage\"},\"thumbnailUrl\":\"https:\/\/utel.mx\/blog\/wp-content\/uploads\/2025\/08\/Creatividad_HeadersBlog_agosto25_2.jpg\",\"datePublished\":\"2025-08-14T08:00:00+00:00\",\"dateModified\":\"2025-08-18T14:19:58+00:00\",\"description\":\"En la Magna Graduaci\u00f3n Utel 2025, Jimena Nevares, representante de generaci\u00f3n, celebr\u00f3 con gratitud y motiv\u00f3 a sus compa\u00f1eros.\",\"breadcrumb\":{\"@id\":\"https:\/\/utel.mx\/blog\/graduacion-utel\/representante-de-generacion-magna-graduacion-utel-cdmx\/#breadcrumb\"},\"inLanguage\":\"es\",\"potentialAction\":[{\"@type\":\"ReadAction\",\"target\":[\"https:\/\/utel.mx\/blog\/graduacion-utel\/representante-de-generacion-magna-graduacion-utel-cdmx\/\"]}]},{\"@type\":\"ImageObject\",\"inLanguage\":\"es\",\"@id\":\"https:\/\/utel.mx\/blog\/graduacion-utel\/representante-de-generacion-magna-graduacion-utel-cdmx\/#primaryimage\",\"url\":\"https:\/\/utel.mx\/blog\/wp-content\/uploads\/2025\/08\/Creatividad_HeadersBlog_agosto25_2.jpg\",\"contentUrl\":\"https:\/\/utel.mx\/blog\/wp-content\/uploads\/2025\/08\/Creatividad_HeadersBlog_agosto25_2.jpg\",\"width\":600,\"height\":300,\"caption\":\"Representante-de-Generacion-Magna-Graduacion-Utel-CDMX\"},{\"@type\":\"BreadcrumbList\",\"@id\":\"https:\/\/utel.mx\/blog\/graduacion-utel\/representante-de-generacion-magna-graduacion-utel-cdmx\/#breadcrumb\",\"itemListElement\":[{\"@type\":\"ListItem\",\"position\":1,\"name\":\"Home\",\"item\":\"https:\/\/utel.mx\/blog\/\"},{\"@type\":\"ListItem\",\"position\":2,\"name\":\"Palabras de la Representante de Generaci\u00f3n Jimena Nevares Apodaca en la Magna Graduaci\u00f3n Utel Ciudad de M\u00e9xico 2025\"}]},{\"@type\":\"WebSite\",\"@id\":\"https:\/\/utel.mx\/blog\/#website\",\"url\":\"https:\/\/utel.mx\/blog\/\",\"name\":\"BLOG | Utel\",\"description\":\"Blog UTEL Universidad en L\u00ednea\",\"publisher\":{\"@id\":\"https:\/\/utel.mx\/blog\/#organization\"},\"potentialAction\":[{\"@type\":\"SearchAction\",\"target\":{\"@type\":\"EntryPoint\",\"urlTemplate\":\"https:\/\/utel.mx\/blog\/?s={search_term_string}\"},\"query-input\":{\"@type\":\"PropertyValueSpecification\",\"valueRequired\":true,\"valueName\":\"search_term_string\"}}],\"inLanguage\":\"es\"},{\"@type\":\"Organization\",\"@id\":\"https:\/\/utel.mx\/blog\/#organization\",\"name\":\"BLOG | Utel\",\"url\":\"https:\/\/utel.mx\/blog\/\",\"logo\":{\"@type\":\"ImageObject\",\"inLanguage\":\"es\",\"@id\":\"https:\/\/utel.mx\/blog\/#\/schema\/logo\/image\/\",\"url\":\"https:\/\/utel.mx\/blog\/wp-content\/uploads\/2023\/03\/cropped-logo-blog.png\",\"contentUrl\":\"https:\/\/utel.mx\/blog\/wp-content\/uploads\/2023\/03\/cropped-logo-blog.png\",\"width\":237,\"height\":64,\"caption\":\"BLOG | Utel\"},\"image\":{\"@id\":\"https:\/\/utel.mx\/blog\/#\/schema\/logo\/image\/\"}},{\"@type\":\"Person\",\"@id\":\"https:\/\/utel.mx\/blog\/#\/schema\/person\/7ba53e7cfb9fa41ad2fb24fe362e056d\",\"name\":\"Karen\",\"image\":{\"@type\":\"ImageObject\",\"inLanguage\":\"es\",\"@id\":\"https:\/\/utel.mx\/blog\/#\/schema\/person\/image\/\",\"url\":\"https:\/\/secure.gravatar.com\/avatar\/64868b23d53f58e71f7258115a59d526?s=96&d=mm&r=g\",\"contentUrl\":\"https:\/\/secure.gravatar.com\/avatar\/64868b23d53f58e71f7258115a59d526?s=96&d=mm&r=g\",\"caption\":\"Karen\"}}]}<\/script>\n<!-- \/ Yoast SEO plugin. -->","yoast_head_json":{"title":"Palabras de la Representante de Generaci\u00f3n Jimena Nevares Apodaca en la Magna Graduaci\u00f3n Utel Ciudad de M\u00e9xico 2025 - BLOG | Utel","description":"En la Magna Graduaci\u00f3n Utel 2025, Jimena Nevares, representante de generaci\u00f3n, celebr\u00f3 con gratitud y motiv\u00f3 a sus compa\u00f1eros.","robots":{"index":"index","follow":"follow","max-snippet":"max-snippet:-1","max-image-preview":"max-image-preview:large","max-video-preview":"max-video-preview:-1"},"canonical":"https:\/\/utel.mx\/blog\/graduacion-utel\/representante-de-generacion-magna-graduacion-utel-cdmx\/","og_locale":"es_ES","og_type":"article","og_title":"Palabras de la Representante de Generaci\u00f3n Jimena Nevares Apodaca en la Magna Graduaci\u00f3n Utel Ciudad de M\u00e9xico 2025 - BLOG | Utel","og_description":"En la Magna Graduaci\u00f3n Utel 2025, Jimena Nevares, representante de generaci\u00f3n, celebr\u00f3 con gratitud y motiv\u00f3 a sus compa\u00f1eros.","og_url":"https:\/\/utel.mx\/blog\/graduacion-utel\/representante-de-generacion-magna-graduacion-utel-cdmx\/","og_site_name":"BLOG | Utel","article_published_time":"2025-08-14T08:00:00+00:00","article_modified_time":"2025-08-18T14:19:58+00:00","og_image":[{"width":600,"height":300,"url":"https:\/\/utel.mx\/blog\/wp-content\/uploads\/2025\/08\/Creatividad_HeadersBlog_agosto25_2.jpg","type":"image\/jpeg"}],"author":"Karen","twitter_misc":{"Written by":"Karen","Est. reading time":"5 minutos"},"schema":{"@context":"https:\/\/schema.org","@graph":[{"@type":"Article","@id":"https:\/\/utel.mx\/blog\/graduacion-utel\/representante-de-generacion-magna-graduacion-utel-cdmx\/#article","isPartOf":{"@id":"https:\/\/utel.mx\/blog\/graduacion-utel\/representante-de-generacion-magna-graduacion-utel-cdmx\/"},"author":{"name":"Karen","@id":"https:\/\/utel.mx\/blog\/#\/schema\/person\/7ba53e7cfb9fa41ad2fb24fe362e056d"},"headline":"Palabras de la Representante de Generaci\u00f3n Jimena Nevares Apodaca en la Magna Graduaci\u00f3n Utel Ciudad de M\u00e9xico 2025","datePublished":"2025-08-14T08:00:00+00:00","dateModified":"2025-08-18T14:19:58+00:00","mainEntityOfPage":{"@id":"https:\/\/utel.mx\/blog\/graduacion-utel\/representante-de-generacion-magna-graduacion-utel-cdmx\/"},"wordCount":1015,"publisher":{"@id":"https:\/\/utel.mx\/blog\/#organization"},"image":{"@id":"https:\/\/utel.mx\/blog\/graduacion-utel\/representante-de-generacion-magna-graduacion-utel-cdmx\/#primaryimage"},"thumbnailUrl":"https:\/\/utel.mx\/blog\/wp-content\/uploads\/2025\/08\/Creatividad_HeadersBlog_agosto25_2.jpg","articleSection":["Graduaci\u00f3n Utel"],"inLanguage":"es"},{"@type":"WebPage","@id":"https:\/\/utel.mx\/blog\/graduacion-utel\/representante-de-generacion-magna-graduacion-utel-cdmx\/","url":"https:\/\/utel.mx\/blog\/graduacion-utel\/representante-de-generacion-magna-graduacion-utel-cdmx\/","name":"Palabras de la Representante de Generaci\u00f3n Jimena Nevares Apodaca en la Magna Graduaci\u00f3n Utel Ciudad de M\u00e9xico 2025 - BLOG | Utel","isPartOf":{"@id":"https:\/\/utel.mx\/blog\/#website"},"primaryImageOfPage":{"@id":"https:\/\/utel.mx\/blog\/graduacion-utel\/representante-de-generacion-magna-graduacion-utel-cdmx\/#primaryimage"},"image":{"@id":"https:\/\/utel.mx\/blog\/graduacion-utel\/representante-de-generacion-magna-graduacion-utel-cdmx\/#primaryimage"},"thumbnailUrl":"https:\/\/utel.mx\/blog\/wp-content\/uploads\/2025\/08\/Creatividad_HeadersBlog_agosto25_2.jpg","datePublished":"2025-08-14T08:00:00+00:00","dateModified":"2025-08-18T14:19:58+00:00","description":"En la Magna Graduaci\u00f3n Utel 2025, Jimena Nevares, representante de generaci\u00f3n, celebr\u00f3 con gratitud y motiv\u00f3 a sus compa\u00f1eros.","breadcrumb":{"@id":"https:\/\/utel.mx\/blog\/graduacion-utel\/representante-de-generacion-magna-graduacion-utel-cdmx\/#breadcrumb"},"inLanguage":"es","potentialAction":[{"@type":"ReadAction","target":["https:\/\/utel.mx\/blog\/graduacion-utel\/representante-de-generacion-magna-graduacion-utel-cdmx\/"]}]},{"@type":"ImageObject","inLanguage":"es","@id":"https:\/\/utel.mx\/blog\/graduacion-utel\/representante-de-generacion-magna-graduacion-utel-cdmx\/#primaryimage","url":"https:\/\/utel.mx\/blog\/wp-content\/uploads\/2025\/08\/Creatividad_HeadersBlog_agosto25_2.jpg","contentUrl":"https:\/\/utel.mx\/blog\/wp-content\/uploads\/2025\/08\/Creatividad_HeadersBlog_agosto25_2.jpg","width":600,"height":300,"caption":"Representante-de-Generacion-Magna-Graduacion-Utel-CDMX"},{"@type":"BreadcrumbList","@id":"https:\/\/utel.mx\/blog\/graduacion-utel\/representante-de-generacion-magna-graduacion-utel-cdmx\/#breadcrumb","itemListElement":[{"@type":"ListItem","position":1,"name":"Home","item":"https:\/\/utel.mx\/blog\/"},{"@type":"ListItem","position":2,"name":"Palabras de la Representante de Generaci\u00f3n Jimena Nevares Apodaca en la Magna Graduaci\u00f3n Utel Ciudad de M\u00e9xico 2025"}]},{"@type":"WebSite","@id":"https:\/\/utel.mx\/blog\/#website","url":"https:\/\/utel.mx\/blog\/","name":"BLOG | Utel","description":"Blog UTEL Universidad en L\u00ednea","publisher":{"@id":"https:\/\/utel.mx\/blog\/#organization"},"potentialAction":[{"@type":"SearchAction","target":{"@type":"EntryPoint","urlTemplate":"https:\/\/utel.mx\/blog\/?s={search_term_string}"},"query-input":{"@type":"PropertyValueSpecification","valueRequired":true,"valueName":"search_term_string"}}],"inLanguage":"es"},{"@type":"Organization","@id":"https:\/\/utel.mx\/blog\/#organization","name":"BLOG | Utel","url":"https:\/\/utel.mx\/blog\/","logo":{"@type":"ImageObject","inLanguage":"es","@id":"https:\/\/utel.mx\/blog\/#\/schema\/logo\/image\/","url":"https:\/\/utel.mx\/blog\/wp-content\/uploads\/2023\/03\/cropped-logo-blog.png","contentUrl":"https:\/\/utel.mx\/blog\/wp-content\/uploads\/2023\/03\/cropped-logo-blog.png","width":237,"height":64,"caption":"BLOG | Utel"},"image":{"@id":"https:\/\/utel.mx\/blog\/#\/schema\/logo\/image\/"}},{"@type":"Person","@id":"https:\/\/utel.mx\/blog\/#\/schema\/person\/7ba53e7cfb9fa41ad2fb24fe362e056d","name":"Karen","image":{"@type":"ImageObject","inLanguage":"es","@id":"https:\/\/utel.mx\/blog\/#\/schema\/person\/image\/","url":"https:\/\/secure.gravatar.com\/avatar\/64868b23d53f58e71f7258115a59d526?s=96&d=mm&r=g","contentUrl":"https:\/\/secure.gravatar.com\/avatar\/64868b23d53f58e71f7258115a59d526?s=96&d=mm&r=g","caption":"Karen"}}]}},"_links":{"self":[{"href":"https:\/\/utel.mx\/blog\/wp-json\/wp\/v2\/posts\/51433","targetHints":{"allow":["GET"]}}],"collection":[{"href":"https:\/\/utel.mx\/blog\/wp-json\/wp\/v2\/posts"}],"about":[{"href":"https:\/\/utel.mx\/blog\/wp-json\/wp\/v2\/types\/post"}],"author":[{"embeddable":true,"href":"https:\/\/utel.mx\/blog\/wp-json\/wp\/v2\/users\/78"}],"replies":[{"embeddable":true,"href":"https:\/\/utel.mx\/blog\/wp-json\/wp\/v2\/comments?post=51433"}],"version-history":[{"count":1,"href":"https:\/\/utel.mx\/blog\/wp-json\/wp\/v2\/posts\/51433\/revisions"}],"predecessor-version":[{"id":51436,"href":"https:\/\/utel.mx\/blog\/wp-json\/wp\/v2\/posts\/51433\/revisions\/51436"}],"wp:featuredmedia":[{"embeddable":true,"href":"https:\/\/utel.mx\/blog\/wp-json\/wp\/v2\/media\/51435"}],"wp:attachment":[{"href":"https:\/\/utel.mx\/blog\/wp-json\/wp\/v2\/media?parent=51433"}],"wp:term":[{"taxonomy":"category","embeddable":true,"href":"https:\/\/utel.mx\/blog\/wp-json\/wp\/v2\/categories?post=51433"},{"taxonomy":"post_tag","embeddable":true,"href":"https:\/\/utel.mx\/blog\/wp-json\/wp\/v2\/tags?post=51433"}],"curies":[{"name":"wp","href":"https:\/\/api.w.org\/{rel}","templated":true}]}}