{"id":51440,"date":"2025-08-18T08:00:00","date_gmt":"2025-08-18T08:00:00","guid":{"rendered":"https:\/\/utel.mx\/blog\/?p=51440"},"modified":"2025-08-19T20:52:10","modified_gmt":"2025-08-19T20:52:10","slug":"padrino-de-generacion-en-la-magna-graduacion-utel-cdmx","status":"publish","type":"post","link":"https:\/\/utel.mx\/blog\/graduacion-utel\/padrino-de-generacion-en-la-magna-graduacion-utel-cdmx\/","title":{"rendered":"Sergio Porragas, Padrino de Generaci\u00f3n en la Magna Graduaci\u00f3n Utel Ciudad de M\u00e9xico 2025"},"content":{"rendered":"\n<p>En la <strong>Magna Graduaci\u00f3n Utel Ciudad de M\u00e9xico 2025<\/strong>, <strong>Sergio Porragas<\/strong>, <strong>CEO en Convertia<\/strong>, miembro del Consejo Acad\u00e9mico Institucional de Utel Universidad y con m\u00e1s de 20 a\u00f1os de experiencia en el sector empresarial y digital, dirigi\u00f3 un mensaje inspirador a los egresados y sus familias.<\/p>\n\n\n\n<p>Este acontecimiento, que conmemor\u00f3 una d\u00e9cada de graduaciones en Utel, represent\u00f3 un momento clave para nuestra comunidad, resaltando el poder transformador de la educaci\u00f3n y su influencia en la vida de nuestros graduados.<\/p>\n\n\n\n<h2 class=\"wp-block-heading\"><strong>Palabras del Padrino de Generaci\u00f3n en la Magna Graduaci\u00f3n Utel Ciudad de M\u00e9xico 2025<\/strong><\/h2>\n\n\n\n<p>Con una exitosa trayectoria profesional y su compromiso con el impacto social, el <strong>Padrino de Generaci\u00f3n<\/strong> reflexion\u00f3 sobre el esfuerzo detr\u00e1s de cada t\u00edtulo, el valor de las ra\u00edces y el poder de inspirar a otros.<\/p>\n\n\n\n<p><em>Buenas noches a todos. Queridos graduados, queridas familias, gracias por estar aqu\u00ed el d\u00eda de hoy. Si recuerdan cuando nuestro rector, el se\u00f1or David, platic\u00f3 una historia, yo quer\u00eda empezar con una historia tambi\u00e9n el d\u00eda de hoy. A ver si coinciden conmigo. Es una historia que me voy a tratar de inventar y ustedes van a ver si les hace match y les acomoda.<\/em><\/p>\n\n\n\n<p><em>Imag\u00ednense si un d\u00eda, un jueves en la noche, ya tarde, lloviendo, el ladrar de los perros, posiblemente una ambulancia en la calle y ustedes sentados haciendo la tarea, pero ya era noche, ya las luces de la casa, del edificio, est\u00e1n completamente apagadas, pero las de ustedes est\u00e1n prendidas. Voltean a la mesa y en la mesa est\u00e1 el plato de comida, que ese plato de comida se lo calent\u00f3 su pareja, seguramente, para cenar con ustedes, pero ustedes no les dio tiempo de cenar. Voltean la mirada y en la esquina ven la mochila con los \u00fatiles de sus hijos, que hay que llevar a la escuela al d\u00eda siguiente, en muchos casos; en otros, ven su portafolio porque tienen que ir a trabajar ma\u00f1ana o ven su ropa de uniforme porque tienen que ir a la planta el d\u00eda siguiente. Llega un momento en que se preguntan: \u201c\u00bfTermino el trabajo? \u00bfTengo que hacer realmente la tarea y entregarla?\u201d. Se lo preguntaron mil veces. Y esa peque\u00f1a decisi\u00f3n que tomaron, esa peque\u00f1a decisi\u00f3n de: \u201cS\u00ed, s\u00ed lo voy a entregar\u201d, posiblemente no cambi\u00f3 el mundo, pero cambi\u00f3 directamente su vida de ese momento.<\/em><\/p>\n\n\n\n<p><em>\u00bfPor qu\u00e9? Porque hoy est\u00e1n aqu\u00ed, y hoy se est\u00e1n graduando, porque lucharon incansablemente ante cualquier circunstancia para lograr titularse como licenciados, maestros, doctores. Lo lograron. Hoy, graduados, generaci\u00f3n 2025, lo ve\u00eda en los ojos ahorita de las personas que estaban saludando y son historias muy similares. Y los ojos, en la cara al momento de recibir su t\u00edtulo, al momento de estrechar la mano de todo el podio, es una alegr\u00eda que contagia. Es una pasi\u00f3n que a todos nos dan ganas de volver a estar ah\u00ed, de volver a iniciar el camino en el cual so\u00f1amos. Y ustedes lo est\u00e1n logrando.<\/em><\/p>\n\n\n\n<p><em>Cuando se fund\u00f3 Utel, les voy a platicar otra historia, yo tuve el honor de conocer al maestro David en el a\u00f1o 2009-2010. En ese momento que se pens\u00f3 crear Utel, nosotros en OCC ten\u00edamos una base de m\u00e1s de 10 millones de curr\u00edculums. De esos 10 millones de curr\u00edculums, cerca de 4 o 5 millones no ten\u00edan una carrera terminada. \u00bfY por qu\u00e9 no ten\u00edan una carrera terminada? Porque no ten\u00edan una oportunidad, no la tuvieron. En la UNAM, cada a\u00f1o, en la Universidad Nacional Aut\u00f3noma de M\u00e9xico, se inscriben 100 mil personas y todo el mundo lo sabe: aceptan a 10 mil. \u00bfQu\u00e9 oportunidad le vamos a dar a los otros 90 mil? Platicando con David y entendiendo el sue\u00f1o que era realmente crear una universidad en l\u00ednea, lo contagi\u00f3, lo compart\u00ed y lo abrac\u00e9. Porque dije: \u201cClaro, eso es lo que tenemos que hacer. Tenemos que lograr algo que tenga un alto impacto social. Tenemos que lograr que aquellas personas que no tuvieron una posibilidad, por la causa que sea, hay que d\u00e1rselo\u201d.<\/em><\/p>\n\n\n\n<p><em>Y hoy ustedes, despu\u00e9s de 14 a\u00f1os, est\u00e1n aqu\u00ed titulandose. Y yo, no veo m\u00e1s de 600 egresados, que es lo que dicen las cifras que dijo el vicerrector. Yo veo gente con coraje, veo gente con hambre de cambiar, veo gente que le est\u00e1 dando directamente un ejemplo a sus familias y a sus hijos. Graduarse, graduarse es incre\u00edble. Pero piensen esto: no se grad\u00faan solos, se grad\u00faan sus familias tambi\u00e9n. Se grad\u00faan todas las noches de desvelo que tuvieron. Se grad\u00faan los sue\u00f1os interrumpidos que tuvieron.<\/em><\/p>\n\n\n\n<p><em>Y ahora, lo que necesitan ustedes es seguir adelante. Piensen esto: dos de cada diez personas que arranca una licenciatura la termina. Ustedes lo est\u00e1n logrando. Lo dijo David, el vicerrector: sus familias los apoyaron, sus familias estuvieron con ustedes. Queridos graduados, les voy a pedir algo en este momento como padrino: que todos ustedes se levanten, que todos ustedes se levanten de sus sillas y todos volteen, traten de ubicar a la mesa de sus familias y les den un fuerte aplauso a sus familias, por favor.<\/em><\/p>\n\n\n\n<p><em>La mayor parte, gracias a ellas, est\u00e1n aqu\u00ed. Gracias, gracias chicos, ya se pueden sentar. Y felicidades a todas las familias que est\u00e1n el d\u00eda de hoy. Felicidades por este logro tan importante que est\u00e1n haciendo los egresados.<\/em><\/p>\n\n\n\n<p><em>Quiero cerrar con tres cosas muy importantes, \u00bfles parece? Tres consejos que les puedo dar: el primero, nunca, nunca dejen de so\u00f1ar. Nunca. Esto es tan solo el primer paso que est\u00e1n dando. Nunca, nunca dejen de so\u00f1ar. Segundo, nunca olviden de d\u00f3nde vienen. Esa es la fuerza, esas son las ra\u00edces que tienen ustedes. Pueden tener alas para volar todos, pero las ra\u00edces son m\u00e1s importantes. Eso les va a dar fuerza siempre. Nunca olvides de d\u00f3nde vienes. Y da ejemplo. El tercero, esa llave que platic\u00f3 el se\u00f1or Stofenmacher con su historia: esa llave abre puertas. \u00c1branlas, b\u00fasquenlas, abr\u00e1cenlas, pero tienen que lograr hacerlo. No sirve de nada el t\u00edtulo si no usan esa llave para abrir sus sue\u00f1os.<\/em><\/p>\n\n\n\n<p><em>Y por \u00faltimo, inspiren a los dem\u00e1s. Hay gente dentro de su empresa, hay familias, primos, hermanos, t\u00edos que est\u00e1n en el mismo momento que ustedes estuvieron cuando tomaron la decisi\u00f3n de estudiar. Insp\u00edrenlos, mot\u00edvenlos y devu\u00e9lvanle un poco, un poco a la universidad. Devu\u00e9lvanle tan solo un poquito de todo lo que les ha dado a ustedes. Y con eso, cr\u00e9anme que vamos a lograr ese alto impacto social para nuestro M\u00e9xico. Muchas gracias y muy buenas noches.<\/em><\/p>\n\n\n\n<p>Las palabras de Sergio Porragas en la Magna Graduaci\u00f3n Utel Ciudad de M\u00e9xico 2025 recordaron que llegar a este d\u00eda es posible para quienes se atreven a comenzar y no se rinden. Su mensaje fue una invitaci\u00f3n a que m\u00e1s personas den el primer paso, a que conf\u00eden en que la constancia y el esfuerzo diario pueden llevarlos a <strong>cumplir su meta acad\u00e9mica<\/strong>. Cada graduado de hoy es prueba de que vale la pena invertir en uno mismo y que, con determinaci\u00f3n, cualquier meta es alcanzable.<\/p>\n<div id=\"advads-1587328768\" class=\"advads-cta-lp-banner-form advads-entity-placement\"><a href=\"https:\/\/utel.mx\/blog\/admisiones-universidad-online\/?utm_source=blog&#038;utm_medium=CTAlink&#038;utm_campaign=MKTseo\" aria-label=\"Universidad en linea\"><img src=\"https:\/\/utel.mx\/blog\/wp-content\/uploads\/2025\/04\/universidad-en-linea-1.png\" alt=\"Universidad en linea\"  srcset=\"https:\/\/utel.mx\/blog\/wp-content\/uploads\/2025\/04\/universidad-en-linea-1.png 626w, https:\/\/utel.mx\/blog\/wp-content\/uploads\/2025\/04\/universidad-en-linea-1-420x168.png 420w\" sizes=\"(max-width: 626px) 100vw, 626px\" width=\"626\" height=\"250\"   \/><\/a><\/div>","protected":false},"excerpt":{"rendered":"<p> [&hellip;]<\/p>\n","protected":false},"author":78,"featured_media":51441,"comment_status":"closed","ping_status":"closed","sticky":false,"template":"","format":"standard","meta":{"_acf_changed":false,"site-sidebar-layout":"default","site-content-layout":"","ast-site-content-layout":"default","site-content-style":"default","site-sidebar-style":"default","ast-global-header-display":"","ast-banner-title-visibility":"","ast-main-header-display":"","ast-hfb-above-header-display":"","ast-hfb-below-header-display":"","ast-hfb-mobile-header-display":"","site-post-title":"","ast-breadcrumbs-content":"","ast-featured-img":"","footer-sml-layout":"","theme-transparent-header-meta":"","adv-header-id-meta":"","stick-header-meta":"","header-above-stick-meta":"","header-main-stick-meta":"","header-below-stick-meta":"","astra-migrate-meta-layouts":"set","ast-page-background-enabled":"default","ast-page-background-meta":{"desktop":{"background-color":"var(--ast-global-color-4)","background-image":"","background-repeat":"repeat","background-position":"center center","background-size":"auto","background-attachment":"scroll","background-type":"","background-media":"","overlay-type":"","overlay-color":"","overlay-gradient":""},"tablet":{"background-color":"","background-image":"","background-repeat":"repeat","background-position":"center center","background-size":"auto","background-attachment":"scroll","background-type":"","background-media":"","overlay-type":"","overlay-color":"","overlay-gradient":""},"mobile":{"background-color":"","background-image":"","background-repeat":"repeat","background-position":"center center","background-size":"auto","background-attachment":"scroll","background-type":"","background-media":"","overlay-type":"","overlay-color":"","overlay-gradient":""}},"ast-content-background-meta":{"desktop":{"background-color":"var(--ast-global-color-5)","background-image":"","background-repeat":"repeat","background-position":"center center","background-size":"auto","background-attachment":"scroll","background-type":"","background-media":"","overlay-type":"","overlay-color":"","overlay-gradient":""},"tablet":{"background-color":"var(--ast-global-color-5)","background-image":"","background-repeat":"repeat","background-position":"center center","background-size":"auto","background-attachment":"scroll","background-type":"","background-media":"","overlay-type":"","overlay-color":"","overlay-gradient":""},"mobile":{"background-color":"var(--ast-global-color-5)","background-image":"","background-repeat":"repeat","background-position":"center center","background-size":"auto","background-attachment":"scroll","background-type":"","background-media":"","overlay-type":"","overlay-color":"","overlay-gradient":""}},"footnotes":""},"categories":[3674],"tags":[],"class_list":["post-51440","post","type-post","status-publish","format-standard","has-post-thumbnail","hentry","category-graduacion-utel"],"acf":[],"yoast_head":"<!-- This site is optimized with the Yoast SEO plugin v26.8 - https:\/\/yoast.com\/product\/yoast-seo-wordpress\/ -->\n<title>Sergio Porragas, Padrino de Generaci\u00f3n en la Magna Graduaci\u00f3n Utel Ciudad de M\u00e9xico 2025 - BLOG | Utel<\/title>\n<meta name=\"description\" content=\"Sergio Porragas, Padrino de Generaci\u00f3n en la Magna Graduaci\u00f3n Utel 2025, comparti\u00f3 un mensaje inspirador sobre esfuerzo, ra\u00edces y sue\u00f1os.\" \/>\n<meta name=\"robots\" content=\"index, follow, max-snippet:-1, max-image-preview:large, max-video-preview:-1\" \/>\n<link rel=\"canonical\" href=\"https:\/\/utel.mx\/blog\/graduacion-utel\/padrino-de-generacion-en-la-magna-graduacion-utel-cdmx\/\" \/>\n<meta property=\"og:locale\" content=\"es_ES\" \/>\n<meta property=\"og:type\" content=\"article\" \/>\n<meta property=\"og:title\" content=\"Sergio Porragas, Padrino de Generaci\u00f3n en la Magna Graduaci\u00f3n Utel Ciudad de M\u00e9xico 2025 - BLOG | Utel\" \/>\n<meta property=\"og:description\" content=\"Sergio Porragas, Padrino de Generaci\u00f3n en la Magna Graduaci\u00f3n Utel 2025, comparti\u00f3 un mensaje inspirador sobre esfuerzo, ra\u00edces y sue\u00f1os.\" \/>\n<meta property=\"og:url\" content=\"https:\/\/utel.mx\/blog\/graduacion-utel\/padrino-de-generacion-en-la-magna-graduacion-utel-cdmx\/\" \/>\n<meta property=\"og:site_name\" content=\"BLOG | Utel\" \/>\n<meta property=\"article:published_time\" content=\"2025-08-18T08:00:00+00:00\" \/>\n<meta property=\"article:modified_time\" content=\"2025-08-19T20:52:10+00:00\" \/>\n<meta property=\"og:image\" content=\"https:\/\/utel.mx\/blog\/wp-content\/uploads\/2025\/08\/Creatividad_HeadersBlog_agosto25_5.jpg\" \/>\n\t<meta property=\"og:image:width\" content=\"600\" \/>\n\t<meta property=\"og:image:height\" content=\"300\" \/>\n\t<meta property=\"og:image:type\" content=\"image\/jpeg\" \/>\n<meta name=\"author\" content=\"Karen\" \/>\n<meta name=\"twitter:label1\" content=\"Written by\" \/>\n\t<meta name=\"twitter:data1\" content=\"Karen\" \/>\n\t<meta name=\"twitter:label2\" content=\"Est. reading time\" \/>\n\t<meta name=\"twitter:data2\" content=\"6 minutos\" \/>\n<script type=\"application\/ld+json\" class=\"yoast-schema-graph\">{\"@context\":\"https:\/\/schema.org\",\"@graph\":[{\"@type\":\"Article\",\"@id\":\"https:\/\/utel.mx\/blog\/graduacion-utel\/padrino-de-generacion-en-la-magna-graduacion-utel-cdmx\/#article\",\"isPartOf\":{\"@id\":\"https:\/\/utel.mx\/blog\/graduacion-utel\/padrino-de-generacion-en-la-magna-graduacion-utel-cdmx\/\"},\"author\":{\"name\":\"Karen\",\"@id\":\"https:\/\/utel.mx\/blog\/#\/schema\/person\/7ba53e7cfb9fa41ad2fb24fe362e056d\"},\"headline\":\"Sergio Porragas, Padrino de Generaci\u00f3n en la Magna Graduaci\u00f3n Utel Ciudad de M\u00e9xico 2025\",\"datePublished\":\"2025-08-18T08:00:00+00:00\",\"dateModified\":\"2025-08-19T20:52:10+00:00\",\"mainEntityOfPage\":{\"@id\":\"https:\/\/utel.mx\/blog\/graduacion-utel\/padrino-de-generacion-en-la-magna-graduacion-utel-cdmx\/\"},\"wordCount\":1270,\"publisher\":{\"@id\":\"https:\/\/utel.mx\/blog\/#organization\"},\"image\":{\"@id\":\"https:\/\/utel.mx\/blog\/graduacion-utel\/padrino-de-generacion-en-la-magna-graduacion-utel-cdmx\/#primaryimage\"},\"thumbnailUrl\":\"https:\/\/utel.mx\/blog\/wp-content\/uploads\/2025\/08\/Creatividad_HeadersBlog_agosto25_5.jpg\",\"articleSection\":[\"Graduaci\u00f3n Utel\"],\"inLanguage\":\"es\"},{\"@type\":\"WebPage\",\"@id\":\"https:\/\/utel.mx\/blog\/graduacion-utel\/padrino-de-generacion-en-la-magna-graduacion-utel-cdmx\/\",\"url\":\"https:\/\/utel.mx\/blog\/graduacion-utel\/padrino-de-generacion-en-la-magna-graduacion-utel-cdmx\/\",\"name\":\"Sergio Porragas, Padrino de Generaci\u00f3n en la Magna Graduaci\u00f3n Utel Ciudad de M\u00e9xico 2025 - BLOG | Utel\",\"isPartOf\":{\"@id\":\"https:\/\/utel.mx\/blog\/#website\"},\"primaryImageOfPage\":{\"@id\":\"https:\/\/utel.mx\/blog\/graduacion-utel\/padrino-de-generacion-en-la-magna-graduacion-utel-cdmx\/#primaryimage\"},\"image\":{\"@id\":\"https:\/\/utel.mx\/blog\/graduacion-utel\/padrino-de-generacion-en-la-magna-graduacion-utel-cdmx\/#primaryimage\"},\"thumbnailUrl\":\"https:\/\/utel.mx\/blog\/wp-content\/uploads\/2025\/08\/Creatividad_HeadersBlog_agosto25_5.jpg\",\"datePublished\":\"2025-08-18T08:00:00+00:00\",\"dateModified\":\"2025-08-19T20:52:10+00:00\",\"description\":\"Sergio Porragas, Padrino de Generaci\u00f3n en la Magna Graduaci\u00f3n Utel 2025, comparti\u00f3 un mensaje inspirador sobre esfuerzo, ra\u00edces y sue\u00f1os.\",\"breadcrumb\":{\"@id\":\"https:\/\/utel.mx\/blog\/graduacion-utel\/padrino-de-generacion-en-la-magna-graduacion-utel-cdmx\/#breadcrumb\"},\"inLanguage\":\"es\",\"potentialAction\":[{\"@type\":\"ReadAction\",\"target\":[\"https:\/\/utel.mx\/blog\/graduacion-utel\/padrino-de-generacion-en-la-magna-graduacion-utel-cdmx\/\"]}]},{\"@type\":\"ImageObject\",\"inLanguage\":\"es\",\"@id\":\"https:\/\/utel.mx\/blog\/graduacion-utel\/padrino-de-generacion-en-la-magna-graduacion-utel-cdmx\/#primaryimage\",\"url\":\"https:\/\/utel.mx\/blog\/wp-content\/uploads\/2025\/08\/Creatividad_HeadersBlog_agosto25_5.jpg\",\"contentUrl\":\"https:\/\/utel.mx\/blog\/wp-content\/uploads\/2025\/08\/Creatividad_HeadersBlog_agosto25_5.jpg\",\"width\":600,\"height\":300,\"caption\":\"Padrino-de-Generacion-en-la-Magna-Graduacion-Utel-CDMX\"},{\"@type\":\"BreadcrumbList\",\"@id\":\"https:\/\/utel.mx\/blog\/graduacion-utel\/padrino-de-generacion-en-la-magna-graduacion-utel-cdmx\/#breadcrumb\",\"itemListElement\":[{\"@type\":\"ListItem\",\"position\":1,\"name\":\"Home\",\"item\":\"https:\/\/utel.mx\/blog\/\"},{\"@type\":\"ListItem\",\"position\":2,\"name\":\"Sergio Porragas, Padrino de Generaci\u00f3n en la Magna Graduaci\u00f3n Utel Ciudad de M\u00e9xico 2025\"}]},{\"@type\":\"WebSite\",\"@id\":\"https:\/\/utel.mx\/blog\/#website\",\"url\":\"https:\/\/utel.mx\/blog\/\",\"name\":\"BLOG | Utel\",\"description\":\"Blog UTEL Universidad en L\u00ednea\",\"publisher\":{\"@id\":\"https:\/\/utel.mx\/blog\/#organization\"},\"potentialAction\":[{\"@type\":\"SearchAction\",\"target\":{\"@type\":\"EntryPoint\",\"urlTemplate\":\"https:\/\/utel.mx\/blog\/?s={search_term_string}\"},\"query-input\":{\"@type\":\"PropertyValueSpecification\",\"valueRequired\":true,\"valueName\":\"search_term_string\"}}],\"inLanguage\":\"es\"},{\"@type\":\"Organization\",\"@id\":\"https:\/\/utel.mx\/blog\/#organization\",\"name\":\"BLOG | Utel\",\"url\":\"https:\/\/utel.mx\/blog\/\",\"logo\":{\"@type\":\"ImageObject\",\"inLanguage\":\"es\",\"@id\":\"https:\/\/utel.mx\/blog\/#\/schema\/logo\/image\/\",\"url\":\"https:\/\/utel.mx\/blog\/wp-content\/uploads\/2023\/03\/cropped-logo-blog.png\",\"contentUrl\":\"https:\/\/utel.mx\/blog\/wp-content\/uploads\/2023\/03\/cropped-logo-blog.png\",\"width\":237,\"height\":64,\"caption\":\"BLOG | Utel\"},\"image\":{\"@id\":\"https:\/\/utel.mx\/blog\/#\/schema\/logo\/image\/\"}},{\"@type\":\"Person\",\"@id\":\"https:\/\/utel.mx\/blog\/#\/schema\/person\/7ba53e7cfb9fa41ad2fb24fe362e056d\",\"name\":\"Karen\",\"image\":{\"@type\":\"ImageObject\",\"inLanguage\":\"es\",\"@id\":\"https:\/\/utel.mx\/blog\/#\/schema\/person\/image\/\",\"url\":\"https:\/\/secure.gravatar.com\/avatar\/64868b23d53f58e71f7258115a59d526?s=96&d=mm&r=g\",\"contentUrl\":\"https:\/\/secure.gravatar.com\/avatar\/64868b23d53f58e71f7258115a59d526?s=96&d=mm&r=g\",\"caption\":\"Karen\"}}]}<\/script>\n<!-- \/ Yoast SEO plugin. -->","yoast_head_json":{"title":"Sergio Porragas, Padrino de Generaci\u00f3n en la Magna Graduaci\u00f3n Utel Ciudad de M\u00e9xico 2025 - BLOG | Utel","description":"Sergio Porragas, Padrino de Generaci\u00f3n en la Magna Graduaci\u00f3n Utel 2025, comparti\u00f3 un mensaje inspirador sobre esfuerzo, ra\u00edces y sue\u00f1os.","robots":{"index":"index","follow":"follow","max-snippet":"max-snippet:-1","max-image-preview":"max-image-preview:large","max-video-preview":"max-video-preview:-1"},"canonical":"https:\/\/utel.mx\/blog\/graduacion-utel\/padrino-de-generacion-en-la-magna-graduacion-utel-cdmx\/","og_locale":"es_ES","og_type":"article","og_title":"Sergio Porragas, Padrino de Generaci\u00f3n en la Magna Graduaci\u00f3n Utel Ciudad de M\u00e9xico 2025 - BLOG | Utel","og_description":"Sergio Porragas, Padrino de Generaci\u00f3n en la Magna Graduaci\u00f3n Utel 2025, comparti\u00f3 un mensaje inspirador sobre esfuerzo, ra\u00edces y sue\u00f1os.","og_url":"https:\/\/utel.mx\/blog\/graduacion-utel\/padrino-de-generacion-en-la-magna-graduacion-utel-cdmx\/","og_site_name":"BLOG | Utel","article_published_time":"2025-08-18T08:00:00+00:00","article_modified_time":"2025-08-19T20:52:10+00:00","og_image":[{"width":600,"height":300,"url":"https:\/\/utel.mx\/blog\/wp-content\/uploads\/2025\/08\/Creatividad_HeadersBlog_agosto25_5.jpg","type":"image\/jpeg"}],"author":"Karen","twitter_misc":{"Written by":"Karen","Est. reading time":"6 minutos"},"schema":{"@context":"https:\/\/schema.org","@graph":[{"@type":"Article","@id":"https:\/\/utel.mx\/blog\/graduacion-utel\/padrino-de-generacion-en-la-magna-graduacion-utel-cdmx\/#article","isPartOf":{"@id":"https:\/\/utel.mx\/blog\/graduacion-utel\/padrino-de-generacion-en-la-magna-graduacion-utel-cdmx\/"},"author":{"name":"Karen","@id":"https:\/\/utel.mx\/blog\/#\/schema\/person\/7ba53e7cfb9fa41ad2fb24fe362e056d"},"headline":"Sergio Porragas, Padrino de Generaci\u00f3n en la Magna Graduaci\u00f3n Utel Ciudad de M\u00e9xico 2025","datePublished":"2025-08-18T08:00:00+00:00","dateModified":"2025-08-19T20:52:10+00:00","mainEntityOfPage":{"@id":"https:\/\/utel.mx\/blog\/graduacion-utel\/padrino-de-generacion-en-la-magna-graduacion-utel-cdmx\/"},"wordCount":1270,"publisher":{"@id":"https:\/\/utel.mx\/blog\/#organization"},"image":{"@id":"https:\/\/utel.mx\/blog\/graduacion-utel\/padrino-de-generacion-en-la-magna-graduacion-utel-cdmx\/#primaryimage"},"thumbnailUrl":"https:\/\/utel.mx\/blog\/wp-content\/uploads\/2025\/08\/Creatividad_HeadersBlog_agosto25_5.jpg","articleSection":["Graduaci\u00f3n Utel"],"inLanguage":"es"},{"@type":"WebPage","@id":"https:\/\/utel.mx\/blog\/graduacion-utel\/padrino-de-generacion-en-la-magna-graduacion-utel-cdmx\/","url":"https:\/\/utel.mx\/blog\/graduacion-utel\/padrino-de-generacion-en-la-magna-graduacion-utel-cdmx\/","name":"Sergio Porragas, Padrino de Generaci\u00f3n en la Magna Graduaci\u00f3n Utel Ciudad de M\u00e9xico 2025 - BLOG | Utel","isPartOf":{"@id":"https:\/\/utel.mx\/blog\/#website"},"primaryImageOfPage":{"@id":"https:\/\/utel.mx\/blog\/graduacion-utel\/padrino-de-generacion-en-la-magna-graduacion-utel-cdmx\/#primaryimage"},"image":{"@id":"https:\/\/utel.mx\/blog\/graduacion-utel\/padrino-de-generacion-en-la-magna-graduacion-utel-cdmx\/#primaryimage"},"thumbnailUrl":"https:\/\/utel.mx\/blog\/wp-content\/uploads\/2025\/08\/Creatividad_HeadersBlog_agosto25_5.jpg","datePublished":"2025-08-18T08:00:00+00:00","dateModified":"2025-08-19T20:52:10+00:00","description":"Sergio Porragas, Padrino de Generaci\u00f3n en la Magna Graduaci\u00f3n Utel 2025, comparti\u00f3 un mensaje inspirador sobre esfuerzo, ra\u00edces y sue\u00f1os.","breadcrumb":{"@id":"https:\/\/utel.mx\/blog\/graduacion-utel\/padrino-de-generacion-en-la-magna-graduacion-utel-cdmx\/#breadcrumb"},"inLanguage":"es","potentialAction":[{"@type":"ReadAction","target":["https:\/\/utel.mx\/blog\/graduacion-utel\/padrino-de-generacion-en-la-magna-graduacion-utel-cdmx\/"]}]},{"@type":"ImageObject","inLanguage":"es","@id":"https:\/\/utel.mx\/blog\/graduacion-utel\/padrino-de-generacion-en-la-magna-graduacion-utel-cdmx\/#primaryimage","url":"https:\/\/utel.mx\/blog\/wp-content\/uploads\/2025\/08\/Creatividad_HeadersBlog_agosto25_5.jpg","contentUrl":"https:\/\/utel.mx\/blog\/wp-content\/uploads\/2025\/08\/Creatividad_HeadersBlog_agosto25_5.jpg","width":600,"height":300,"caption":"Padrino-de-Generacion-en-la-Magna-Graduacion-Utel-CDMX"},{"@type":"BreadcrumbList","@id":"https:\/\/utel.mx\/blog\/graduacion-utel\/padrino-de-generacion-en-la-magna-graduacion-utel-cdmx\/#breadcrumb","itemListElement":[{"@type":"ListItem","position":1,"name":"Home","item":"https:\/\/utel.mx\/blog\/"},{"@type":"ListItem","position":2,"name":"Sergio Porragas, Padrino de Generaci\u00f3n en la Magna Graduaci\u00f3n Utel Ciudad de M\u00e9xico 2025"}]},{"@type":"WebSite","@id":"https:\/\/utel.mx\/blog\/#website","url":"https:\/\/utel.mx\/blog\/","name":"BLOG | Utel","description":"Blog UTEL Universidad en L\u00ednea","publisher":{"@id":"https:\/\/utel.mx\/blog\/#organization"},"potentialAction":[{"@type":"SearchAction","target":{"@type":"EntryPoint","urlTemplate":"https:\/\/utel.mx\/blog\/?s={search_term_string}"},"query-input":{"@type":"PropertyValueSpecification","valueRequired":true,"valueName":"search_term_string"}}],"inLanguage":"es"},{"@type":"Organization","@id":"https:\/\/utel.mx\/blog\/#organization","name":"BLOG | Utel","url":"https:\/\/utel.mx\/blog\/","logo":{"@type":"ImageObject","inLanguage":"es","@id":"https:\/\/utel.mx\/blog\/#\/schema\/logo\/image\/","url":"https:\/\/utel.mx\/blog\/wp-content\/uploads\/2023\/03\/cropped-logo-blog.png","contentUrl":"https:\/\/utel.mx\/blog\/wp-content\/uploads\/2023\/03\/cropped-logo-blog.png","width":237,"height":64,"caption":"BLOG | Utel"},"image":{"@id":"https:\/\/utel.mx\/blog\/#\/schema\/logo\/image\/"}},{"@type":"Person","@id":"https:\/\/utel.mx\/blog\/#\/schema\/person\/7ba53e7cfb9fa41ad2fb24fe362e056d","name":"Karen","image":{"@type":"ImageObject","inLanguage":"es","@id":"https:\/\/utel.mx\/blog\/#\/schema\/person\/image\/","url":"https:\/\/secure.gravatar.com\/avatar\/64868b23d53f58e71f7258115a59d526?s=96&d=mm&r=g","contentUrl":"https:\/\/secure.gravatar.com\/avatar\/64868b23d53f58e71f7258115a59d526?s=96&d=mm&r=g","caption":"Karen"}}]}},"_links":{"self":[{"href":"https:\/\/utel.mx\/blog\/wp-json\/wp\/v2\/posts\/51440","targetHints":{"allow":["GET"]}}],"collection":[{"href":"https:\/\/utel.mx\/blog\/wp-json\/wp\/v2\/posts"}],"about":[{"href":"https:\/\/utel.mx\/blog\/wp-json\/wp\/v2\/types\/post"}],"author":[{"embeddable":true,"href":"https:\/\/utel.mx\/blog\/wp-json\/wp\/v2\/users\/78"}],"replies":[{"embeddable":true,"href":"https:\/\/utel.mx\/blog\/wp-json\/wp\/v2\/comments?post=51440"}],"version-history":[{"count":1,"href":"https:\/\/utel.mx\/blog\/wp-json\/wp\/v2\/posts\/51440\/revisions"}],"predecessor-version":[{"id":51442,"href":"https:\/\/utel.mx\/blog\/wp-json\/wp\/v2\/posts\/51440\/revisions\/51442"}],"wp:featuredmedia":[{"embeddable":true,"href":"https:\/\/utel.mx\/blog\/wp-json\/wp\/v2\/media\/51441"}],"wp:attachment":[{"href":"https:\/\/utel.mx\/blog\/wp-json\/wp\/v2\/media?parent=51440"}],"wp:term":[{"taxonomy":"category","embeddable":true,"href":"https:\/\/utel.mx\/blog\/wp-json\/wp\/v2\/categories?post=51440"},{"taxonomy":"post_tag","embeddable":true,"href":"https:\/\/utel.mx\/blog\/wp-json\/wp\/v2\/tags?post=51440"}],"curies":[{"name":"wp","href":"https:\/\/api.w.org\/{rel}","templated":true}]}}