{"id":51484,"date":"2025-09-09T22:56:18","date_gmt":"2025-09-09T22:56:18","guid":{"rendered":"https:\/\/utel.mx\/blog\/?p=51484"},"modified":"2025-09-10T20:27:13","modified_gmt":"2025-09-10T20:27:13","slug":"discurso-vicerrectora-academica-graduacion-utel-ecuador-2025","status":"publish","type":"post","link":"https:\/\/utel.mx\/blog\/graduacion-utel\/discurso-vicerrectora-academica-graduacion-utel-ecuador-2025\/","title":{"rendered":"Discurso de la Vicerrectora Acad\u00e9mica, Claudia Mej\u00eda, en la Ceremonia de Graduaci\u00f3n Ecuador 2025"},"content":{"rendered":"\n<p>Una vez m\u00e1s, celebramos junto a nuestros egresados de Ecuador un logro trascendental en su camino acad\u00e9mico. El 6 de septiembre nos reunimos para reconocer el esfuerzo, la dedicaci\u00f3n y el compromiso que cada uno ha demostrado a lo largo de este proceso.&nbsp;<\/p>\n\n\n\n<p>Durante la ceremonia, la Vicerrectora Acad\u00e9mica , Claudia Mej\u00eda, nos dirigi\u00f3 unas emotivas palabras, resaltando la importancia de la educaci\u00f3n como herramienta de cambio y el impacto que nuestros graduados tendr\u00e1n en el futuro.<\/p>\n\n\n\n<h2 class=\"wp-block-heading\"><strong>Discurso de la Vicerrectora Acad\u00e9mica<\/strong><\/h2>\n\n\n\n<p><em>\u201cBuenas tardes. \u00bfC\u00f3mo est\u00e1n todos el d\u00eda de hoy? Felices, me imagino. Bueno, queridas y queridos graduados, estimadas familias, equipo, amigos, y comunidad. A nombre del maestro David Stofenmacher Berenstein, Rector de Utel, les damos la m\u00e1s cordial bienvenida.<\/em><\/p>\n\n\n\n<p><em>Hoy celebramos un logro enorme. Estamos aqu\u00ed para reconocer el trabajo arduo, esfuerzo constante y compromiso con su futuro. Todo esto que hoy pueden ver, vivir, es el resultado tangible de un compromiso conjunto. El suyo, el de sus familias y el de todo el equipo de la universidad que ha caminado junto a ustedes a cada paso del camino.<\/em><\/p>\n\n\n\n<p><em>Materializar un objetivo como este no es casualidad ni producto del azar.<br>Es algo que se construye, se trabaja y se visualiza d\u00eda a d\u00eda. Es la suma de peque\u00f1os esfuerzos, decisiones conscientes y la convicci\u00f3n firme de que un cambio es posible y est\u00e1 al alcance de sus manos.<\/em><\/p>\n\n\n\n<p><em>Septiembre tiene un valor simb\u00f3lico especial para todos los que formamos parte de Utel. Es un mes que nos invita a conmemorar con orgullo catorce a\u00f1os de evoluci\u00f3n, compromiso, y transformaci\u00f3n a trav\u00e9s de una educaci\u00f3n que cambia vidas. Y precisamente, hoy en esta ceremonia celebramos aquello que le da sentido profundo a esa historia: a ustedes.<\/em><\/p>\n\n\n\n<p><em>Porque son sus esfuerzos, su constancia, y su dedicaci\u00f3n, lo que ha dado vida, prop\u00f3sito, y legitimidad a estos a\u00f1os que son parte viva de esta historia que no solo ha traspasado fronteras desde M\u00e9xico hasta Ecuador y m\u00e1s all\u00e1, sino que tambi\u00e9n ha desafiado l\u00edmites y paradigmas de lo que la educaci\u00f3n tradicional sol\u00eda ser.<\/em><\/p>\n\n\n\n<p><em>En nuestra instituci\u00f3n seguimos siendo atrevidos y audaces porque hemos descubierto algo fundamental. Para cambiar el mundo, primero debemos cambiar nosotros mismos. Transformarnos desde dentro, abrir nuestra mente a nuevas perspectivas y ver nuestra realidad con ojos distintos. Este cambio personal es la base para generar un impacto real y duradero. Ustedes, con este logro, demuestran que son agentes de transformaci\u00f3n que no se conforman con lo establecido y que est\u00e1n listos para construir un futuro distinto, mejor y lleno de posibilidades.<\/em><\/p>\n\n\n\n<p><em>Este grado que concluyen es mucho m\u00e1s que un certificado o un documento oficial. Es la prueba de que han sido capaces de planear, esforzarse y ejecutar un proyecto de vida con determinaci\u00f3n. Es la evidencia de que el compromiso, la disciplina y la pasi\u00f3n son los pilares que sostienen el verdadero \u00e9xito. Y este \u00e9xito no solamente es de ustedes, es el \u00e9xito de quienes los acompa\u00f1aron y brindaron apoyo incondicional. Es tambi\u00e9n de sus familias, amigos, seres queridos, quienes fueron c\u00f3mplices en este viaje. Reconocer este trabajo colectivo es fundamental, porque aqu\u00ed se encuentra la fuerza real. Cuando un grupo de personas se une con un prop\u00f3sito com\u00fan, los resultados son extraordinarios y ustedes son la mejor muestra de ello.<\/em><\/p>\n\n\n\n<p><em>Quiero compartir con ustedes algunos consejos que pueden acompa\u00f1arlos en esta nueva etapa que hoy comienza. Mantenga viva la curiosidad y el deseo de aprender. La educaci\u00f3n no termina con un t\u00edtulo, es un camino que dura toda la vida. Sigan cuestionando, explorando y aprendiendo sin l\u00edmites. El mundo cambia a una velocidad sin precedentes y la tecnolog\u00eda junto con la inteligencia artificial son nuestras grandes aliadas. Al abrazarlas, transformamos desaf\u00edos en oportunidades, potenciamos nuestra creatividad, describiendo nuevas formas de aprender, crecer y liderar con visi\u00f3n hacia el futuro. Construyan relaciones aut\u00e9nticas y redes de apoyo. No subestimen el poder de la comunidad. Ustedes ya forman parte de la gran comunidad de Utel, la cual seguir\u00e1 acompa\u00f1\u00e1ndolos siempre y creciendo con ustedes.<\/em><\/p>\n\n\n\n<p><em>Sean resilientes y flexibles ante los cambios. El \u00e9xito se encuentra no en evitar los obst\u00e1culos, sino en saber adaptarse y salir, por supuesto, fortalecido de ellos. Cada dificultad es una oportunidad para reinventarnos. Lideren con empat\u00eda y con prop\u00f3sito. Recuerden que el verdadero liderazgo es escuchar, comprender y actuar con valores.<\/em><\/p>\n\n\n\n<p><em>Contribuyan con su talento a construir sociedades m\u00e1s justas. Ahora tienen el poder y la responsabilidad de ser agentes activos de cambio. Apoyen causas que les importen, promuevan la inclusi\u00f3n y trabajen por cerrar brechas sociales. La educaci\u00f3n que recibieron tiene un prop\u00f3sito mucho mayor, transformar vidas no solamente la de ustedes.<\/em><\/p>\n\n\n\n<p><em>No permitan que este logro se quede solo en un recuerdo, en un documento, sino que sea la base para seguir visualizando, construyendo y apostando por ustedes y por sus comunidades. Al mirar hacia adelante, recuerden que lo alcanzado hoy solo es el primer cap\u00edtulo de una historia mucho m\u00e1s grande. Y ustedes son los protagonistas de una generaci\u00f3n que saben que la educaci\u00f3n no es un privilegio, sino una herramienta para cambiar realidades.<\/em><\/p>\n\n\n\n<p><em>Nos enorgullece enormemente caminar a su lado, acompa\u00f1arlos y ver c\u00f3mo se convierten en l\u00edderes comprometidos con un mundo m\u00e1s justo, inclusivo y lleno de oportunidades.<\/em><\/p>\n\n\n\n<p><em>Comparto por \u00faltimo con ustedes unas palabras del escritor ecuatoriano Jorge Enrique Adum: \u2018\u2018El futuro no es un lugar al que vamos, sino un lugar que construimos\u2019\u2019.<\/em><\/p>\n\n\n\n<p><em>Desde hoy comiencen a construir ese futuro. La fuerza, la pasi\u00f3n y el compromiso que los ha tra\u00eddo hasta aqu\u00ed seguramente los impulsar\u00e1 hacia ello y tengan la certeza que desde su universidad seguiremos acompa\u00f1\u00e1ndolos a cada paso del camino. Y por supuesto, no me resta m\u00e1s que felicitarlos por este gran logro y reiterarles el orgullo de toda la comunidad universitaria.<\/em><\/p>\n\n\n\n<p><em>\u00a1Muchas felicidades, clase 2025!\u201d<\/em><\/p>\n\n\n\n<p>Estas fueron las inspiradoras palabras de la Mtra. Claudia Mej\u00eda, quien agradeci\u00f3 profundamente a todos los presentes por compartir este momento tan especial.\u00a0 Adem\u00e1s, reafirm\u00f3 el compromiso de nuestra universidad en seguir acompa\u00f1ando a cada uno de nuestros egresados en su camino hacia el \u00e9xito.<br><\/p>\n<div id=\"advads-473899272\" class=\"advads-cta-lp-banner-form advads-entity-placement\"><a href=\"https:\/\/utel.mx\/blog\/admisiones-universidad-online\/?utm_source=blog&#038;utm_medium=CTAlink&#038;utm_campaign=MKTseo\" aria-label=\"Universidad en linea\"><img src=\"https:\/\/utel.mx\/blog\/wp-content\/uploads\/2025\/04\/universidad-en-linea-1.png\" alt=\"Universidad en linea\"  srcset=\"https:\/\/utel.mx\/blog\/wp-content\/uploads\/2025\/04\/universidad-en-linea-1.png 626w, https:\/\/utel.mx\/blog\/wp-content\/uploads\/2025\/04\/universidad-en-linea-1-420x168.png 420w\" sizes=\"(max-width: 626px) 100vw, 626px\" width=\"626\" height=\"250\"   \/><\/a><\/div>","protected":false},"excerpt":{"rendered":"<p> [&hellip;]<\/p>\n","protected":false},"author":77,"featured_media":51487,"comment_status":"closed","ping_status":"closed","sticky":false,"template":"","format":"standard","meta":{"_acf_changed":false,"site-sidebar-layout":"default","site-content-layout":"","ast-site-content-layout":"default","site-content-style":"default","site-sidebar-style":"default","ast-global-header-display":"","ast-banner-title-visibility":"","ast-main-header-display":"","ast-hfb-above-header-display":"","ast-hfb-below-header-display":"","ast-hfb-mobile-header-display":"","site-post-title":"","ast-breadcrumbs-content":"","ast-featured-img":"","footer-sml-layout":"","theme-transparent-header-meta":"","adv-header-id-meta":"","stick-header-meta":"","header-above-stick-meta":"","header-main-stick-meta":"","header-below-stick-meta":"","astra-migrate-meta-layouts":"set","ast-page-background-enabled":"default","ast-page-background-meta":{"desktop":{"background-color":"var(--ast-global-color-4)","background-image":"","background-repeat":"repeat","background-position":"center center","background-size":"auto","background-attachment":"scroll","background-type":"","background-media":"","overlay-type":"","overlay-color":"","overlay-gradient":""},"tablet":{"background-color":"","background-image":"","background-repeat":"repeat","background-position":"center center","background-size":"auto","background-attachment":"scroll","background-type":"","background-media":"","overlay-type":"","overlay-color":"","overlay-gradient":""},"mobile":{"background-color":"","background-image":"","background-repeat":"repeat","background-position":"center center","background-size":"auto","background-attachment":"scroll","background-type":"","background-media":"","overlay-type":"","overlay-color":"","overlay-gradient":""}},"ast-content-background-meta":{"desktop":{"background-color":"var(--ast-global-color-5)","background-image":"","background-repeat":"repeat","background-position":"center center","background-size":"auto","background-attachment":"scroll","background-type":"","background-media":"","overlay-type":"","overlay-color":"","overlay-gradient":""},"tablet":{"background-color":"var(--ast-global-color-5)","background-image":"","background-repeat":"repeat","background-position":"center center","background-size":"auto","background-attachment":"scroll","background-type":"","background-media":"","overlay-type":"","overlay-color":"","overlay-gradient":""},"mobile":{"background-color":"var(--ast-global-color-5)","background-image":"","background-repeat":"repeat","background-position":"center center","background-size":"auto","background-attachment":"scroll","background-type":"","background-media":"","overlay-type":"","overlay-color":"","overlay-gradient":""}},"footnotes":""},"categories":[3674],"tags":[],"class_list":["post-51484","post","type-post","status-publish","format-standard","has-post-thumbnail","hentry","category-graduacion-utel"],"acf":[],"yoast_head":"<!-- This site is optimized with the Yoast SEO plugin v26.8 - https:\/\/yoast.com\/product\/yoast-seo-wordpress\/ -->\n<title>Discurso de la Vicerrectora Acad\u00e9mica en la Ceremonia de Graduaci\u00f3n Ecuador 2025<\/title>\n<meta name=\"description\" content=\"Conoce las inspiradoras palabras de nuestra Vicerrectora Acad\u00e9mica, Claudia Mej\u00eda, en la Ceremonia de Graduaci\u00f3n Ecuador 2025.\" \/>\n<meta name=\"robots\" content=\"index, follow, max-snippet:-1, max-image-preview:large, max-video-preview:-1\" \/>\n<link rel=\"canonical\" href=\"https:\/\/utel.mx\/blog\/graduacion-utel\/discurso-vicerrectora-academica-graduacion-utel-ecuador-2025\/\" \/>\n<meta property=\"og:locale\" content=\"es_ES\" \/>\n<meta property=\"og:type\" content=\"article\" \/>\n<meta property=\"og:title\" content=\"Discurso de la Vicerrectora Acad\u00e9mica en la Ceremonia de Graduaci\u00f3n Ecuador 2025\" \/>\n<meta property=\"og:description\" content=\"Conoce las inspiradoras palabras de nuestra Vicerrectora Acad\u00e9mica, Claudia Mej\u00eda, en la Ceremonia de Graduaci\u00f3n Ecuador 2025.\" \/>\n<meta property=\"og:url\" content=\"https:\/\/utel.mx\/blog\/graduacion-utel\/discurso-vicerrectora-academica-graduacion-utel-ecuador-2025\/\" \/>\n<meta property=\"og:site_name\" content=\"BLOG | Utel\" \/>\n<meta property=\"article:published_time\" content=\"2025-09-09T22:56:18+00:00\" \/>\n<meta property=\"article:modified_time\" content=\"2025-09-10T20:27:13+00:00\" \/>\n<meta property=\"og:image\" content=\"https:\/\/utel.mx\/blog\/wp-content\/uploads\/2025\/09\/Discurso-de-vicerrectora-academica_Claudia-Mejia.jpg\" \/>\n\t<meta property=\"og:image:width\" content=\"600\" \/>\n\t<meta property=\"og:image:height\" content=\"300\" \/>\n\t<meta property=\"og:image:type\" content=\"image\/jpeg\" \/>\n<meta name=\"author\" content=\"Rous\" \/>\n<meta name=\"twitter:label1\" content=\"Written by\" \/>\n\t<meta name=\"twitter:data1\" content=\"Rous\" \/>\n\t<meta name=\"twitter:label2\" content=\"Est. reading time\" \/>\n\t<meta name=\"twitter:data2\" content=\"5 minutos\" \/>\n<script type=\"application\/ld+json\" class=\"yoast-schema-graph\">{\"@context\":\"https:\/\/schema.org\",\"@graph\":[{\"@type\":\"Article\",\"@id\":\"https:\/\/utel.mx\/blog\/graduacion-utel\/discurso-vicerrectora-academica-graduacion-utel-ecuador-2025\/#article\",\"isPartOf\":{\"@id\":\"https:\/\/utel.mx\/blog\/graduacion-utel\/discurso-vicerrectora-academica-graduacion-utel-ecuador-2025\/\"},\"author\":{\"name\":\"Rous\",\"@id\":\"https:\/\/utel.mx\/blog\/#\/schema\/person\/4e2a0be91565e937db07582c862c4e1d\"},\"headline\":\"Discurso de la Vicerrectora Acad\u00e9mica, Claudia Mej\u00eda, en la Ceremonia de Graduaci\u00f3n Ecuador 2025\",\"datePublished\":\"2025-09-09T22:56:18+00:00\",\"dateModified\":\"2025-09-10T20:27:13+00:00\",\"mainEntityOfPage\":{\"@id\":\"https:\/\/utel.mx\/blog\/graduacion-utel\/discurso-vicerrectora-academica-graduacion-utel-ecuador-2025\/\"},\"wordCount\":1099,\"publisher\":{\"@id\":\"https:\/\/utel.mx\/blog\/#organization\"},\"image\":{\"@id\":\"https:\/\/utel.mx\/blog\/graduacion-utel\/discurso-vicerrectora-academica-graduacion-utel-ecuador-2025\/#primaryimage\"},\"thumbnailUrl\":\"https:\/\/utel.mx\/blog\/wp-content\/uploads\/2025\/09\/Discurso-de-vicerrectora-academica_Claudia-Mejia.jpg\",\"articleSection\":[\"Graduaci\u00f3n Utel\"],\"inLanguage\":\"es\"},{\"@type\":\"WebPage\",\"@id\":\"https:\/\/utel.mx\/blog\/graduacion-utel\/discurso-vicerrectora-academica-graduacion-utel-ecuador-2025\/\",\"url\":\"https:\/\/utel.mx\/blog\/graduacion-utel\/discurso-vicerrectora-academica-graduacion-utel-ecuador-2025\/\",\"name\":\"Discurso de la Vicerrectora Acad\u00e9mica en la Ceremonia de Graduaci\u00f3n Ecuador 2025\",\"isPartOf\":{\"@id\":\"https:\/\/utel.mx\/blog\/#website\"},\"primaryImageOfPage\":{\"@id\":\"https:\/\/utel.mx\/blog\/graduacion-utel\/discurso-vicerrectora-academica-graduacion-utel-ecuador-2025\/#primaryimage\"},\"image\":{\"@id\":\"https:\/\/utel.mx\/blog\/graduacion-utel\/discurso-vicerrectora-academica-graduacion-utel-ecuador-2025\/#primaryimage\"},\"thumbnailUrl\":\"https:\/\/utel.mx\/blog\/wp-content\/uploads\/2025\/09\/Discurso-de-vicerrectora-academica_Claudia-Mejia.jpg\",\"datePublished\":\"2025-09-09T22:56:18+00:00\",\"dateModified\":\"2025-09-10T20:27:13+00:00\",\"description\":\"Conoce las inspiradoras palabras de nuestra Vicerrectora Acad\u00e9mica, Claudia Mej\u00eda, en la Ceremonia de Graduaci\u00f3n Ecuador 2025.\",\"breadcrumb\":{\"@id\":\"https:\/\/utel.mx\/blog\/graduacion-utel\/discurso-vicerrectora-academica-graduacion-utel-ecuador-2025\/#breadcrumb\"},\"inLanguage\":\"es\",\"potentialAction\":[{\"@type\":\"ReadAction\",\"target\":[\"https:\/\/utel.mx\/blog\/graduacion-utel\/discurso-vicerrectora-academica-graduacion-utel-ecuador-2025\/\"]}]},{\"@type\":\"ImageObject\",\"inLanguage\":\"es\",\"@id\":\"https:\/\/utel.mx\/blog\/graduacion-utel\/discurso-vicerrectora-academica-graduacion-utel-ecuador-2025\/#primaryimage\",\"url\":\"https:\/\/utel.mx\/blog\/wp-content\/uploads\/2025\/09\/Discurso-de-vicerrectora-academica_Claudia-Mejia.jpg\",\"contentUrl\":\"https:\/\/utel.mx\/blog\/wp-content\/uploads\/2025\/09\/Discurso-de-vicerrectora-academica_Claudia-Mejia.jpg\",\"width\":600,\"height\":300,\"caption\":\"Claudia mehia disurso graduaci\u00f3n Utel Ecuador 2025\"},{\"@type\":\"BreadcrumbList\",\"@id\":\"https:\/\/utel.mx\/blog\/graduacion-utel\/discurso-vicerrectora-academica-graduacion-utel-ecuador-2025\/#breadcrumb\",\"itemListElement\":[{\"@type\":\"ListItem\",\"position\":1,\"name\":\"Home\",\"item\":\"https:\/\/utel.mx\/blog\/\"},{\"@type\":\"ListItem\",\"position\":2,\"name\":\"Discurso de la Vicerrectora Acad\u00e9mica, Claudia Mej\u00eda, en la Ceremonia de Graduaci\u00f3n Ecuador 2025\"}]},{\"@type\":\"WebSite\",\"@id\":\"https:\/\/utel.mx\/blog\/#website\",\"url\":\"https:\/\/utel.mx\/blog\/\",\"name\":\"BLOG | Utel\",\"description\":\"Blog UTEL Universidad en L\u00ednea\",\"publisher\":{\"@id\":\"https:\/\/utel.mx\/blog\/#organization\"},\"potentialAction\":[{\"@type\":\"SearchAction\",\"target\":{\"@type\":\"EntryPoint\",\"urlTemplate\":\"https:\/\/utel.mx\/blog\/?s={search_term_string}\"},\"query-input\":{\"@type\":\"PropertyValueSpecification\",\"valueRequired\":true,\"valueName\":\"search_term_string\"}}],\"inLanguage\":\"es\"},{\"@type\":\"Organization\",\"@id\":\"https:\/\/utel.mx\/blog\/#organization\",\"name\":\"BLOG | Utel\",\"url\":\"https:\/\/utel.mx\/blog\/\",\"logo\":{\"@type\":\"ImageObject\",\"inLanguage\":\"es\",\"@id\":\"https:\/\/utel.mx\/blog\/#\/schema\/logo\/image\/\",\"url\":\"https:\/\/utel.mx\/blog\/wp-content\/uploads\/2023\/03\/cropped-logo-blog.png\",\"contentUrl\":\"https:\/\/utel.mx\/blog\/wp-content\/uploads\/2023\/03\/cropped-logo-blog.png\",\"width\":237,\"height\":64,\"caption\":\"BLOG | Utel\"},\"image\":{\"@id\":\"https:\/\/utel.mx\/blog\/#\/schema\/logo\/image\/\"}},{\"@type\":\"Person\",\"@id\":\"https:\/\/utel.mx\/blog\/#\/schema\/person\/4e2a0be91565e937db07582c862c4e1d\",\"name\":\"Rous\",\"image\":{\"@type\":\"ImageObject\",\"inLanguage\":\"es\",\"@id\":\"https:\/\/utel.mx\/blog\/#\/schema\/person\/image\/\",\"url\":\"https:\/\/secure.gravatar.com\/avatar\/b08bffdc37c42e296372e505e7830285?s=96&d=mm&r=g\",\"contentUrl\":\"https:\/\/secure.gravatar.com\/avatar\/b08bffdc37c42e296372e505e7830285?s=96&d=mm&r=g\",\"caption\":\"Rous\"}}]}<\/script>\n<!-- \/ Yoast SEO plugin. -->","yoast_head_json":{"title":"Discurso de la Vicerrectora Acad\u00e9mica en la Ceremonia de Graduaci\u00f3n Ecuador 2025","description":"Conoce las inspiradoras palabras de nuestra Vicerrectora Acad\u00e9mica, Claudia Mej\u00eda, en la Ceremonia de Graduaci\u00f3n Ecuador 2025.","robots":{"index":"index","follow":"follow","max-snippet":"max-snippet:-1","max-image-preview":"max-image-preview:large","max-video-preview":"max-video-preview:-1"},"canonical":"https:\/\/utel.mx\/blog\/graduacion-utel\/discurso-vicerrectora-academica-graduacion-utel-ecuador-2025\/","og_locale":"es_ES","og_type":"article","og_title":"Discurso de la Vicerrectora Acad\u00e9mica en la Ceremonia de Graduaci\u00f3n Ecuador 2025","og_description":"Conoce las inspiradoras palabras de nuestra Vicerrectora Acad\u00e9mica, Claudia Mej\u00eda, en la Ceremonia de Graduaci\u00f3n Ecuador 2025.","og_url":"https:\/\/utel.mx\/blog\/graduacion-utel\/discurso-vicerrectora-academica-graduacion-utel-ecuador-2025\/","og_site_name":"BLOG | Utel","article_published_time":"2025-09-09T22:56:18+00:00","article_modified_time":"2025-09-10T20:27:13+00:00","og_image":[{"width":600,"height":300,"url":"https:\/\/utel.mx\/blog\/wp-content\/uploads\/2025\/09\/Discurso-de-vicerrectora-academica_Claudia-Mejia.jpg","type":"image\/jpeg"}],"author":"Rous","twitter_misc":{"Written by":"Rous","Est. reading time":"5 minutos"},"schema":{"@context":"https:\/\/schema.org","@graph":[{"@type":"Article","@id":"https:\/\/utel.mx\/blog\/graduacion-utel\/discurso-vicerrectora-academica-graduacion-utel-ecuador-2025\/#article","isPartOf":{"@id":"https:\/\/utel.mx\/blog\/graduacion-utel\/discurso-vicerrectora-academica-graduacion-utel-ecuador-2025\/"},"author":{"name":"Rous","@id":"https:\/\/utel.mx\/blog\/#\/schema\/person\/4e2a0be91565e937db07582c862c4e1d"},"headline":"Discurso de la Vicerrectora Acad\u00e9mica, Claudia Mej\u00eda, en la Ceremonia de Graduaci\u00f3n Ecuador 2025","datePublished":"2025-09-09T22:56:18+00:00","dateModified":"2025-09-10T20:27:13+00:00","mainEntityOfPage":{"@id":"https:\/\/utel.mx\/blog\/graduacion-utel\/discurso-vicerrectora-academica-graduacion-utel-ecuador-2025\/"},"wordCount":1099,"publisher":{"@id":"https:\/\/utel.mx\/blog\/#organization"},"image":{"@id":"https:\/\/utel.mx\/blog\/graduacion-utel\/discurso-vicerrectora-academica-graduacion-utel-ecuador-2025\/#primaryimage"},"thumbnailUrl":"https:\/\/utel.mx\/blog\/wp-content\/uploads\/2025\/09\/Discurso-de-vicerrectora-academica_Claudia-Mejia.jpg","articleSection":["Graduaci\u00f3n Utel"],"inLanguage":"es"},{"@type":"WebPage","@id":"https:\/\/utel.mx\/blog\/graduacion-utel\/discurso-vicerrectora-academica-graduacion-utel-ecuador-2025\/","url":"https:\/\/utel.mx\/blog\/graduacion-utel\/discurso-vicerrectora-academica-graduacion-utel-ecuador-2025\/","name":"Discurso de la Vicerrectora Acad\u00e9mica en la Ceremonia de Graduaci\u00f3n Ecuador 2025","isPartOf":{"@id":"https:\/\/utel.mx\/blog\/#website"},"primaryImageOfPage":{"@id":"https:\/\/utel.mx\/blog\/graduacion-utel\/discurso-vicerrectora-academica-graduacion-utel-ecuador-2025\/#primaryimage"},"image":{"@id":"https:\/\/utel.mx\/blog\/graduacion-utel\/discurso-vicerrectora-academica-graduacion-utel-ecuador-2025\/#primaryimage"},"thumbnailUrl":"https:\/\/utel.mx\/blog\/wp-content\/uploads\/2025\/09\/Discurso-de-vicerrectora-academica_Claudia-Mejia.jpg","datePublished":"2025-09-09T22:56:18+00:00","dateModified":"2025-09-10T20:27:13+00:00","description":"Conoce las inspiradoras palabras de nuestra Vicerrectora Acad\u00e9mica, Claudia Mej\u00eda, en la Ceremonia de Graduaci\u00f3n Ecuador 2025.","breadcrumb":{"@id":"https:\/\/utel.mx\/blog\/graduacion-utel\/discurso-vicerrectora-academica-graduacion-utel-ecuador-2025\/#breadcrumb"},"inLanguage":"es","potentialAction":[{"@type":"ReadAction","target":["https:\/\/utel.mx\/blog\/graduacion-utel\/discurso-vicerrectora-academica-graduacion-utel-ecuador-2025\/"]}]},{"@type":"ImageObject","inLanguage":"es","@id":"https:\/\/utel.mx\/blog\/graduacion-utel\/discurso-vicerrectora-academica-graduacion-utel-ecuador-2025\/#primaryimage","url":"https:\/\/utel.mx\/blog\/wp-content\/uploads\/2025\/09\/Discurso-de-vicerrectora-academica_Claudia-Mejia.jpg","contentUrl":"https:\/\/utel.mx\/blog\/wp-content\/uploads\/2025\/09\/Discurso-de-vicerrectora-academica_Claudia-Mejia.jpg","width":600,"height":300,"caption":"Claudia mehia disurso graduaci\u00f3n Utel Ecuador 2025"},{"@type":"BreadcrumbList","@id":"https:\/\/utel.mx\/blog\/graduacion-utel\/discurso-vicerrectora-academica-graduacion-utel-ecuador-2025\/#breadcrumb","itemListElement":[{"@type":"ListItem","position":1,"name":"Home","item":"https:\/\/utel.mx\/blog\/"},{"@type":"ListItem","position":2,"name":"Discurso de la Vicerrectora Acad\u00e9mica, Claudia Mej\u00eda, en la Ceremonia de Graduaci\u00f3n Ecuador 2025"}]},{"@type":"WebSite","@id":"https:\/\/utel.mx\/blog\/#website","url":"https:\/\/utel.mx\/blog\/","name":"BLOG | Utel","description":"Blog UTEL Universidad en L\u00ednea","publisher":{"@id":"https:\/\/utel.mx\/blog\/#organization"},"potentialAction":[{"@type":"SearchAction","target":{"@type":"EntryPoint","urlTemplate":"https:\/\/utel.mx\/blog\/?s={search_term_string}"},"query-input":{"@type":"PropertyValueSpecification","valueRequired":true,"valueName":"search_term_string"}}],"inLanguage":"es"},{"@type":"Organization","@id":"https:\/\/utel.mx\/blog\/#organization","name":"BLOG | Utel","url":"https:\/\/utel.mx\/blog\/","logo":{"@type":"ImageObject","inLanguage":"es","@id":"https:\/\/utel.mx\/blog\/#\/schema\/logo\/image\/","url":"https:\/\/utel.mx\/blog\/wp-content\/uploads\/2023\/03\/cropped-logo-blog.png","contentUrl":"https:\/\/utel.mx\/blog\/wp-content\/uploads\/2023\/03\/cropped-logo-blog.png","width":237,"height":64,"caption":"BLOG | Utel"},"image":{"@id":"https:\/\/utel.mx\/blog\/#\/schema\/logo\/image\/"}},{"@type":"Person","@id":"https:\/\/utel.mx\/blog\/#\/schema\/person\/4e2a0be91565e937db07582c862c4e1d","name":"Rous","image":{"@type":"ImageObject","inLanguage":"es","@id":"https:\/\/utel.mx\/blog\/#\/schema\/person\/image\/","url":"https:\/\/secure.gravatar.com\/avatar\/b08bffdc37c42e296372e505e7830285?s=96&d=mm&r=g","contentUrl":"https:\/\/secure.gravatar.com\/avatar\/b08bffdc37c42e296372e505e7830285?s=96&d=mm&r=g","caption":"Rous"}}]}},"_links":{"self":[{"href":"https:\/\/utel.mx\/blog\/wp-json\/wp\/v2\/posts\/51484","targetHints":{"allow":["GET"]}}],"collection":[{"href":"https:\/\/utel.mx\/blog\/wp-json\/wp\/v2\/posts"}],"about":[{"href":"https:\/\/utel.mx\/blog\/wp-json\/wp\/v2\/types\/post"}],"author":[{"embeddable":true,"href":"https:\/\/utel.mx\/blog\/wp-json\/wp\/v2\/users\/77"}],"replies":[{"embeddable":true,"href":"https:\/\/utel.mx\/blog\/wp-json\/wp\/v2\/comments?post=51484"}],"version-history":[{"count":2,"href":"https:\/\/utel.mx\/blog\/wp-json\/wp\/v2\/posts\/51484\/revisions"}],"predecessor-version":[{"id":51498,"href":"https:\/\/utel.mx\/blog\/wp-json\/wp\/v2\/posts\/51484\/revisions\/51498"}],"wp:featuredmedia":[{"embeddable":true,"href":"https:\/\/utel.mx\/blog\/wp-json\/wp\/v2\/media\/51487"}],"wp:attachment":[{"href":"https:\/\/utel.mx\/blog\/wp-json\/wp\/v2\/media?parent=51484"}],"wp:term":[{"taxonomy":"category","embeddable":true,"href":"https:\/\/utel.mx\/blog\/wp-json\/wp\/v2\/categories?post=51484"},{"taxonomy":"post_tag","embeddable":true,"href":"https:\/\/utel.mx\/blog\/wp-json\/wp\/v2\/tags?post=51484"}],"curies":[{"name":"wp","href":"https:\/\/api.w.org\/{rel}","templated":true}]}}