{"id":51489,"date":"2025-09-10T15:32:31","date_gmt":"2025-09-10T15:32:31","guid":{"rendered":"https:\/\/utel.mx\/blog\/?p=51489"},"modified":"2025-09-10T15:32:32","modified_gmt":"2025-09-10T15:32:32","slug":"padrino-de-generacion-ceremonia-de-graduacion-ecuador-2025","status":"publish","type":"post","link":"https:\/\/utel.mx\/blog\/graduacion-utel\/padrino-de-generacion-ceremonia-de-graduacion-ecuador-2025\/","title":{"rendered":"Discurso de Carlos Larrea, Padrino de Generaci\u00f3n en la Ceremonia de Graduaci\u00f3n Ecuador 2025"},"content":{"rendered":"\n<p>En la Ceremonia de Graduaci\u00f3n Ecuador 2025, el Padrino de Generaci\u00f3n, <strong>Carlos Larrea Crespo<\/strong>, abogado con<strong> m\u00e1s de 17 a\u00f1os de trayectoria en los sectores jur\u00eddico, empresarial y tur\u00edstico<\/strong>, comparti\u00f3 un mensaje cargado de inspiraci\u00f3n con los egresados y sus familias. Exviceministro de Turismo de Ecuador y socio fundador de <strong>Larrea Crespo Abogados<\/strong>, su experiencia en el \u00e1mbito corporativo y en la gesti\u00f3n p\u00fablica lo ha consolidado como un referente en la intersecci\u00f3n entre derecho, turismo y emprendimiento, aportando una visi\u00f3n de liderazgo y transformaci\u00f3n que marc\u00f3 profundamente esta celebraci\u00f3n<\/p>\n\n\n\n<p>Este encuentro represent\u00f3 un momento \u00fanico para la comunidad universitaria, celebrando los logros alcanzados por quienes <strong>culminaron su etapa universitaria<\/strong> y proyectando la importancia de mantener el esfuerzo y la constancia en el camino profesional.<\/p>\n\n\n\n<h2 class=\"wp-block-heading\"><strong>Palabras del Padrino de Generaci\u00f3n en la Graduaci\u00f3n Ecuador 2025<\/strong><\/h2>\n\n\n\n<p>Con un discurso cercano y emotivo, Carlos Larrea resalt\u00f3 que los verdaderos protagonistas de la noche fueron los egresados, quienes con <strong>sacrificio y compromiso<\/strong> alcanzaron este gran logro.<\/p>\n\n\n\n<p><em>\u00abBueno, yo quiero pedirles primerito que se den un aplauso a ustedes, porque nos han dado mucho aplauso a nosotros. Aqu\u00ed los protagonistas de esta noche son ustedes, se\u00f1ores y se\u00f1oras. Solamente podemos felicitarles. Yo les digo la verdad, cada vez que damos la mano a alguien, hay una energ\u00eda tan linda. Porque, y les decimos as\u00ed de todo coraz\u00f3n, felicitaciones. Y esas felicitaciones son por su empe\u00f1o, por su sacrificio, por lo que han logrado.<\/em><\/p>\n\n\n\n<p><em>Yo dec\u00eda el a\u00f1o pasado, porque estoy repitiendo, lo cual me llena de orgullo, que en la vida hay que celebrar las cosas que pasan, las cosas buenas que pasan, porque si no, la vida no se entera. Y hoy d\u00eda es una noche de celebraci\u00f3n, una noche de fiesta. Hoy d\u00eda les pido de favor, si\u00e9ntanlo, sientan que est\u00e1n de fiesta. Porque no siempre estamos de fiesta, \u00bfse han puesto a pensar? Generalmente estamos ocupados en otras cosas.<\/em><\/p>\n\n\n\n<p><em>Generalmente estamos ocupados estudiando, haciendo otras cosas, \u00bfno es cierto? Trabajando. Hoy no. Hoy es un d\u00eda para ustedes, para reconocerle a cada uno de ustedes lo que han logrado. Y creo que lo que han logrado es important\u00edsimo. Porque yo dec\u00eda tambi\u00e9n el anterior a\u00f1o, sobre cada cabeza de ustedes reposa un mont\u00f3n de ilusiones, un mont\u00f3n de proyectos, un mont\u00f3n de esperanzas.<\/em><\/p>\n\n\n\n<p><em>Ojo con esta \u00faltima palabrita. F\u00edjense que ustedes aqu\u00ed tienen a sus familias. Muchos de ustedes tendr\u00e1n hijos, esposas, esposos. Y cada uno de ellos tiene hoy puesta en ustedes una tremenda esperanza. La esperanza de que ustedes lo van a hacer bien. La esperanza de que ustedes lo van a hacer honradamente, honorablemente.<\/em><\/p>\n\n\n\n<p><em>Que van a seguir seguramente el ejemplo de sus padres, de sus abuelos, de sus bisabuelos. Sobre cada uno de ustedes hoy hay una esperanza renovada. Creo que los que tenemos hijos sentimos eso, \u00bfes cierto? Tenemos esperanza en nuestros hijos. Piensen hoy en sus padres, en sus abuelos, en sus antepasados que de alguna manera est\u00e1n poniendo una esperanza en cada una de sus cabezas. Ahora, \u00bfqu\u00e9 vamos a hacer con esa esperanza, se\u00f1ores y se\u00f1oras?<\/em><\/p>\n\n\n\n<p><em>\u00bfVamos a defraudar o vamos a romperla? Vamos a romperla porque se est\u00e1n preparando para algo grande. Y el prepararse ha significado, seguramente, noches de insomnio, ha significado un mont\u00f3n de cosas, \u00bfno es cierto? De dejar, dejar alguna fiesta, dejar algunos amigos, dejar cu\u00e1ntas cosas. Pero hoy lo han conseguido, y lo han conseguido bien. \u00bfY ahora qu\u00e9 viene? \u00bfQu\u00e9 viene de aqu\u00ed en adelante?<\/em><\/p>\n\n\n\n<p><em>El \u00e9xito, dec\u00eda alguien por ah\u00ed, qu\u00e9 bien dicho. Y el \u00e9xito se consigue \u00bfcon qu\u00e9? Con m\u00e1s sacrificio. Aqu\u00ed no es para parar, ojo, \u00bfah? S\u00ed vamos a celebrar, hoy d\u00eda estamos de fiesta absolutamente, pero no es para parar, es para recargarnos nuevamente de energ\u00eda y de aqu\u00ed en adelante llegar a donde queremos llegar. Dec\u00edan hace un momento en la presentaci\u00f3n: ahora empiezan las cosas, \u00bfno es cierto? Hoy d\u00eda empieza un nuevo camino. Entonces hoy d\u00eda es fiesta, de verdad, fiesta de verdad. Y luego\u2026<\/em><\/p>\n\n\n\n<p><em>A seguir con el camino. Y en ese camino se van a enfrentar contra un mont\u00f3n de adversidades. Y ah\u00ed est\u00e1 lo lindo: si esto fuera f\u00e1cil, \u00bfqu\u00e9 pasar\u00eda si fuera f\u00e1cil? \u00bfNo es cierto? Todo el mundo lo conseguir\u00eda. Esto es para los valientes. Y quiero que se lleven esta frase y con esto termino: <\/em><strong><em>la fortuna es para los valientes.<\/em><\/strong><em> Acu\u00e9rdense de esto: la fortuna es para los valientes.<\/em><\/p>\n\n\n\n<p><em>No para los d\u00e9biles, no para los que se quedan sentaditos en una silla. La fortuna es para los valientes. De ahora en adelante, ustedes tendr\u00e1n que ser realmente valientes consiguiendo sus objetivos. Y hay una palabrita que a m\u00ed me encanta y que siempre la uso, que aqu\u00ed casi todos somos ecuatorianos, creo, y que a los que nos acompa\u00f1an de fuera les vamos a ense\u00f1ar. Esa palabrita se llama <\/em><strong><em>\u00f1eque<\/em><\/strong><em>. S\u00ed que lo han escuchado, \u00bfno es cierto?<\/em><\/p>\n\n\n\n<p><em>\u00bfQu\u00e9 vamos a poner de ahora en adelante? Entonces, el \u00f1eque necesario para conseguir sus sue\u00f1os, para conseguir sus objetivos y, siendo valientes, lograr lo que cada uno se proponga. Yo solamente les puedo pedir a Dios que les bendiga a cada uno de ustedes, que les bendiga en su camino, en su profesi\u00f3n, en todo lo que vayan a hacer.<\/em><\/p>\n\n\n\n<p><em>Y recuerden: <\/em><strong><em>la fortuna es para los valientes. Vamos con todo. Gracias, gracias y felicitaciones nuevamente.<\/em><\/strong><em>\u00ab<\/em><\/p>\n\n\n\n<p>Con estas palabras, Carlos Larrea dej\u00f3 en claro que el logro de graduarse es solo el inicio de un futuro lleno de oportunidades, en el que la valent\u00eda y la determinaci\u00f3n ser\u00e1n claves para construir el camino personal y profesional de cada egresado.<\/p>\n<div id=\"advads-3613927766\" class=\"advads-cta-lp-banner-form advads-entity-placement\"><a href=\"https:\/\/utel.mx\/blog\/admisiones-universidad-online\/?utm_source=blog&#038;utm_medium=CTAlink&#038;utm_campaign=MKTseo\" aria-label=\"Universidad en linea\"><img src=\"https:\/\/utel.mx\/blog\/wp-content\/uploads\/2025\/04\/universidad-en-linea-1.png\" alt=\"Universidad en linea\"  srcset=\"https:\/\/utel.mx\/blog\/wp-content\/uploads\/2025\/04\/universidad-en-linea-1.png 626w, https:\/\/utel.mx\/blog\/wp-content\/uploads\/2025\/04\/universidad-en-linea-1-420x168.png 420w\" sizes=\"(max-width: 626px) 100vw, 626px\" width=\"626\" height=\"250\"   \/><\/a><\/div>","protected":false},"excerpt":{"rendered":"<p> [&hellip;]<\/p>\n","protected":false},"author":78,"featured_media":51490,"comment_status":"closed","ping_status":"closed","sticky":false,"template":"","format":"standard","meta":{"_acf_changed":false,"site-sidebar-layout":"default","site-content-layout":"","ast-site-content-layout":"default","site-content-style":"default","site-sidebar-style":"default","ast-global-header-display":"","ast-banner-title-visibility":"","ast-main-header-display":"","ast-hfb-above-header-display":"","ast-hfb-below-header-display":"","ast-hfb-mobile-header-display":"","site-post-title":"","ast-breadcrumbs-content":"","ast-featured-img":"","footer-sml-layout":"","theme-transparent-header-meta":"","adv-header-id-meta":"","stick-header-meta":"","header-above-stick-meta":"","header-main-stick-meta":"","header-below-stick-meta":"","astra-migrate-meta-layouts":"set","ast-page-background-enabled":"default","ast-page-background-meta":{"desktop":{"background-color":"var(--ast-global-color-4)","background-image":"","background-repeat":"repeat","background-position":"center center","background-size":"auto","background-attachment":"scroll","background-type":"","background-media":"","overlay-type":"","overlay-color":"","overlay-gradient":""},"tablet":{"background-color":"","background-image":"","background-repeat":"repeat","background-position":"center center","background-size":"auto","background-attachment":"scroll","background-type":"","background-media":"","overlay-type":"","overlay-color":"","overlay-gradient":""},"mobile":{"background-color":"","background-image":"","background-repeat":"repeat","background-position":"center center","background-size":"auto","background-attachment":"scroll","background-type":"","background-media":"","overlay-type":"","overlay-color":"","overlay-gradient":""}},"ast-content-background-meta":{"desktop":{"background-color":"var(--ast-global-color-5)","background-image":"","background-repeat":"repeat","background-position":"center center","background-size":"auto","background-attachment":"scroll","background-type":"","background-media":"","overlay-type":"","overlay-color":"","overlay-gradient":""},"tablet":{"background-color":"var(--ast-global-color-5)","background-image":"","background-repeat":"repeat","background-position":"center center","background-size":"auto","background-attachment":"scroll","background-type":"","background-media":"","overlay-type":"","overlay-color":"","overlay-gradient":""},"mobile":{"background-color":"var(--ast-global-color-5)","background-image":"","background-repeat":"repeat","background-position":"center center","background-size":"auto","background-attachment":"scroll","background-type":"","background-media":"","overlay-type":"","overlay-color":"","overlay-gradient":""}},"footnotes":""},"categories":[3674],"tags":[],"class_list":["post-51489","post","type-post","status-publish","format-standard","has-post-thumbnail","hentry","category-graduacion-utel"],"acf":[],"yoast_head":"<!-- This site is optimized with the Yoast SEO plugin v26.8 - https:\/\/yoast.com\/product\/yoast-seo-wordpress\/ -->\n<title>Discurso de Carlos Larrea, Padrino de Generaci\u00f3n en la Ceremonia de Graduaci\u00f3n Ecuador 2025 - BLOG | Utel<\/title>\n<meta name=\"description\" content=\"Con un discurso cercano y emotivo, Carlos Larrea resalt\u00f3 que los verdaderos protagonistas de la noche fueron los egresados.\" \/>\n<meta name=\"robots\" content=\"index, follow, max-snippet:-1, max-image-preview:large, max-video-preview:-1\" \/>\n<link rel=\"canonical\" href=\"https:\/\/utel.mx\/blog\/graduacion-utel\/padrino-de-generacion-ceremonia-de-graduacion-ecuador-2025\/\" \/>\n<meta property=\"og:locale\" content=\"es_ES\" \/>\n<meta property=\"og:type\" content=\"article\" \/>\n<meta property=\"og:title\" content=\"Discurso de Carlos Larrea, Padrino de Generaci\u00f3n en la Ceremonia de Graduaci\u00f3n Ecuador 2025 - BLOG | Utel\" \/>\n<meta property=\"og:description\" content=\"Con un discurso cercano y emotivo, Carlos Larrea resalt\u00f3 que los verdaderos protagonistas de la noche fueron los egresados.\" \/>\n<meta property=\"og:url\" content=\"https:\/\/utel.mx\/blog\/graduacion-utel\/padrino-de-generacion-ceremonia-de-graduacion-ecuador-2025\/\" \/>\n<meta property=\"og:site_name\" content=\"BLOG | Utel\" \/>\n<meta property=\"article:published_time\" content=\"2025-09-10T15:32:31+00:00\" \/>\n<meta property=\"article:modified_time\" content=\"2025-09-10T15:32:32+00:00\" \/>\n<meta property=\"og:image\" content=\"https:\/\/utel.mx\/blog\/wp-content\/uploads\/2025\/09\/Creatividad_HeadersBlog_setiembre25_4-1.jpg\" \/>\n\t<meta property=\"og:image:width\" content=\"600\" \/>\n\t<meta property=\"og:image:height\" content=\"300\" \/>\n\t<meta property=\"og:image:type\" content=\"image\/jpeg\" \/>\n<meta name=\"author\" content=\"Karen\" \/>\n<meta name=\"twitter:label1\" content=\"Written by\" \/>\n\t<meta name=\"twitter:data1\" content=\"Karen\" \/>\n\t<meta name=\"twitter:label2\" content=\"Est. reading time\" \/>\n\t<meta name=\"twitter:data2\" content=\"5 minutos\" \/>\n<script type=\"application\/ld+json\" class=\"yoast-schema-graph\">{\"@context\":\"https:\/\/schema.org\",\"@graph\":[{\"@type\":\"Article\",\"@id\":\"https:\/\/utel.mx\/blog\/graduacion-utel\/padrino-de-generacion-ceremonia-de-graduacion-ecuador-2025\/#article\",\"isPartOf\":{\"@id\":\"https:\/\/utel.mx\/blog\/graduacion-utel\/padrino-de-generacion-ceremonia-de-graduacion-ecuador-2025\/\"},\"author\":{\"name\":\"Karen\",\"@id\":\"https:\/\/utel.mx\/blog\/#\/schema\/person\/7ba53e7cfb9fa41ad2fb24fe362e056d\"},\"headline\":\"Discurso de Carlos Larrea, Padrino de Generaci\u00f3n en la Ceremonia de Graduaci\u00f3n Ecuador 2025\",\"datePublished\":\"2025-09-10T15:32:31+00:00\",\"dateModified\":\"2025-09-10T15:32:32+00:00\",\"mainEntityOfPage\":{\"@id\":\"https:\/\/utel.mx\/blog\/graduacion-utel\/padrino-de-generacion-ceremonia-de-graduacion-ecuador-2025\/\"},\"wordCount\":1017,\"publisher\":{\"@id\":\"https:\/\/utel.mx\/blog\/#organization\"},\"image\":{\"@id\":\"https:\/\/utel.mx\/blog\/graduacion-utel\/padrino-de-generacion-ceremonia-de-graduacion-ecuador-2025\/#primaryimage\"},\"thumbnailUrl\":\"https:\/\/utel.mx\/blog\/wp-content\/uploads\/2025\/09\/Creatividad_HeadersBlog_setiembre25_4-1.jpg\",\"articleSection\":[\"Graduaci\u00f3n Utel\"],\"inLanguage\":\"es\"},{\"@type\":\"WebPage\",\"@id\":\"https:\/\/utel.mx\/blog\/graduacion-utel\/padrino-de-generacion-ceremonia-de-graduacion-ecuador-2025\/\",\"url\":\"https:\/\/utel.mx\/blog\/graduacion-utel\/padrino-de-generacion-ceremonia-de-graduacion-ecuador-2025\/\",\"name\":\"Discurso de Carlos Larrea, Padrino de Generaci\u00f3n en la Ceremonia de Graduaci\u00f3n Ecuador 2025 - BLOG | Utel\",\"isPartOf\":{\"@id\":\"https:\/\/utel.mx\/blog\/#website\"},\"primaryImageOfPage\":{\"@id\":\"https:\/\/utel.mx\/blog\/graduacion-utel\/padrino-de-generacion-ceremonia-de-graduacion-ecuador-2025\/#primaryimage\"},\"image\":{\"@id\":\"https:\/\/utel.mx\/blog\/graduacion-utel\/padrino-de-generacion-ceremonia-de-graduacion-ecuador-2025\/#primaryimage\"},\"thumbnailUrl\":\"https:\/\/utel.mx\/blog\/wp-content\/uploads\/2025\/09\/Creatividad_HeadersBlog_setiembre25_4-1.jpg\",\"datePublished\":\"2025-09-10T15:32:31+00:00\",\"dateModified\":\"2025-09-10T15:32:32+00:00\",\"description\":\"Con un discurso cercano y emotivo, Carlos Larrea resalt\u00f3 que los verdaderos protagonistas de la noche fueron los egresados.\",\"breadcrumb\":{\"@id\":\"https:\/\/utel.mx\/blog\/graduacion-utel\/padrino-de-generacion-ceremonia-de-graduacion-ecuador-2025\/#breadcrumb\"},\"inLanguage\":\"es\",\"potentialAction\":[{\"@type\":\"ReadAction\",\"target\":[\"https:\/\/utel.mx\/blog\/graduacion-utel\/padrino-de-generacion-ceremonia-de-graduacion-ecuador-2025\/\"]}]},{\"@type\":\"ImageObject\",\"inLanguage\":\"es\",\"@id\":\"https:\/\/utel.mx\/blog\/graduacion-utel\/padrino-de-generacion-ceremonia-de-graduacion-ecuador-2025\/#primaryimage\",\"url\":\"https:\/\/utel.mx\/blog\/wp-content\/uploads\/2025\/09\/Creatividad_HeadersBlog_setiembre25_4-1.jpg\",\"contentUrl\":\"https:\/\/utel.mx\/blog\/wp-content\/uploads\/2025\/09\/Creatividad_HeadersBlog_setiembre25_4-1.jpg\",\"width\":600,\"height\":300,\"caption\":\"padrino-de-generacion-ceremonia-de-graduacion-Ecuador-2025\"},{\"@type\":\"BreadcrumbList\",\"@id\":\"https:\/\/utel.mx\/blog\/graduacion-utel\/padrino-de-generacion-ceremonia-de-graduacion-ecuador-2025\/#breadcrumb\",\"itemListElement\":[{\"@type\":\"ListItem\",\"position\":1,\"name\":\"Home\",\"item\":\"https:\/\/utel.mx\/blog\/\"},{\"@type\":\"ListItem\",\"position\":2,\"name\":\"Discurso de Carlos Larrea, Padrino de Generaci\u00f3n en la Ceremonia de Graduaci\u00f3n Ecuador 2025\"}]},{\"@type\":\"WebSite\",\"@id\":\"https:\/\/utel.mx\/blog\/#website\",\"url\":\"https:\/\/utel.mx\/blog\/\",\"name\":\"BLOG | Utel\",\"description\":\"Blog UTEL Universidad en L\u00ednea\",\"publisher\":{\"@id\":\"https:\/\/utel.mx\/blog\/#organization\"},\"potentialAction\":[{\"@type\":\"SearchAction\",\"target\":{\"@type\":\"EntryPoint\",\"urlTemplate\":\"https:\/\/utel.mx\/blog\/?s={search_term_string}\"},\"query-input\":{\"@type\":\"PropertyValueSpecification\",\"valueRequired\":true,\"valueName\":\"search_term_string\"}}],\"inLanguage\":\"es\"},{\"@type\":\"Organization\",\"@id\":\"https:\/\/utel.mx\/blog\/#organization\",\"name\":\"BLOG | Utel\",\"url\":\"https:\/\/utel.mx\/blog\/\",\"logo\":{\"@type\":\"ImageObject\",\"inLanguage\":\"es\",\"@id\":\"https:\/\/utel.mx\/blog\/#\/schema\/logo\/image\/\",\"url\":\"https:\/\/utel.mx\/blog\/wp-content\/uploads\/2023\/03\/cropped-logo-blog.png\",\"contentUrl\":\"https:\/\/utel.mx\/blog\/wp-content\/uploads\/2023\/03\/cropped-logo-blog.png\",\"width\":237,\"height\":64,\"caption\":\"BLOG | Utel\"},\"image\":{\"@id\":\"https:\/\/utel.mx\/blog\/#\/schema\/logo\/image\/\"}},{\"@type\":\"Person\",\"@id\":\"https:\/\/utel.mx\/blog\/#\/schema\/person\/7ba53e7cfb9fa41ad2fb24fe362e056d\",\"name\":\"Karen\",\"image\":{\"@type\":\"ImageObject\",\"inLanguage\":\"es\",\"@id\":\"https:\/\/utel.mx\/blog\/#\/schema\/person\/image\/\",\"url\":\"https:\/\/secure.gravatar.com\/avatar\/64868b23d53f58e71f7258115a59d526?s=96&d=mm&r=g\",\"contentUrl\":\"https:\/\/secure.gravatar.com\/avatar\/64868b23d53f58e71f7258115a59d526?s=96&d=mm&r=g\",\"caption\":\"Karen\"}}]}<\/script>\n<!-- \/ Yoast SEO plugin. -->","yoast_head_json":{"title":"Discurso de Carlos Larrea, Padrino de Generaci\u00f3n en la Ceremonia de Graduaci\u00f3n Ecuador 2025 - BLOG | Utel","description":"Con un discurso cercano y emotivo, Carlos Larrea resalt\u00f3 que los verdaderos protagonistas de la noche fueron los egresados.","robots":{"index":"index","follow":"follow","max-snippet":"max-snippet:-1","max-image-preview":"max-image-preview:large","max-video-preview":"max-video-preview:-1"},"canonical":"https:\/\/utel.mx\/blog\/graduacion-utel\/padrino-de-generacion-ceremonia-de-graduacion-ecuador-2025\/","og_locale":"es_ES","og_type":"article","og_title":"Discurso de Carlos Larrea, Padrino de Generaci\u00f3n en la Ceremonia de Graduaci\u00f3n Ecuador 2025 - BLOG | Utel","og_description":"Con un discurso cercano y emotivo, Carlos Larrea resalt\u00f3 que los verdaderos protagonistas de la noche fueron los egresados.","og_url":"https:\/\/utel.mx\/blog\/graduacion-utel\/padrino-de-generacion-ceremonia-de-graduacion-ecuador-2025\/","og_site_name":"BLOG | Utel","article_published_time":"2025-09-10T15:32:31+00:00","article_modified_time":"2025-09-10T15:32:32+00:00","og_image":[{"width":600,"height":300,"url":"https:\/\/utel.mx\/blog\/wp-content\/uploads\/2025\/09\/Creatividad_HeadersBlog_setiembre25_4-1.jpg","type":"image\/jpeg"}],"author":"Karen","twitter_misc":{"Written by":"Karen","Est. reading time":"5 minutos"},"schema":{"@context":"https:\/\/schema.org","@graph":[{"@type":"Article","@id":"https:\/\/utel.mx\/blog\/graduacion-utel\/padrino-de-generacion-ceremonia-de-graduacion-ecuador-2025\/#article","isPartOf":{"@id":"https:\/\/utel.mx\/blog\/graduacion-utel\/padrino-de-generacion-ceremonia-de-graduacion-ecuador-2025\/"},"author":{"name":"Karen","@id":"https:\/\/utel.mx\/blog\/#\/schema\/person\/7ba53e7cfb9fa41ad2fb24fe362e056d"},"headline":"Discurso de Carlos Larrea, Padrino de Generaci\u00f3n en la Ceremonia de Graduaci\u00f3n Ecuador 2025","datePublished":"2025-09-10T15:32:31+00:00","dateModified":"2025-09-10T15:32:32+00:00","mainEntityOfPage":{"@id":"https:\/\/utel.mx\/blog\/graduacion-utel\/padrino-de-generacion-ceremonia-de-graduacion-ecuador-2025\/"},"wordCount":1017,"publisher":{"@id":"https:\/\/utel.mx\/blog\/#organization"},"image":{"@id":"https:\/\/utel.mx\/blog\/graduacion-utel\/padrino-de-generacion-ceremonia-de-graduacion-ecuador-2025\/#primaryimage"},"thumbnailUrl":"https:\/\/utel.mx\/blog\/wp-content\/uploads\/2025\/09\/Creatividad_HeadersBlog_setiembre25_4-1.jpg","articleSection":["Graduaci\u00f3n Utel"],"inLanguage":"es"},{"@type":"WebPage","@id":"https:\/\/utel.mx\/blog\/graduacion-utel\/padrino-de-generacion-ceremonia-de-graduacion-ecuador-2025\/","url":"https:\/\/utel.mx\/blog\/graduacion-utel\/padrino-de-generacion-ceremonia-de-graduacion-ecuador-2025\/","name":"Discurso de Carlos Larrea, Padrino de Generaci\u00f3n en la Ceremonia de Graduaci\u00f3n Ecuador 2025 - BLOG | Utel","isPartOf":{"@id":"https:\/\/utel.mx\/blog\/#website"},"primaryImageOfPage":{"@id":"https:\/\/utel.mx\/blog\/graduacion-utel\/padrino-de-generacion-ceremonia-de-graduacion-ecuador-2025\/#primaryimage"},"image":{"@id":"https:\/\/utel.mx\/blog\/graduacion-utel\/padrino-de-generacion-ceremonia-de-graduacion-ecuador-2025\/#primaryimage"},"thumbnailUrl":"https:\/\/utel.mx\/blog\/wp-content\/uploads\/2025\/09\/Creatividad_HeadersBlog_setiembre25_4-1.jpg","datePublished":"2025-09-10T15:32:31+00:00","dateModified":"2025-09-10T15:32:32+00:00","description":"Con un discurso cercano y emotivo, Carlos Larrea resalt\u00f3 que los verdaderos protagonistas de la noche fueron los egresados.","breadcrumb":{"@id":"https:\/\/utel.mx\/blog\/graduacion-utel\/padrino-de-generacion-ceremonia-de-graduacion-ecuador-2025\/#breadcrumb"},"inLanguage":"es","potentialAction":[{"@type":"ReadAction","target":["https:\/\/utel.mx\/blog\/graduacion-utel\/padrino-de-generacion-ceremonia-de-graduacion-ecuador-2025\/"]}]},{"@type":"ImageObject","inLanguage":"es","@id":"https:\/\/utel.mx\/blog\/graduacion-utel\/padrino-de-generacion-ceremonia-de-graduacion-ecuador-2025\/#primaryimage","url":"https:\/\/utel.mx\/blog\/wp-content\/uploads\/2025\/09\/Creatividad_HeadersBlog_setiembre25_4-1.jpg","contentUrl":"https:\/\/utel.mx\/blog\/wp-content\/uploads\/2025\/09\/Creatividad_HeadersBlog_setiembre25_4-1.jpg","width":600,"height":300,"caption":"padrino-de-generacion-ceremonia-de-graduacion-Ecuador-2025"},{"@type":"BreadcrumbList","@id":"https:\/\/utel.mx\/blog\/graduacion-utel\/padrino-de-generacion-ceremonia-de-graduacion-ecuador-2025\/#breadcrumb","itemListElement":[{"@type":"ListItem","position":1,"name":"Home","item":"https:\/\/utel.mx\/blog\/"},{"@type":"ListItem","position":2,"name":"Discurso de Carlos Larrea, Padrino de Generaci\u00f3n en la Ceremonia de Graduaci\u00f3n Ecuador 2025"}]},{"@type":"WebSite","@id":"https:\/\/utel.mx\/blog\/#website","url":"https:\/\/utel.mx\/blog\/","name":"BLOG | Utel","description":"Blog UTEL Universidad en L\u00ednea","publisher":{"@id":"https:\/\/utel.mx\/blog\/#organization"},"potentialAction":[{"@type":"SearchAction","target":{"@type":"EntryPoint","urlTemplate":"https:\/\/utel.mx\/blog\/?s={search_term_string}"},"query-input":{"@type":"PropertyValueSpecification","valueRequired":true,"valueName":"search_term_string"}}],"inLanguage":"es"},{"@type":"Organization","@id":"https:\/\/utel.mx\/blog\/#organization","name":"BLOG | Utel","url":"https:\/\/utel.mx\/blog\/","logo":{"@type":"ImageObject","inLanguage":"es","@id":"https:\/\/utel.mx\/blog\/#\/schema\/logo\/image\/","url":"https:\/\/utel.mx\/blog\/wp-content\/uploads\/2023\/03\/cropped-logo-blog.png","contentUrl":"https:\/\/utel.mx\/blog\/wp-content\/uploads\/2023\/03\/cropped-logo-blog.png","width":237,"height":64,"caption":"BLOG | Utel"},"image":{"@id":"https:\/\/utel.mx\/blog\/#\/schema\/logo\/image\/"}},{"@type":"Person","@id":"https:\/\/utel.mx\/blog\/#\/schema\/person\/7ba53e7cfb9fa41ad2fb24fe362e056d","name":"Karen","image":{"@type":"ImageObject","inLanguage":"es","@id":"https:\/\/utel.mx\/blog\/#\/schema\/person\/image\/","url":"https:\/\/secure.gravatar.com\/avatar\/64868b23d53f58e71f7258115a59d526?s=96&d=mm&r=g","contentUrl":"https:\/\/secure.gravatar.com\/avatar\/64868b23d53f58e71f7258115a59d526?s=96&d=mm&r=g","caption":"Karen"}}]}},"_links":{"self":[{"href":"https:\/\/utel.mx\/blog\/wp-json\/wp\/v2\/posts\/51489","targetHints":{"allow":["GET"]}}],"collection":[{"href":"https:\/\/utel.mx\/blog\/wp-json\/wp\/v2\/posts"}],"about":[{"href":"https:\/\/utel.mx\/blog\/wp-json\/wp\/v2\/types\/post"}],"author":[{"embeddable":true,"href":"https:\/\/utel.mx\/blog\/wp-json\/wp\/v2\/users\/78"}],"replies":[{"embeddable":true,"href":"https:\/\/utel.mx\/blog\/wp-json\/wp\/v2\/comments?post=51489"}],"version-history":[{"count":1,"href":"https:\/\/utel.mx\/blog\/wp-json\/wp\/v2\/posts\/51489\/revisions"}],"predecessor-version":[{"id":51491,"href":"https:\/\/utel.mx\/blog\/wp-json\/wp\/v2\/posts\/51489\/revisions\/51491"}],"wp:featuredmedia":[{"embeddable":true,"href":"https:\/\/utel.mx\/blog\/wp-json\/wp\/v2\/media\/51490"}],"wp:attachment":[{"href":"https:\/\/utel.mx\/blog\/wp-json\/wp\/v2\/media?parent=51489"}],"wp:term":[{"taxonomy":"category","embeddable":true,"href":"https:\/\/utel.mx\/blog\/wp-json\/wp\/v2\/categories?post=51489"},{"taxonomy":"post_tag","embeddable":true,"href":"https:\/\/utel.mx\/blog\/wp-json\/wp\/v2\/tags?post=51489"}],"curies":[{"name":"wp","href":"https:\/\/api.w.org\/{rel}","templated":true}]}}