{"id":51499,"date":"2025-09-10T22:38:17","date_gmt":"2025-09-10T22:38:17","guid":{"rendered":"https:\/\/utel.mx\/blog\/?p=51499"},"modified":"2025-09-11T02:06:51","modified_gmt":"2025-09-11T02:06:51","slug":"palabras-del-representante-de-generacion-ecuador-2025","status":"publish","type":"post","link":"https:\/\/utel.mx\/blog\/graduacion-utel\/palabras-del-representante-de-generacion-ecuador-2025\/","title":{"rendered":"Palabras del Representante de Generaci\u00f3n en la Ceremonia de Graduaci\u00f3n Ecuador 2025"},"content":{"rendered":"\n<p>En la Ceremonia de Graduaci\u00f3n Ecuador 2025, <strong>\u00c1ngel Ariel Paccha Vicente<\/strong>, egresado de la <strong>Licenciatura en Administraci\u00f3n de Negocios<\/strong>, fue elegido como Representante de Generaci\u00f3n por su destacada trayectoria y excelencia acad\u00e9mica. Con experiencia en \u00e1reas como atenci\u00f3n al cliente, marketing, gesti\u00f3n administrativa y entrenamiento deportivo, ha demostrado liderazgo, disciplina y compromiso en cada etapa de su camino profesional.&nbsp;<br><\/p>\n\n\n\n<h2 class=\"wp-block-heading\"><strong>Palabras del Padrino de Generaci\u00f3n en la Graduaci\u00f3n Ecuador 2025<\/strong><\/h2>\n\n\n\n<p>\u00c1ngel Paccha, como <strong>representante de sus compa\u00f1eros<\/strong> comparti\u00f3 unas palabras de gratitud y reflexi\u00f3n sobre el proceso de aprendizaje que marc\u00f3 el camino hacia la meta. Sus palabras fueron un <strong>homenaje al esfuerzo colectivo<\/strong> y una invitaci\u00f3n a <strong>mantener vivo el esp\u00edritu de superaci\u00f3n<\/strong>.<\/p>\n\n\n\n<p><em>\u00abBuenas noches, distinguidas autoridades acad\u00e9micas presentes, equipo docente y administrativo de la universidad, compa\u00f1eros, familiares, amigos y a todos quienes hoy nos acompa\u00f1an orgullosos en este magno evento. Sean bienvenidos. Reciban un cordial saludo de mi parte. Y quisiera iniciar este momento emotivo para todos con una frase corta que proviene del lat\u00edn: sic sic parvis magna.<\/em><\/p>\n\n\n\n<p><em>La grandeza nace de peque\u00f1os comienzos. Hoy estamos aqu\u00ed todos reunidos, viviendo la grandeza de alcanzar un logro importante en nuestras vidas. Pero recordemos con humildad c\u00f3mo inici\u00f3 nuestra traves\u00eda: muchos con miedo e incertidumbre, otros con el temor de no alcanzar este sue\u00f1o. Pero juntos estamos aqu\u00ed, aprendiendo de momentos y experiencias, desde nuestro hogar, nuestro trabajo, incluso en el transporte, pero siempre con la ilusi\u00f3n de educarnos y lograr lo que en este momento es digno de alegr\u00eda.<\/em><\/p>\n\n\n\n<p><em>Que hoy nuestra memoria sea part\u00edcipe de todas las inmensas an\u00e9cdotas que vengan a nuestra mente: de nuestros gestores acad\u00e9micos d\u00e1ndonos la bienvenida y prest\u00e1ndose a nuestras dudas en cada bimestre; de nuestros docentes, que con un c\u00e1lido saludo nos daban el recibimiento a una nueva materia, comparti\u00e9ndonos no solo sus virtudes profesionales, sino tambi\u00e9n su riqueza cultural, haci\u00e9ndonos contar sobre nuestra cultura nacional e internacional; ense\u00f1\u00e1ndonos por qu\u00e9 ser latinos no es solo un prefijo, sino una herencia e identidad.<\/em><\/p>\n\n\n\n<p><em>Una herencia que hoy por hoy nos ha dejado nuestra prestigiosa instituci\u00f3n, reuni\u00e9ndonos de todas partes del mundo. Quiero que hoy, ma\u00f1ana y siempre recordemos a la Universidad Tecnol\u00f3gica Latinoamericana en L\u00ednea como aquella instituci\u00f3n que nos abri\u00f3 sus puertas y, con ello, permiti\u00f3 que j\u00f3venes y adultos como nosotros acogi\u00e9ramos en nuestras vidas los compromisos y las normas que la legitiman como un espacio de formaci\u00f3n acad\u00e9mica, \u00e9tica y moral.<\/em><\/p>\n\n\n\n<p><em>Fuimos parte de la instituci\u00f3n a lo largo de un curr\u00edculo acad\u00e9mico, de espacios culturales y programas de extensi\u00f3n que nos transformaron. Con el conocimiento, cambi\u00f3 nuestra perspectiva; dejamos que las experiencias de la universidad pasaran a trav\u00e9s de nosotros y, a partir de ah\u00ed, experimentamos cambios en nuestras vidas. Cambi\u00f3 la forma en la que vemos nuestra instituci\u00f3n, cambi\u00f3 el rol que ocupamos en la sociedad y, con ello, crece el compromiso de hombres y mujeres que transforman el entorno a trav\u00e9s del crecer profesional.<\/em><\/p>\n\n\n\n<p><em>Antes de seguir disfrutando de este memorable d\u00eda, quisiera dejar una reflexi\u00f3n que dice lo siguiente: la vida de un estudiante es sencilla en muchos aspectos. Nos arriesgamos muy poco y a\u00fan as\u00ed disfrutamos de una aventura junto a aquellos que ofrecen su trabajo y a s\u00ed mismos a nuestro juicio. Pero muchas veces nos dejamos llevar por la cr\u00edtica negativa, que muchas veces es la autocr\u00edtica.<\/em><\/p>\n\n\n\n<p><em>Es f\u00e1cil decir, escribir o leer, pero la amarga verdad que debemos enfrentar es que, en el gran esquema de las cosas, un peque\u00f1o o diminuto paso que realicemos probablemente sea m\u00e1s significativo de lo que nuestra cr\u00edtica lo define. Pero hay veces que un estudiante o profesional realmente se arriesga, y con eso llega el descubrimiento y la defensa de lo nuevo. El mundo suele ser cruel con los nuevos talentos, con las nuevas creaciones. Lo nuevo necesita amigos, amigos como los que hemos hecho hoy y a lo largo de nuestra carrera.<\/em><\/p>\n\n\n\n<p><em>En este momento debo confesar que experiment\u00e9 algo nuevo: una emoci\u00f3n extraordinaria de una fuente singular e inesperada. Decir que tantos momentos de felicidad como sus creadores me han dejado impactado. En el pasado, alguna vez le\u00ed la frase del escritor ecuatoriano Juan Montalvo que dice: \u201cHagamos revoluciones, pero hag\u00e1moslas dignas de la libertad y de la moral\u201d. Y en este momento me doy cuenta de que ahora solo entiendo lo que quiso decir.<\/em><\/p>\n\n\n\n<p><em>No cualquiera puede convertirse en un revolucionario, pero un gran revolucionario puede provenir de cualquier lugar. Es dif\u00edcil imaginar or\u00edgenes m\u00e1s humildes que los de los profesionales con quienes tengo el gusto de compartir este magno espacio. Que la vida nos d\u00e9 la dicha de volvernos a encontrar, no solo como compa\u00f1eros, sino tambi\u00e9n como amigos, junto a nuestras autoridades. Que la vida nos brinde salud para aprender y emprender todo lo que podamos so\u00f1ar.<\/em><\/p>\n\n\n\n<p><em>Un fuerte aplauso, Generaci\u00f3n 2025.\u00bb<\/em><\/p>\n\n\n\n<p>Su mensaje cerr\u00f3 con un llamado a mantener viva la humildad, la gratitud y el compromiso de ser <strong>profesionales capaces de transformar su entorno<\/strong>. Sus palabras se convirtieron en una inspiraci\u00f3n para toda la comunidad acad\u00e9mica, recordando que cada logro es el punto de partida para nuevos comienzos.<\/p>\n<div id=\"advads-3730289157\" class=\"advads-cta-lp-banner-form advads-entity-placement\"><a href=\"https:\/\/utel.mx\/blog\/admisiones-universidad-online\/?utm_source=blog&#038;utm_medium=CTAlink&#038;utm_campaign=MKTseo\" aria-label=\"Universidad en linea\"><img src=\"https:\/\/utel.mx\/blog\/wp-content\/uploads\/2025\/04\/universidad-en-linea-1.png\" alt=\"Universidad en linea\"  srcset=\"https:\/\/utel.mx\/blog\/wp-content\/uploads\/2025\/04\/universidad-en-linea-1.png 626w, https:\/\/utel.mx\/blog\/wp-content\/uploads\/2025\/04\/universidad-en-linea-1-420x168.png 420w\" sizes=\"(max-width: 626px) 100vw, 626px\" width=\"626\" height=\"250\"   \/><\/a><\/div>","protected":false},"excerpt":{"rendered":"<p> [&hellip;]<\/p>\n","protected":false},"author":78,"featured_media":51501,"comment_status":"closed","ping_status":"closed","sticky":false,"template":"","format":"standard","meta":{"_acf_changed":false,"site-sidebar-layout":"default","site-content-layout":"","ast-site-content-layout":"default","site-content-style":"default","site-sidebar-style":"default","ast-global-header-display":"","ast-banner-title-visibility":"","ast-main-header-display":"","ast-hfb-above-header-display":"","ast-hfb-below-header-display":"","ast-hfb-mobile-header-display":"","site-post-title":"","ast-breadcrumbs-content":"","ast-featured-img":"","footer-sml-layout":"","theme-transparent-header-meta":"","adv-header-id-meta":"","stick-header-meta":"","header-above-stick-meta":"","header-main-stick-meta":"","header-below-stick-meta":"","astra-migrate-meta-layouts":"set","ast-page-background-enabled":"default","ast-page-background-meta":{"desktop":{"background-color":"var(--ast-global-color-4)","background-image":"","background-repeat":"repeat","background-position":"center center","background-size":"auto","background-attachment":"scroll","background-type":"","background-media":"","overlay-type":"","overlay-color":"","overlay-gradient":""},"tablet":{"background-color":"","background-image":"","background-repeat":"repeat","background-position":"center center","background-size":"auto","background-attachment":"scroll","background-type":"","background-media":"","overlay-type":"","overlay-color":"","overlay-gradient":""},"mobile":{"background-color":"","background-image":"","background-repeat":"repeat","background-position":"center center","background-size":"auto","background-attachment":"scroll","background-type":"","background-media":"","overlay-type":"","overlay-color":"","overlay-gradient":""}},"ast-content-background-meta":{"desktop":{"background-color":"var(--ast-global-color-5)","background-image":"","background-repeat":"repeat","background-position":"center center","background-size":"auto","background-attachment":"scroll","background-type":"","background-media":"","overlay-type":"","overlay-color":"","overlay-gradient":""},"tablet":{"background-color":"var(--ast-global-color-5)","background-image":"","background-repeat":"repeat","background-position":"center center","background-size":"auto","background-attachment":"scroll","background-type":"","background-media":"","overlay-type":"","overlay-color":"","overlay-gradient":""},"mobile":{"background-color":"var(--ast-global-color-5)","background-image":"","background-repeat":"repeat","background-position":"center center","background-size":"auto","background-attachment":"scroll","background-type":"","background-media":"","overlay-type":"","overlay-color":"","overlay-gradient":""}},"footnotes":""},"categories":[3674],"tags":[],"class_list":["post-51499","post","type-post","status-publish","format-standard","has-post-thumbnail","hentry","category-graduacion-utel"],"acf":[],"yoast_head":"<!-- This site is optimized with the Yoast SEO plugin v26.8 - https:\/\/yoast.com\/product\/yoast-seo-wordpress\/ -->\n<title>Palabras del Representante de Generaci\u00f3n en la Ceremonia de Graduaci\u00f3n Ecuador 2025 - BLOG | Utel<\/title>\n<meta name=\"description\" content=\"\u00c1ngel Paccha, como Representante de Generaci\u00f3n comparti\u00f3 unas palabras de gratitud y reflexi\u00f3n sobre el proceso de aprendizaje.\" \/>\n<meta name=\"robots\" content=\"index, follow, max-snippet:-1, max-image-preview:large, max-video-preview:-1\" \/>\n<link rel=\"canonical\" href=\"https:\/\/utel.mx\/blog\/graduacion-utel\/palabras-del-representante-de-generacion-ecuador-2025\/\" \/>\n<meta property=\"og:locale\" content=\"es_ES\" \/>\n<meta property=\"og:type\" content=\"article\" \/>\n<meta property=\"og:title\" content=\"Palabras del Representante de Generaci\u00f3n en la Ceremonia de Graduaci\u00f3n Ecuador 2025 - BLOG | Utel\" \/>\n<meta property=\"og:description\" content=\"\u00c1ngel Paccha, como Representante de Generaci\u00f3n comparti\u00f3 unas palabras de gratitud y reflexi\u00f3n sobre el proceso de aprendizaje.\" \/>\n<meta property=\"og:url\" content=\"https:\/\/utel.mx\/blog\/graduacion-utel\/palabras-del-representante-de-generacion-ecuador-2025\/\" \/>\n<meta property=\"og:site_name\" content=\"BLOG | Utel\" \/>\n<meta property=\"article:published_time\" content=\"2025-09-10T22:38:17+00:00\" \/>\n<meta property=\"article:modified_time\" content=\"2025-09-11T02:06:51+00:00\" \/>\n<meta property=\"og:image\" content=\"https:\/\/utel.mx\/blog\/wp-content\/uploads\/2025\/09\/Creatividad_HeadersBlog_setiembre25_860x480_5-1.jpg\" \/>\n\t<meta property=\"og:image:width\" content=\"860\" \/>\n\t<meta property=\"og:image:height\" content=\"480\" \/>\n\t<meta property=\"og:image:type\" content=\"image\/jpeg\" \/>\n<meta name=\"author\" content=\"Karen\" \/>\n<meta name=\"twitter:label1\" content=\"Written by\" \/>\n\t<meta name=\"twitter:data1\" content=\"Karen\" \/>\n\t<meta name=\"twitter:label2\" content=\"Est. reading time\" \/>\n\t<meta name=\"twitter:data2\" content=\"5 minutos\" \/>\n<script type=\"application\/ld+json\" class=\"yoast-schema-graph\">{\"@context\":\"https:\/\/schema.org\",\"@graph\":[{\"@type\":\"Article\",\"@id\":\"https:\/\/utel.mx\/blog\/graduacion-utel\/palabras-del-representante-de-generacion-ecuador-2025\/#article\",\"isPartOf\":{\"@id\":\"https:\/\/utel.mx\/blog\/graduacion-utel\/palabras-del-representante-de-generacion-ecuador-2025\/\"},\"author\":{\"name\":\"Karen\",\"@id\":\"https:\/\/utel.mx\/blog\/#\/schema\/person\/7ba53e7cfb9fa41ad2fb24fe362e056d\"},\"headline\":\"Palabras del Representante de Generaci\u00f3n en la Ceremonia de Graduaci\u00f3n Ecuador 2025\",\"datePublished\":\"2025-09-10T22:38:17+00:00\",\"dateModified\":\"2025-09-11T02:06:51+00:00\",\"mainEntityOfPage\":{\"@id\":\"https:\/\/utel.mx\/blog\/graduacion-utel\/palabras-del-representante-de-generacion-ecuador-2025\/\"},\"wordCount\":932,\"publisher\":{\"@id\":\"https:\/\/utel.mx\/blog\/#organization\"},\"image\":{\"@id\":\"https:\/\/utel.mx\/blog\/graduacion-utel\/palabras-del-representante-de-generacion-ecuador-2025\/#primaryimage\"},\"thumbnailUrl\":\"https:\/\/utel.mx\/blog\/wp-content\/uploads\/2025\/09\/Creatividad_HeadersBlog_setiembre25_860x480_5-1.jpg\",\"articleSection\":[\"Graduaci\u00f3n Utel\"],\"inLanguage\":\"es\"},{\"@type\":\"WebPage\",\"@id\":\"https:\/\/utel.mx\/blog\/graduacion-utel\/palabras-del-representante-de-generacion-ecuador-2025\/\",\"url\":\"https:\/\/utel.mx\/blog\/graduacion-utel\/palabras-del-representante-de-generacion-ecuador-2025\/\",\"name\":\"Palabras del Representante de Generaci\u00f3n en la Ceremonia de Graduaci\u00f3n Ecuador 2025 - BLOG | Utel\",\"isPartOf\":{\"@id\":\"https:\/\/utel.mx\/blog\/#website\"},\"primaryImageOfPage\":{\"@id\":\"https:\/\/utel.mx\/blog\/graduacion-utel\/palabras-del-representante-de-generacion-ecuador-2025\/#primaryimage\"},\"image\":{\"@id\":\"https:\/\/utel.mx\/blog\/graduacion-utel\/palabras-del-representante-de-generacion-ecuador-2025\/#primaryimage\"},\"thumbnailUrl\":\"https:\/\/utel.mx\/blog\/wp-content\/uploads\/2025\/09\/Creatividad_HeadersBlog_setiembre25_860x480_5-1.jpg\",\"datePublished\":\"2025-09-10T22:38:17+00:00\",\"dateModified\":\"2025-09-11T02:06:51+00:00\",\"description\":\"\u00c1ngel Paccha, como Representante de Generaci\u00f3n comparti\u00f3 unas palabras de gratitud y reflexi\u00f3n sobre el proceso de aprendizaje.\",\"breadcrumb\":{\"@id\":\"https:\/\/utel.mx\/blog\/graduacion-utel\/palabras-del-representante-de-generacion-ecuador-2025\/#breadcrumb\"},\"inLanguage\":\"es\",\"potentialAction\":[{\"@type\":\"ReadAction\",\"target\":[\"https:\/\/utel.mx\/blog\/graduacion-utel\/palabras-del-representante-de-generacion-ecuador-2025\/\"]}]},{\"@type\":\"ImageObject\",\"inLanguage\":\"es\",\"@id\":\"https:\/\/utel.mx\/blog\/graduacion-utel\/palabras-del-representante-de-generacion-ecuador-2025\/#primaryimage\",\"url\":\"https:\/\/utel.mx\/blog\/wp-content\/uploads\/2025\/09\/Creatividad_HeadersBlog_setiembre25_860x480_5-1.jpg\",\"contentUrl\":\"https:\/\/utel.mx\/blog\/wp-content\/uploads\/2025\/09\/Creatividad_HeadersBlog_setiembre25_860x480_5-1.jpg\",\"width\":860,\"height\":480,\"caption\":\"palabras-del-Representante-de-Generacion-Ecuador-2025\"},{\"@type\":\"BreadcrumbList\",\"@id\":\"https:\/\/utel.mx\/blog\/graduacion-utel\/palabras-del-representante-de-generacion-ecuador-2025\/#breadcrumb\",\"itemListElement\":[{\"@type\":\"ListItem\",\"position\":1,\"name\":\"Home\",\"item\":\"https:\/\/utel.mx\/blog\/\"},{\"@type\":\"ListItem\",\"position\":2,\"name\":\"Palabras del Representante de Generaci\u00f3n en la Ceremonia de Graduaci\u00f3n Ecuador 2025\"}]},{\"@type\":\"WebSite\",\"@id\":\"https:\/\/utel.mx\/blog\/#website\",\"url\":\"https:\/\/utel.mx\/blog\/\",\"name\":\"BLOG | Utel\",\"description\":\"Blog UTEL Universidad en L\u00ednea\",\"publisher\":{\"@id\":\"https:\/\/utel.mx\/blog\/#organization\"},\"potentialAction\":[{\"@type\":\"SearchAction\",\"target\":{\"@type\":\"EntryPoint\",\"urlTemplate\":\"https:\/\/utel.mx\/blog\/?s={search_term_string}\"},\"query-input\":{\"@type\":\"PropertyValueSpecification\",\"valueRequired\":true,\"valueName\":\"search_term_string\"}}],\"inLanguage\":\"es\"},{\"@type\":\"Organization\",\"@id\":\"https:\/\/utel.mx\/blog\/#organization\",\"name\":\"BLOG | Utel\",\"url\":\"https:\/\/utel.mx\/blog\/\",\"logo\":{\"@type\":\"ImageObject\",\"inLanguage\":\"es\",\"@id\":\"https:\/\/utel.mx\/blog\/#\/schema\/logo\/image\/\",\"url\":\"https:\/\/utel.mx\/blog\/wp-content\/uploads\/2023\/03\/cropped-logo-blog.png\",\"contentUrl\":\"https:\/\/utel.mx\/blog\/wp-content\/uploads\/2023\/03\/cropped-logo-blog.png\",\"width\":237,\"height\":64,\"caption\":\"BLOG | Utel\"},\"image\":{\"@id\":\"https:\/\/utel.mx\/blog\/#\/schema\/logo\/image\/\"}},{\"@type\":\"Person\",\"@id\":\"https:\/\/utel.mx\/blog\/#\/schema\/person\/7ba53e7cfb9fa41ad2fb24fe362e056d\",\"name\":\"Karen\",\"image\":{\"@type\":\"ImageObject\",\"inLanguage\":\"es\",\"@id\":\"https:\/\/utel.mx\/blog\/#\/schema\/person\/image\/\",\"url\":\"https:\/\/secure.gravatar.com\/avatar\/64868b23d53f58e71f7258115a59d526?s=96&d=mm&r=g\",\"contentUrl\":\"https:\/\/secure.gravatar.com\/avatar\/64868b23d53f58e71f7258115a59d526?s=96&d=mm&r=g\",\"caption\":\"Karen\"}}]}<\/script>\n<!-- \/ Yoast SEO plugin. -->","yoast_head_json":{"title":"Palabras del Representante de Generaci\u00f3n en la Ceremonia de Graduaci\u00f3n Ecuador 2025 - BLOG | Utel","description":"\u00c1ngel Paccha, como Representante de Generaci\u00f3n comparti\u00f3 unas palabras de gratitud y reflexi\u00f3n sobre el proceso de aprendizaje.","robots":{"index":"index","follow":"follow","max-snippet":"max-snippet:-1","max-image-preview":"max-image-preview:large","max-video-preview":"max-video-preview:-1"},"canonical":"https:\/\/utel.mx\/blog\/graduacion-utel\/palabras-del-representante-de-generacion-ecuador-2025\/","og_locale":"es_ES","og_type":"article","og_title":"Palabras del Representante de Generaci\u00f3n en la Ceremonia de Graduaci\u00f3n Ecuador 2025 - BLOG | Utel","og_description":"\u00c1ngel Paccha, como Representante de Generaci\u00f3n comparti\u00f3 unas palabras de gratitud y reflexi\u00f3n sobre el proceso de aprendizaje.","og_url":"https:\/\/utel.mx\/blog\/graduacion-utel\/palabras-del-representante-de-generacion-ecuador-2025\/","og_site_name":"BLOG | Utel","article_published_time":"2025-09-10T22:38:17+00:00","article_modified_time":"2025-09-11T02:06:51+00:00","og_image":[{"width":860,"height":480,"url":"https:\/\/utel.mx\/blog\/wp-content\/uploads\/2025\/09\/Creatividad_HeadersBlog_setiembre25_860x480_5-1.jpg","type":"image\/jpeg"}],"author":"Karen","twitter_misc":{"Written by":"Karen","Est. reading time":"5 minutos"},"schema":{"@context":"https:\/\/schema.org","@graph":[{"@type":"Article","@id":"https:\/\/utel.mx\/blog\/graduacion-utel\/palabras-del-representante-de-generacion-ecuador-2025\/#article","isPartOf":{"@id":"https:\/\/utel.mx\/blog\/graduacion-utel\/palabras-del-representante-de-generacion-ecuador-2025\/"},"author":{"name":"Karen","@id":"https:\/\/utel.mx\/blog\/#\/schema\/person\/7ba53e7cfb9fa41ad2fb24fe362e056d"},"headline":"Palabras del Representante de Generaci\u00f3n en la Ceremonia de Graduaci\u00f3n Ecuador 2025","datePublished":"2025-09-10T22:38:17+00:00","dateModified":"2025-09-11T02:06:51+00:00","mainEntityOfPage":{"@id":"https:\/\/utel.mx\/blog\/graduacion-utel\/palabras-del-representante-de-generacion-ecuador-2025\/"},"wordCount":932,"publisher":{"@id":"https:\/\/utel.mx\/blog\/#organization"},"image":{"@id":"https:\/\/utel.mx\/blog\/graduacion-utel\/palabras-del-representante-de-generacion-ecuador-2025\/#primaryimage"},"thumbnailUrl":"https:\/\/utel.mx\/blog\/wp-content\/uploads\/2025\/09\/Creatividad_HeadersBlog_setiembre25_860x480_5-1.jpg","articleSection":["Graduaci\u00f3n Utel"],"inLanguage":"es"},{"@type":"WebPage","@id":"https:\/\/utel.mx\/blog\/graduacion-utel\/palabras-del-representante-de-generacion-ecuador-2025\/","url":"https:\/\/utel.mx\/blog\/graduacion-utel\/palabras-del-representante-de-generacion-ecuador-2025\/","name":"Palabras del Representante de Generaci\u00f3n en la Ceremonia de Graduaci\u00f3n Ecuador 2025 - BLOG | Utel","isPartOf":{"@id":"https:\/\/utel.mx\/blog\/#website"},"primaryImageOfPage":{"@id":"https:\/\/utel.mx\/blog\/graduacion-utel\/palabras-del-representante-de-generacion-ecuador-2025\/#primaryimage"},"image":{"@id":"https:\/\/utel.mx\/blog\/graduacion-utel\/palabras-del-representante-de-generacion-ecuador-2025\/#primaryimage"},"thumbnailUrl":"https:\/\/utel.mx\/blog\/wp-content\/uploads\/2025\/09\/Creatividad_HeadersBlog_setiembre25_860x480_5-1.jpg","datePublished":"2025-09-10T22:38:17+00:00","dateModified":"2025-09-11T02:06:51+00:00","description":"\u00c1ngel Paccha, como Representante de Generaci\u00f3n comparti\u00f3 unas palabras de gratitud y reflexi\u00f3n sobre el proceso de aprendizaje.","breadcrumb":{"@id":"https:\/\/utel.mx\/blog\/graduacion-utel\/palabras-del-representante-de-generacion-ecuador-2025\/#breadcrumb"},"inLanguage":"es","potentialAction":[{"@type":"ReadAction","target":["https:\/\/utel.mx\/blog\/graduacion-utel\/palabras-del-representante-de-generacion-ecuador-2025\/"]}]},{"@type":"ImageObject","inLanguage":"es","@id":"https:\/\/utel.mx\/blog\/graduacion-utel\/palabras-del-representante-de-generacion-ecuador-2025\/#primaryimage","url":"https:\/\/utel.mx\/blog\/wp-content\/uploads\/2025\/09\/Creatividad_HeadersBlog_setiembre25_860x480_5-1.jpg","contentUrl":"https:\/\/utel.mx\/blog\/wp-content\/uploads\/2025\/09\/Creatividad_HeadersBlog_setiembre25_860x480_5-1.jpg","width":860,"height":480,"caption":"palabras-del-Representante-de-Generacion-Ecuador-2025"},{"@type":"BreadcrumbList","@id":"https:\/\/utel.mx\/blog\/graduacion-utel\/palabras-del-representante-de-generacion-ecuador-2025\/#breadcrumb","itemListElement":[{"@type":"ListItem","position":1,"name":"Home","item":"https:\/\/utel.mx\/blog\/"},{"@type":"ListItem","position":2,"name":"Palabras del Representante de Generaci\u00f3n en la Ceremonia de Graduaci\u00f3n Ecuador 2025"}]},{"@type":"WebSite","@id":"https:\/\/utel.mx\/blog\/#website","url":"https:\/\/utel.mx\/blog\/","name":"BLOG | Utel","description":"Blog UTEL Universidad en L\u00ednea","publisher":{"@id":"https:\/\/utel.mx\/blog\/#organization"},"potentialAction":[{"@type":"SearchAction","target":{"@type":"EntryPoint","urlTemplate":"https:\/\/utel.mx\/blog\/?s={search_term_string}"},"query-input":{"@type":"PropertyValueSpecification","valueRequired":true,"valueName":"search_term_string"}}],"inLanguage":"es"},{"@type":"Organization","@id":"https:\/\/utel.mx\/blog\/#organization","name":"BLOG | Utel","url":"https:\/\/utel.mx\/blog\/","logo":{"@type":"ImageObject","inLanguage":"es","@id":"https:\/\/utel.mx\/blog\/#\/schema\/logo\/image\/","url":"https:\/\/utel.mx\/blog\/wp-content\/uploads\/2023\/03\/cropped-logo-blog.png","contentUrl":"https:\/\/utel.mx\/blog\/wp-content\/uploads\/2023\/03\/cropped-logo-blog.png","width":237,"height":64,"caption":"BLOG | Utel"},"image":{"@id":"https:\/\/utel.mx\/blog\/#\/schema\/logo\/image\/"}},{"@type":"Person","@id":"https:\/\/utel.mx\/blog\/#\/schema\/person\/7ba53e7cfb9fa41ad2fb24fe362e056d","name":"Karen","image":{"@type":"ImageObject","inLanguage":"es","@id":"https:\/\/utel.mx\/blog\/#\/schema\/person\/image\/","url":"https:\/\/secure.gravatar.com\/avatar\/64868b23d53f58e71f7258115a59d526?s=96&d=mm&r=g","contentUrl":"https:\/\/secure.gravatar.com\/avatar\/64868b23d53f58e71f7258115a59d526?s=96&d=mm&r=g","caption":"Karen"}}]}},"_links":{"self":[{"href":"https:\/\/utel.mx\/blog\/wp-json\/wp\/v2\/posts\/51499","targetHints":{"allow":["GET"]}}],"collection":[{"href":"https:\/\/utel.mx\/blog\/wp-json\/wp\/v2\/posts"}],"about":[{"href":"https:\/\/utel.mx\/blog\/wp-json\/wp\/v2\/types\/post"}],"author":[{"embeddable":true,"href":"https:\/\/utel.mx\/blog\/wp-json\/wp\/v2\/users\/78"}],"replies":[{"embeddable":true,"href":"https:\/\/utel.mx\/blog\/wp-json\/wp\/v2\/comments?post=51499"}],"version-history":[{"count":2,"href":"https:\/\/utel.mx\/blog\/wp-json\/wp\/v2\/posts\/51499\/revisions"}],"predecessor-version":[{"id":51503,"href":"https:\/\/utel.mx\/blog\/wp-json\/wp\/v2\/posts\/51499\/revisions\/51503"}],"wp:featuredmedia":[{"embeddable":true,"href":"https:\/\/utel.mx\/blog\/wp-json\/wp\/v2\/media\/51501"}],"wp:attachment":[{"href":"https:\/\/utel.mx\/blog\/wp-json\/wp\/v2\/media?parent=51499"}],"wp:term":[{"taxonomy":"category","embeddable":true,"href":"https:\/\/utel.mx\/blog\/wp-json\/wp\/v2\/categories?post=51499"},{"taxonomy":"post_tag","embeddable":true,"href":"https:\/\/utel.mx\/blog\/wp-json\/wp\/v2\/tags?post=51499"}],"curies":[{"name":"wp","href":"https:\/\/api.w.org\/{rel}","templated":true}]}}