{"id":51556,"date":"2025-06-03T12:27:00","date_gmt":"2025-06-03T12:27:00","guid":{"rendered":"https:\/\/utel.mx\/blog\/?p=51556"},"modified":"2025-09-19T12:39:12","modified_gmt":"2025-09-19T12:39:12","slug":"especializacion-en-la-carrera-de-comunicacion","status":"publish","type":"post","link":"https:\/\/utel.mx\/blog\/licenciaturas\/especializacion-en-la-carrera-de-comunicacion\/","title":{"rendered":"\u00bfCu\u00e1les son las \u00e1reas de especializaci\u00f3n en la carrera de Comunicaci\u00f3n?"},"content":{"rendered":"\n<p>La <strong>carrera de comunicaci\u00f3n<\/strong> es una de las opciones m\u00e1s vers\u00e1tiles y enriquecedoras para quienes buscan influir en la sociedad, contar historias, gestionar relaciones y crear estrategias de comunicaci\u00f3n efectivas. Este campo abarca <strong>m\u00faltiples \u00e1reas de especializaci\u00f3n<\/strong>, cada una con su propio enfoque y conjunto de habilidades. Es fundamental comprender cu\u00e1les son las ramas que ofrecen las mejores oportunidades laborales y c\u00f3mo se alinean con tus intereses y objetivos profesionales.<\/p>\n\n\n\n<h2 class=\"wp-block-heading\"><strong>\u00bfQu\u00e9 ramas de la Comunicaci\u00f3n ofrecen mejores oportunidades laborales?<\/strong><\/h2>\n\n\n\n<p>Algunas ramas de la carrera de comunicaci\u00f3n tienen un crecimiento sostenido, lo que aumenta su potencial de empleabilidad. Conoce algunas de las especializaciones m\u00e1s prometedoras:<\/p>\n\n\n\n<ul class=\"wp-block-list\">\n<li><strong>Comunicaci\u00f3n Corporativa y Empresarial<\/strong><strong><br><\/strong>Esta especializaci\u00f3n es ideal para quienes desean gestionar la imagen y las relaciones p\u00fablicas de empresas o instituciones. Los profesionales en esta \u00e1rea se encargan de desarrollar estrategias de comunicaci\u00f3n interna y externa, gestionar la reputaci\u00f3n corporativa y coordinar las relaciones con los medios de comunicaci\u00f3n.<br><\/li>\n\n\n\n<li><strong>Medios Digitales y Marketing<\/strong><strong><br><\/strong>El mundo digital ha revolucionado la forma en que las marcas se comunican con sus audiencias. Esta rama se enfoca en el uso de herramientas digitales, redes sociales y estrategias de marketing de contenido para promover productos, servicios o ideas. La demanda de expertos en este campo est\u00e1 en constante crecimiento debido al auge del marketing digital.<br><\/li>\n\n\n\n<li><strong>Periodismo<\/strong><strong><br><\/strong>El periodismo contin\u00faa siendo una especializaci\u00f3n clave en la <em>carrera de comunicaci\u00f3n<\/em>, especialmente con la expansi\u00f3n de medios digitales. Los periodistas pueden especializarse en \u00e1reas como el periodismo de investigaci\u00f3n, deportivo, cultural o digital. Esta rama ofrece una gran diversidad de oportunidades en medios de comunicaci\u00f3n, plataformas digitales y empresas.<br><\/li>\n\n\n\n<li><strong>Comunicaci\u00f3n Visual y Dise\u00f1o Gr\u00e1fico<\/strong><strong><br><\/strong>Para quienes tienen una mente creativa y habilidades en el dise\u00f1o, esta \u00e1rea se enfoca en la creaci\u00f3n de contenido visual para campa\u00f1as publicitarias, medios digitales, branding corporativo y m\u00e1s. Los dise\u00f1adores gr\u00e1ficos y expertos en comunicaci\u00f3n visual tienen un papel fundamental en la transmisi\u00f3n de mensajes a trav\u00e9s de im\u00e1genes.<br><\/li>\n<\/ul>\n\n\n\n<p><strong>Relaciones P\u00fablicas y Gesti\u00f3n de Eventos<\/strong><strong><br><\/strong>Los profesionales en relaciones p\u00fablicas son esenciales para mantener la imagen p\u00fablica de empresas, pol\u00edticos, celebridades y organizaciones. Se encargan de gestionar eventos, crear campa\u00f1as de sensibilizaci\u00f3n y coordinar la comunicaci\u00f3n de crisis, entre otras tareas.<\/p>\n\n\n\n<p>Cada una de estas presenta diferentes oportunidades laborales y su demanda depende de la evoluci\u00f3n de las industrias y las nuevas necesidades del mercado.<\/p>\n\n\n\n<h3 class=\"wp-block-heading\"><strong>\u00bfC\u00f3mo elegir una especializaci\u00f3n en la carrera de Comunicaci\u00f3n?<\/strong><\/h3>\n\n\n\n<p>Elegir una especializaci\u00f3n dentro de la <em>carrera de comunicaci\u00f3n<\/em> es un paso crucial que puede definir tu trayectoria profesional. A la hora de tomar esta decisi\u00f3n, te recomendamos considerar los siguientes factores:<\/p>\n\n\n\n<ol class=\"wp-block-list\">\n<li><strong>Intereses personales<\/strong>: reflexiona sobre qu\u00e9 te apasiona. Si te gusta escribir, quiz\u00e1s el periodismo sea el camino adecuado. Si prefieres trabajar en equipo y gestionar la comunicaci\u00f3n de una empresa, las relaciones p\u00fablicas o la comunicaci\u00f3n corporativa pueden ser mejores opciones.<br><\/li>\n\n\n\n<li><strong>Demanda del mercado<\/strong>: investiga cu\u00e1les son las especializaciones m\u00e1s demandadas y sus proyecciones de crecimiento. Las \u00e1reas relacionadas con el marketing digital, por ejemplo, est\u00e1n experimentando un auge debido al crecimiento de la tecnolog\u00eda.<br><\/li>\n\n\n\n<li><strong>Oportunidades laborales<\/strong>: algunas ramas de la comunicaci\u00f3n ofrecen m\u00e1s salidas profesionales que otras. Elige una especializaci\u00f3n que te permita acceder a una variedad de empleos en diferentes sectores y empresas.<br><\/li>\n\n\n\n<li><strong>Habilidades necesarias<\/strong>: eval\u00faa qu\u00e9 habilidades necesitas para sobresalir en cada \u00e1rea. El periodismo requiere habilidades de redacci\u00f3n y reportaje, mientras que el dise\u00f1o gr\u00e1fico demanda creatividad y conocimientos t\u00e9cnicos en herramientas digitales.<br><\/li>\n\n\n\n<li><strong>Posibilidad de trabajar en l\u00ednea<\/strong>: si est\u00e1s buscando flexibilidad, las especializaciones en marketing digital, comunicaci\u00f3n digital y dise\u00f1o gr\u00e1fico ofrecen muchas oportunidades para trabajar de manera remota o desde cualquier lugar.<\/li>\n<\/ol>\n\n\n\n<h4 class=\"wp-block-heading\"><strong>\u00bfPor qu\u00e9 estudiar la carrera de Comunicaci\u00f3n online en Utel Universidad?<\/strong><\/h4>\n\n\n\n<p>Estudiar la Licenciatura en Comunicaci\u00f3n online en Utel Universidad te brinda la oportunidad de formarte a tu ritmo, sin necesidad de horarios fijos, y con un plan de estudios que est\u00e1 constantemente actualizado para adaptarse a las necesidades del mercado laboral actual. En Utel, tendr\u00e1s acceso a una formaci\u00f3n de calidad con un enfoque pr\u00e1ctico, lo que te permitir\u00e1 fortalecer tu empleabilidad y adquirir conocimientos directamente aplicables a tu futuro profesional.<\/p>\n\n\n\n<p>Con la modalidad en l\u00ednea, puedes estudiar desde cualquier lugar y equilibrar tu vida personal, profesional y acad\u00e9mica, lo que hace de esta opci\u00f3n una alternativa ideal para aquellos que buscan flexibilidad. Adem\u00e1s, tendr\u00e1s acceso a mentor\u00edas enfocadas en tu empleabilidad, junto con una bolsa de empleo activa, lo que te abrir\u00e1 puertas en el mundo laboral.<\/p>\n\n\n\n<p>Utel tambi\u00e9n promueve la interacci\u00f3n con estudiantes y profesionales de diferentes pa\u00edses, lo que te permitir\u00e1 ampliar tu red personal y profesional. Adem\u00e1s, contar\u00e1s con acompa\u00f1amiento continuo de tutores y asesores que estar\u00e1n contigo en cada etapa de tu formaci\u00f3n<\/p>\n\n\n\n<p>La <a href=\"https:\/\/utel.edu.mx\/licenciatura-en-comunicacion?utm_source=blog&amp;utm_medium=CTAlink&amp;utm_campaign=MKTseo\" target=\"_blank\" rel=\"noreferrer noopener\">carrera de comunicaci\u00f3n<\/a> ofrece un sinf\u00edn de oportunidades laborales, pero la clave est\u00e1 en elegir la especializaci\u00f3n que mejor se adapte a tus intereses, habilidades y metas profesionales. Ya sea que te atraiga la gesti\u00f3n empresarial, el periodismo, las relaciones p\u00fablicas o el marketing digital, esta carrera te permitir\u00e1 impactar significativamente en la sociedad.<\/p>\n\n\n\n<p>Si est\u00e1s listo para dar el siguiente paso en tu formaci\u00f3n profesional, <strong>Utel Universidad<\/strong> te ofrece la flexibilidad y calidad que necesitas para estudiar en l\u00ednea, avanzar a tu ritmo y acceder a una educaci\u00f3n global que te prepare para el mercado laboral sin fronteras.<\/p>\n<div id=\"advads-1570373067\" class=\"advads-cta-lp-banner-form advads-entity-placement\"><a href=\"https:\/\/utel.mx\/blog\/admisiones-universidad-online\/?utm_source=blog&#038;utm_medium=CTAlink&#038;utm_campaign=MKTseo\" aria-label=\"Universidad en linea\"><img src=\"https:\/\/utel.mx\/blog\/wp-content\/uploads\/2025\/04\/universidad-en-linea-1.png\" alt=\"Universidad en linea\"  srcset=\"https:\/\/utel.mx\/blog\/wp-content\/uploads\/2025\/04\/universidad-en-linea-1.png 626w, https:\/\/utel.mx\/blog\/wp-content\/uploads\/2025\/04\/universidad-en-linea-1-420x168.png 420w\" sizes=\"(max-width: 626px) 100vw, 626px\" width=\"626\" height=\"250\"   \/><\/a><\/div>","protected":false},"excerpt":{"rendered":"<p> [&hellip;]<\/p>\n","protected":false},"author":78,"featured_media":51557,"comment_status":"closed","ping_status":"closed","sticky":false,"template":"","format":"standard","meta":{"_acf_changed":false,"site-sidebar-layout":"default","site-content-layout":"","ast-site-content-layout":"default","site-content-style":"default","site-sidebar-style":"default","ast-global-header-display":"","ast-banner-title-visibility":"","ast-main-header-display":"","ast-hfb-above-header-display":"","ast-hfb-below-header-display":"","ast-hfb-mobile-header-display":"","site-post-title":"","ast-breadcrumbs-content":"","ast-featured-img":"","footer-sml-layout":"","theme-transparent-header-meta":"","adv-header-id-meta":"","stick-header-meta":"","header-above-stick-meta":"","header-main-stick-meta":"","header-below-stick-meta":"","astra-migrate-meta-layouts":"set","ast-page-background-enabled":"default","ast-page-background-meta":{"desktop":{"background-color":"var(--ast-global-color-4)","background-image":"","background-repeat":"repeat","background-position":"center center","background-size":"auto","background-attachment":"scroll","background-type":"","background-media":"","overlay-type":"","overlay-color":"","overlay-gradient":""},"tablet":{"background-color":"","background-image":"","background-repeat":"repeat","background-position":"center center","background-size":"auto","background-attachment":"scroll","background-type":"","background-media":"","overlay-type":"","overlay-color":"","overlay-gradient":""},"mobile":{"background-color":"","background-image":"","background-repeat":"repeat","background-position":"center center","background-size":"auto","background-attachment":"scroll","background-type":"","background-media":"","overlay-type":"","overlay-color":"","overlay-gradient":""}},"ast-content-background-meta":{"desktop":{"background-color":"var(--ast-global-color-5)","background-image":"","background-repeat":"repeat","background-position":"center center","background-size":"auto","background-attachment":"scroll","background-type":"","background-media":"","overlay-type":"","overlay-color":"","overlay-gradient":""},"tablet":{"background-color":"var(--ast-global-color-5)","background-image":"","background-repeat":"repeat","background-position":"center center","background-size":"auto","background-attachment":"scroll","background-type":"","background-media":"","overlay-type":"","overlay-color":"","overlay-gradient":""},"mobile":{"background-color":"var(--ast-global-color-5)","background-image":"","background-repeat":"repeat","background-position":"center center","background-size":"auto","background-attachment":"scroll","background-type":"","background-media":"","overlay-type":"","overlay-color":"","overlay-gradient":""}},"footnotes":""},"categories":[4498],"tags":[],"class_list":["post-51556","post","type-post","status-publish","format-standard","has-post-thumbnail","hentry","category-licenciaturas"],"acf":[],"yoast_head":"<!-- This site is optimized with the Yoast SEO plugin v26.8 - https:\/\/yoast.com\/product\/yoast-seo-wordpress\/ -->\n<title>\u00bfCu\u00e1les son las \u00e1reas de especializaci\u00f3n en la carrera de Comunicaci\u00f3n? - BLOG | Utel<\/title>\n<meta name=\"description\" content=\"Conoce cu\u00e1les son las \u00e1reas de especializaci\u00f3n en la carrera de Comunicaci\u00f3n y descubre como estudiarla en l\u00ednea.\" \/>\n<meta name=\"robots\" content=\"index, follow, max-snippet:-1, max-image-preview:large, max-video-preview:-1\" \/>\n<link rel=\"canonical\" href=\"https:\/\/utel.mx\/blog\/licenciaturas\/especializacion-en-la-carrera-de-comunicacion\/\" \/>\n<meta property=\"og:locale\" content=\"es_ES\" \/>\n<meta property=\"og:type\" content=\"article\" \/>\n<meta property=\"og:title\" content=\"\u00bfCu\u00e1les son las \u00e1reas de especializaci\u00f3n en la carrera de Comunicaci\u00f3n? - BLOG | Utel\" \/>\n<meta property=\"og:description\" content=\"Conoce cu\u00e1les son las \u00e1reas de especializaci\u00f3n en la carrera de Comunicaci\u00f3n y descubre como estudiarla en l\u00ednea.\" \/>\n<meta property=\"og:url\" content=\"https:\/\/utel.mx\/blog\/licenciaturas\/especializacion-en-la-carrera-de-comunicacion\/\" \/>\n<meta property=\"og:site_name\" content=\"BLOG | Utel\" \/>\n<meta property=\"article:published_time\" content=\"2025-06-03T12:27:00+00:00\" \/>\n<meta property=\"article:modified_time\" content=\"2025-09-19T12:39:12+00:00\" \/>\n<meta property=\"og:image\" content=\"https:\/\/utel.mx\/blog\/wp-content\/uploads\/2025\/09\/GSS_Creatividad_HeadersBlog_junio25_fila27.jpg\" \/>\n\t<meta property=\"og:image:width\" content=\"600\" \/>\n\t<meta property=\"og:image:height\" content=\"300\" \/>\n\t<meta property=\"og:image:type\" content=\"image\/jpeg\" \/>\n<meta name=\"author\" content=\"Karen\" \/>\n<meta name=\"twitter:label1\" content=\"Written by\" \/>\n\t<meta name=\"twitter:data1\" content=\"Karen\" \/>\n\t<meta name=\"twitter:label2\" content=\"Est. reading time\" \/>\n\t<meta name=\"twitter:data2\" content=\"5 minutos\" \/>\n<script type=\"application\/ld+json\" class=\"yoast-schema-graph\">{\"@context\":\"https:\/\/schema.org\",\"@graph\":[{\"@type\":\"Article\",\"@id\":\"https:\/\/utel.mx\/blog\/licenciaturas\/especializacion-en-la-carrera-de-comunicacion\/#article\",\"isPartOf\":{\"@id\":\"https:\/\/utel.mx\/blog\/licenciaturas\/especializacion-en-la-carrera-de-comunicacion\/\"},\"author\":{\"name\":\"Karen\",\"@id\":\"https:\/\/utel.mx\/blog\/#\/schema\/person\/7ba53e7cfb9fa41ad2fb24fe362e056d\"},\"headline\":\"\u00bfCu\u00e1les son las \u00e1reas de especializaci\u00f3n en la carrera de Comunicaci\u00f3n?\",\"datePublished\":\"2025-06-03T12:27:00+00:00\",\"dateModified\":\"2025-09-19T12:39:12+00:00\",\"mainEntityOfPage\":{\"@id\":\"https:\/\/utel.mx\/blog\/licenciaturas\/especializacion-en-la-carrera-de-comunicacion\/\"},\"wordCount\":990,\"publisher\":{\"@id\":\"https:\/\/utel.mx\/blog\/#organization\"},\"image\":{\"@id\":\"https:\/\/utel.mx\/blog\/licenciaturas\/especializacion-en-la-carrera-de-comunicacion\/#primaryimage\"},\"thumbnailUrl\":\"https:\/\/utel.mx\/blog\/wp-content\/uploads\/2025\/09\/GSS_Creatividad_HeadersBlog_junio25_fila27.jpg\",\"articleSection\":[\"Licenciaturas\"],\"inLanguage\":\"es\"},{\"@type\":\"WebPage\",\"@id\":\"https:\/\/utel.mx\/blog\/licenciaturas\/especializacion-en-la-carrera-de-comunicacion\/\",\"url\":\"https:\/\/utel.mx\/blog\/licenciaturas\/especializacion-en-la-carrera-de-comunicacion\/\",\"name\":\"\u00bfCu\u00e1les son las \u00e1reas de especializaci\u00f3n en la carrera de Comunicaci\u00f3n? - BLOG | Utel\",\"isPartOf\":{\"@id\":\"https:\/\/utel.mx\/blog\/#website\"},\"primaryImageOfPage\":{\"@id\":\"https:\/\/utel.mx\/blog\/licenciaturas\/especializacion-en-la-carrera-de-comunicacion\/#primaryimage\"},\"image\":{\"@id\":\"https:\/\/utel.mx\/blog\/licenciaturas\/especializacion-en-la-carrera-de-comunicacion\/#primaryimage\"},\"thumbnailUrl\":\"https:\/\/utel.mx\/blog\/wp-content\/uploads\/2025\/09\/GSS_Creatividad_HeadersBlog_junio25_fila27.jpg\",\"datePublished\":\"2025-06-03T12:27:00+00:00\",\"dateModified\":\"2025-09-19T12:39:12+00:00\",\"description\":\"Conoce cu\u00e1les son las \u00e1reas de especializaci\u00f3n en la carrera de Comunicaci\u00f3n y descubre como estudiarla en l\u00ednea.\",\"breadcrumb\":{\"@id\":\"https:\/\/utel.mx\/blog\/licenciaturas\/especializacion-en-la-carrera-de-comunicacion\/#breadcrumb\"},\"inLanguage\":\"es\",\"potentialAction\":[{\"@type\":\"ReadAction\",\"target\":[\"https:\/\/utel.mx\/blog\/licenciaturas\/especializacion-en-la-carrera-de-comunicacion\/\"]}]},{\"@type\":\"ImageObject\",\"inLanguage\":\"es\",\"@id\":\"https:\/\/utel.mx\/blog\/licenciaturas\/especializacion-en-la-carrera-de-comunicacion\/#primaryimage\",\"url\":\"https:\/\/utel.mx\/blog\/wp-content\/uploads\/2025\/09\/GSS_Creatividad_HeadersBlog_junio25_fila27.jpg\",\"contentUrl\":\"https:\/\/utel.mx\/blog\/wp-content\/uploads\/2025\/09\/GSS_Creatividad_HeadersBlog_junio25_fila27.jpg\",\"width\":600,\"height\":300,\"caption\":\"especializacion-en-la-carrera-de-comunicacion\"},{\"@type\":\"BreadcrumbList\",\"@id\":\"https:\/\/utel.mx\/blog\/licenciaturas\/especializacion-en-la-carrera-de-comunicacion\/#breadcrumb\",\"itemListElement\":[{\"@type\":\"ListItem\",\"position\":1,\"name\":\"Home\",\"item\":\"https:\/\/utel.mx\/blog\/\"},{\"@type\":\"ListItem\",\"position\":2,\"name\":\"\u00bfCu\u00e1les son las \u00e1reas de especializaci\u00f3n en la carrera de Comunicaci\u00f3n?\"}]},{\"@type\":\"WebSite\",\"@id\":\"https:\/\/utel.mx\/blog\/#website\",\"url\":\"https:\/\/utel.mx\/blog\/\",\"name\":\"BLOG | Utel\",\"description\":\"Blog UTEL Universidad en L\u00ednea\",\"publisher\":{\"@id\":\"https:\/\/utel.mx\/blog\/#organization\"},\"potentialAction\":[{\"@type\":\"SearchAction\",\"target\":{\"@type\":\"EntryPoint\",\"urlTemplate\":\"https:\/\/utel.mx\/blog\/?s={search_term_string}\"},\"query-input\":{\"@type\":\"PropertyValueSpecification\",\"valueRequired\":true,\"valueName\":\"search_term_string\"}}],\"inLanguage\":\"es\"},{\"@type\":\"Organization\",\"@id\":\"https:\/\/utel.mx\/blog\/#organization\",\"name\":\"BLOG | Utel\",\"url\":\"https:\/\/utel.mx\/blog\/\",\"logo\":{\"@type\":\"ImageObject\",\"inLanguage\":\"es\",\"@id\":\"https:\/\/utel.mx\/blog\/#\/schema\/logo\/image\/\",\"url\":\"https:\/\/utel.mx\/blog\/wp-content\/uploads\/2023\/03\/cropped-logo-blog.png\",\"contentUrl\":\"https:\/\/utel.mx\/blog\/wp-content\/uploads\/2023\/03\/cropped-logo-blog.png\",\"width\":237,\"height\":64,\"caption\":\"BLOG | Utel\"},\"image\":{\"@id\":\"https:\/\/utel.mx\/blog\/#\/schema\/logo\/image\/\"}},{\"@type\":\"Person\",\"@id\":\"https:\/\/utel.mx\/blog\/#\/schema\/person\/7ba53e7cfb9fa41ad2fb24fe362e056d\",\"name\":\"Karen\",\"image\":{\"@type\":\"ImageObject\",\"inLanguage\":\"es\",\"@id\":\"https:\/\/utel.mx\/blog\/#\/schema\/person\/image\/\",\"url\":\"https:\/\/secure.gravatar.com\/avatar\/64868b23d53f58e71f7258115a59d526?s=96&d=mm&r=g\",\"contentUrl\":\"https:\/\/secure.gravatar.com\/avatar\/64868b23d53f58e71f7258115a59d526?s=96&d=mm&r=g\",\"caption\":\"Karen\"}}]}<\/script>\n<!-- \/ Yoast SEO plugin. -->","yoast_head_json":{"title":"\u00bfCu\u00e1les son las \u00e1reas de especializaci\u00f3n en la carrera de Comunicaci\u00f3n? - BLOG | Utel","description":"Conoce cu\u00e1les son las \u00e1reas de especializaci\u00f3n en la carrera de Comunicaci\u00f3n y descubre como estudiarla en l\u00ednea.","robots":{"index":"index","follow":"follow","max-snippet":"max-snippet:-1","max-image-preview":"max-image-preview:large","max-video-preview":"max-video-preview:-1"},"canonical":"https:\/\/utel.mx\/blog\/licenciaturas\/especializacion-en-la-carrera-de-comunicacion\/","og_locale":"es_ES","og_type":"article","og_title":"\u00bfCu\u00e1les son las \u00e1reas de especializaci\u00f3n en la carrera de Comunicaci\u00f3n? - BLOG | Utel","og_description":"Conoce cu\u00e1les son las \u00e1reas de especializaci\u00f3n en la carrera de Comunicaci\u00f3n y descubre como estudiarla en l\u00ednea.","og_url":"https:\/\/utel.mx\/blog\/licenciaturas\/especializacion-en-la-carrera-de-comunicacion\/","og_site_name":"BLOG | Utel","article_published_time":"2025-06-03T12:27:00+00:00","article_modified_time":"2025-09-19T12:39:12+00:00","og_image":[{"width":600,"height":300,"url":"https:\/\/utel.mx\/blog\/wp-content\/uploads\/2025\/09\/GSS_Creatividad_HeadersBlog_junio25_fila27.jpg","type":"image\/jpeg"}],"author":"Karen","twitter_misc":{"Written by":"Karen","Est. reading time":"5 minutos"},"schema":{"@context":"https:\/\/schema.org","@graph":[{"@type":"Article","@id":"https:\/\/utel.mx\/blog\/licenciaturas\/especializacion-en-la-carrera-de-comunicacion\/#article","isPartOf":{"@id":"https:\/\/utel.mx\/blog\/licenciaturas\/especializacion-en-la-carrera-de-comunicacion\/"},"author":{"name":"Karen","@id":"https:\/\/utel.mx\/blog\/#\/schema\/person\/7ba53e7cfb9fa41ad2fb24fe362e056d"},"headline":"\u00bfCu\u00e1les son las \u00e1reas de especializaci\u00f3n en la carrera de Comunicaci\u00f3n?","datePublished":"2025-06-03T12:27:00+00:00","dateModified":"2025-09-19T12:39:12+00:00","mainEntityOfPage":{"@id":"https:\/\/utel.mx\/blog\/licenciaturas\/especializacion-en-la-carrera-de-comunicacion\/"},"wordCount":990,"publisher":{"@id":"https:\/\/utel.mx\/blog\/#organization"},"image":{"@id":"https:\/\/utel.mx\/blog\/licenciaturas\/especializacion-en-la-carrera-de-comunicacion\/#primaryimage"},"thumbnailUrl":"https:\/\/utel.mx\/blog\/wp-content\/uploads\/2025\/09\/GSS_Creatividad_HeadersBlog_junio25_fila27.jpg","articleSection":["Licenciaturas"],"inLanguage":"es"},{"@type":"WebPage","@id":"https:\/\/utel.mx\/blog\/licenciaturas\/especializacion-en-la-carrera-de-comunicacion\/","url":"https:\/\/utel.mx\/blog\/licenciaturas\/especializacion-en-la-carrera-de-comunicacion\/","name":"\u00bfCu\u00e1les son las \u00e1reas de especializaci\u00f3n en la carrera de Comunicaci\u00f3n? - BLOG | Utel","isPartOf":{"@id":"https:\/\/utel.mx\/blog\/#website"},"primaryImageOfPage":{"@id":"https:\/\/utel.mx\/blog\/licenciaturas\/especializacion-en-la-carrera-de-comunicacion\/#primaryimage"},"image":{"@id":"https:\/\/utel.mx\/blog\/licenciaturas\/especializacion-en-la-carrera-de-comunicacion\/#primaryimage"},"thumbnailUrl":"https:\/\/utel.mx\/blog\/wp-content\/uploads\/2025\/09\/GSS_Creatividad_HeadersBlog_junio25_fila27.jpg","datePublished":"2025-06-03T12:27:00+00:00","dateModified":"2025-09-19T12:39:12+00:00","description":"Conoce cu\u00e1les son las \u00e1reas de especializaci\u00f3n en la carrera de Comunicaci\u00f3n y descubre como estudiarla en l\u00ednea.","breadcrumb":{"@id":"https:\/\/utel.mx\/blog\/licenciaturas\/especializacion-en-la-carrera-de-comunicacion\/#breadcrumb"},"inLanguage":"es","potentialAction":[{"@type":"ReadAction","target":["https:\/\/utel.mx\/blog\/licenciaturas\/especializacion-en-la-carrera-de-comunicacion\/"]}]},{"@type":"ImageObject","inLanguage":"es","@id":"https:\/\/utel.mx\/blog\/licenciaturas\/especializacion-en-la-carrera-de-comunicacion\/#primaryimage","url":"https:\/\/utel.mx\/blog\/wp-content\/uploads\/2025\/09\/GSS_Creatividad_HeadersBlog_junio25_fila27.jpg","contentUrl":"https:\/\/utel.mx\/blog\/wp-content\/uploads\/2025\/09\/GSS_Creatividad_HeadersBlog_junio25_fila27.jpg","width":600,"height":300,"caption":"especializacion-en-la-carrera-de-comunicacion"},{"@type":"BreadcrumbList","@id":"https:\/\/utel.mx\/blog\/licenciaturas\/especializacion-en-la-carrera-de-comunicacion\/#breadcrumb","itemListElement":[{"@type":"ListItem","position":1,"name":"Home","item":"https:\/\/utel.mx\/blog\/"},{"@type":"ListItem","position":2,"name":"\u00bfCu\u00e1les son las \u00e1reas de especializaci\u00f3n en la carrera de Comunicaci\u00f3n?"}]},{"@type":"WebSite","@id":"https:\/\/utel.mx\/blog\/#website","url":"https:\/\/utel.mx\/blog\/","name":"BLOG | Utel","description":"Blog UTEL Universidad en L\u00ednea","publisher":{"@id":"https:\/\/utel.mx\/blog\/#organization"},"potentialAction":[{"@type":"SearchAction","target":{"@type":"EntryPoint","urlTemplate":"https:\/\/utel.mx\/blog\/?s={search_term_string}"},"query-input":{"@type":"PropertyValueSpecification","valueRequired":true,"valueName":"search_term_string"}}],"inLanguage":"es"},{"@type":"Organization","@id":"https:\/\/utel.mx\/blog\/#organization","name":"BLOG | Utel","url":"https:\/\/utel.mx\/blog\/","logo":{"@type":"ImageObject","inLanguage":"es","@id":"https:\/\/utel.mx\/blog\/#\/schema\/logo\/image\/","url":"https:\/\/utel.mx\/blog\/wp-content\/uploads\/2023\/03\/cropped-logo-blog.png","contentUrl":"https:\/\/utel.mx\/blog\/wp-content\/uploads\/2023\/03\/cropped-logo-blog.png","width":237,"height":64,"caption":"BLOG | Utel"},"image":{"@id":"https:\/\/utel.mx\/blog\/#\/schema\/logo\/image\/"}},{"@type":"Person","@id":"https:\/\/utel.mx\/blog\/#\/schema\/person\/7ba53e7cfb9fa41ad2fb24fe362e056d","name":"Karen","image":{"@type":"ImageObject","inLanguage":"es","@id":"https:\/\/utel.mx\/blog\/#\/schema\/person\/image\/","url":"https:\/\/secure.gravatar.com\/avatar\/64868b23d53f58e71f7258115a59d526?s=96&d=mm&r=g","contentUrl":"https:\/\/secure.gravatar.com\/avatar\/64868b23d53f58e71f7258115a59d526?s=96&d=mm&r=g","caption":"Karen"}}]}},"_links":{"self":[{"href":"https:\/\/utel.mx\/blog\/wp-json\/wp\/v2\/posts\/51556","targetHints":{"allow":["GET"]}}],"collection":[{"href":"https:\/\/utel.mx\/blog\/wp-json\/wp\/v2\/posts"}],"about":[{"href":"https:\/\/utel.mx\/blog\/wp-json\/wp\/v2\/types\/post"}],"author":[{"embeddable":true,"href":"https:\/\/utel.mx\/blog\/wp-json\/wp\/v2\/users\/78"}],"replies":[{"embeddable":true,"href":"https:\/\/utel.mx\/blog\/wp-json\/wp\/v2\/comments?post=51556"}],"version-history":[{"count":3,"href":"https:\/\/utel.mx\/blog\/wp-json\/wp\/v2\/posts\/51556\/revisions"}],"predecessor-version":[{"id":51560,"href":"https:\/\/utel.mx\/blog\/wp-json\/wp\/v2\/posts\/51556\/revisions\/51560"}],"wp:featuredmedia":[{"embeddable":true,"href":"https:\/\/utel.mx\/blog\/wp-json\/wp\/v2\/media\/51557"}],"wp:attachment":[{"href":"https:\/\/utel.mx\/blog\/wp-json\/wp\/v2\/media?parent=51556"}],"wp:term":[{"taxonomy":"category","embeddable":true,"href":"https:\/\/utel.mx\/blog\/wp-json\/wp\/v2\/categories?post=51556"},{"taxonomy":"post_tag","embeddable":true,"href":"https:\/\/utel.mx\/blog\/wp-json\/wp\/v2\/tags?post=51556"}],"curies":[{"name":"wp","href":"https:\/\/api.w.org\/{rel}","templated":true}]}}