{"id":51596,"date":"2025-10-22T21:22:55","date_gmt":"2025-10-22T21:22:55","guid":{"rendered":"https:\/\/utel.mx\/blog\/?p=51596"},"modified":"2025-10-22T21:22:56","modified_gmt":"2025-10-22T21:22:56","slug":"discurso-de-ignacio-villagordoa-en-la-ceremonia-de-graduacion-peru-2025","status":"publish","type":"post","link":"https:\/\/utel.mx\/blog\/graduacion-utel\/discurso-de-ignacio-villagordoa-en-la-ceremonia-de-graduacion-peru-2025\/","title":{"rendered":"Discurso de Ignacio Villagordoa en la Ceremonia de Graduaci\u00f3n Per\u00fa 2025"},"content":{"rendered":"\n<p>En la Ceremonia de Graduaci\u00f3n Per\u00fa 2025, contamos con la presencia de nuestro Vicerrector Institucional, Ignacio Villagordoa, quien dio la bienvenida a nuestra comunidad de egresados peruanos y comparti\u00f3 un mensaje inspirador sobre el verdadero significado de este logro.&nbsp;<\/p>\n\n\n\n<p>La <strong>Ceremonia de Graduaci\u00f3n Per\u00fa 2025<\/strong> fue un encuentro lleno de emoci\u00f3n, uni\u00f3n y orgullo acad\u00e9mico, que reuni\u00f3 a egresados de diversas provincias de Per\u00fa y de otras naciones latinoamericanas, como Rep\u00fablica Dominicana, Chile, Colombia y Bolivia. Cada historia compartida reflej\u00f3 el esfuerzo, la constancia y la pasi\u00f3n por aprender que distinguen a nuestra comunidad.<\/p>\n\n\n\n<p>En este marco, contamos con la presencia de <strong>Ignacio Villagordoa, Vicerrector Institucional<\/strong> de la universidad, quien dio la bienvenida a los nuevos egresados y comparti\u00f3 un mensaje inspirador sobre el verdadero significado de este logro y el impacto que tiene la educaci\u00f3n en la vida de cada persona.<\/p>\n\n\n\n<h2 class=\"wp-block-heading\"><strong>Palabras del Vicerrector Institucional en la Graduaci\u00f3n Per\u00fa 2025<\/strong><\/h2>\n\n\n\n<p><em>\u2018Buenas tardes tengan todos ustedes. Gracias por acompa\u00f1arnos en este d\u00eda tan especial, lleno de emociones. Es un verdadero honor darles la m\u00e1s cordial de las bienvenidas a todos ustedes en la hermosa ciudad de <\/em><strong><em>Lima en Per\u00fa<\/em><\/strong><em> para celebrar la Graduaci\u00f3n 2025.<\/em><\/p>\n\n\n\n<p><em>Este bello pa\u00eds con su cultura es una fusi\u00f3n de tradiciones originadas por la civilizaci\u00f3n inca y otros pueblos nativos. Con la influencia espa\u00f1ola, al igual que M\u00e9xico, en la conquista de ambos pa\u00edses suscitada en el siglo XVI y con las aportaciones de grupos asi\u00e1ticos y europeos, Per\u00fa cuenta con una mezcla ostentada en su gastronom\u00eda, m\u00fasica, arquitectura, con expresiones que van desde sus tradiciones ancestrales andinas hasta las celebraciones modernas.&nbsp;<\/em><\/p>\n\n\n\n<p><em>M\u00e9xico y Per\u00fa se destacan por su relaci\u00f3n hist\u00f3rica de alianza estrat\u00e9gica en Am\u00e9rica Latina. De aqu\u00ed que, por segundo a\u00f1o consecutivo, <\/em><strong><em>nuestra universidad llega a Per\u00fa<\/em><\/strong><em> para vivir un encuentro que simboliza la culminaci\u00f3n de a\u00f1os de esfuerzo, dedicaci\u00f3n y perseverancia, y al mismo tiempo el inicio de una nueva etapa profesional llena de retos.&nbsp;<\/em><\/p>\n\n\n\n<p><strong><em>Hoy celebramos no solo el logro acad\u00e9mico, sino tambi\u00e9n la fuerza de la conexi\u00f3n humana y la alegr\u00eda de compartir en comunidad los frutos de tanto trabajo.<\/em><\/strong><em> Nuestra universidad, como ustedes saben, es una universidad laica que tiene como uno de sus principales valores la inclusi\u00f3n. Pero hoy quiero compartir con ustedes una feliz coincidencia.&nbsp;<\/em><\/p>\n\n\n\n<p><em>El d\u00eda de hoy, 18 de octubre, se est\u00e1 celebrando, para los peruanos cat\u00f3licos, un d\u00eda muy especial, el d\u00eda del Se\u00f1or de los Milagros de las Nazarenas. Linda coincidencia. Y esta celebraci\u00f3n es muy parecida a la nuestra el 12 de diciembre cuando celebramos las apariciones de nuestra Virgen del Tepeyac, la morenita del Tepeyac.&nbsp;<\/em><\/p>\n\n\n\n<p><em>Ahora bien, el que estemos tambi\u00e9n celebrando los cat\u00f3licos con nuestros hermanos peruanos al Se\u00f1or de los Milagros,&nbsp; no es por decir que ustedes est\u00e1n aqu\u00ed por un milagro.&nbsp; Desde luego, como dir\u00eda mi abuelita,&nbsp; a Dios rogando y con el Mazo dando. Entonces, una muy feliz diosidencia.&nbsp;&nbsp;<\/em><\/p>\n\n\n\n<p><em>Nuestra universidad es una instituci\u00f3n mexicana de educaci\u00f3n superior con m\u00e1s de <\/em><strong><em>14 a\u00f1os de experiencia <\/em><\/strong><em>que abri\u00f3 sus puertas virtuales a estudiantes peruanos en el a\u00f1o 2020 y que desde entonces hemos sido testigos de un crecimiento&nbsp; extraordinario que trasciende a lo acad\u00e9mico, construyendo una <\/em><strong><em>comunidad apasionada por aprender<\/em><\/strong><em>, comprometida con la excelencia y con un firme prop\u00f3sito de transformaci\u00f3n.&nbsp;<\/em><\/p>\n\n\n\n<p><em>Esta noche&nbsp; <\/em><strong><em>rendimos homenaje a nuestros egresados<\/em><\/strong><em>, quienes con constancia y determinaci\u00f3n alcanzaron esta gran meta, pero tambi\u00e9n&nbsp; <\/em><strong><em>celebramos a quienes estuvieron a su lado en cada paso<\/em><\/strong><em>, <\/em><strong><em>familias<\/em><\/strong><em>,<\/em><strong><em> sus seres queridos<\/em><\/strong><em>, su apoyo, amor y paciencia han sido piezas fundamentales para que hoy estemos aqu\u00ed reunidos. Un aplauso para sus familiares.<\/em><\/p>\n\n\n\n<p><em>Nos llena de orgullo compartir que hoy reconocemos a <\/em><strong><em>178 egresados<\/em><\/strong><em>, de los cuales <\/em><strong><em>173 son de programas de pregrado<\/em><\/strong><em>, <\/em><strong><em>2 de maestr\u00eda<\/em><\/strong><em> y <\/em><strong><em>2 de doctorado<\/em><\/strong><em>. Un grupo que refleja talento, esfuerzo y compromiso.&nbsp;<\/em><\/p>\n\n\n\n<p><em>Queridos egresados, reciban nuestro m\u00e1s profundo reconocimiento por su disciplina y su incansable b\u00fasqueda de crecimiento. Que esta noche sea el inicio de un nuevo cap\u00edtulo lleno de oportunidades, metas alcanzadas y sue\u00f1os cumplidos.<\/em><\/p>\n\n\n\n<p><em>Que los lazos que hemos creado como comunidad sigan trascendiendo fronteras, record\u00e1ndonos siempre que juntos podemos llegar m\u00e1s lejos. Sean todos ustedes bienvenidos a la Graduaci\u00f3n Per\u00fa 2025.&nbsp;<\/em><\/p>\n\n\n\n<p><strong><em>\u00a1Felicidades y gracias por acompa\u00f1arnos!\u2019<\/em><\/strong><\/p>\n\n\n\n<p>Estas fueron las palabras de nuestro Vicerrector Institucional, quien nos record\u00f3 que cada meta alcanzada refleja la constancia y la pasi\u00f3n por aprender. Adem\u00e1s, alent\u00f3 a nuestros egresados a seguir construyendo su futuro con prop\u00f3sito y transformar el mundo con su talento.&nbsp;<\/p>\n\n\n\n<p><\/p>\n<div id=\"advads-1256459342\" class=\"advads-cta-lp-banner-form advads-entity-placement\"><a href=\"https:\/\/utel.mx\/blog\/admisiones-universidad-online\/?utm_source=blog&#038;utm_medium=CTAlink&#038;utm_campaign=MKTseo\" aria-label=\"Universidad en linea\"><img src=\"https:\/\/utel.mx\/blog\/wp-content\/uploads\/2025\/04\/universidad-en-linea-1.png\" alt=\"Universidad en linea\"  srcset=\"https:\/\/utel.mx\/blog\/wp-content\/uploads\/2025\/04\/universidad-en-linea-1.png 626w, https:\/\/utel.mx\/blog\/wp-content\/uploads\/2025\/04\/universidad-en-linea-1-420x168.png 420w\" sizes=\"(max-width: 626px) 100vw, 626px\" width=\"626\" height=\"250\"   \/><\/a><\/div>","protected":false},"excerpt":{"rendered":"<p> [&hellip;]<\/p>\n","protected":false},"author":77,"featured_media":51598,"comment_status":"closed","ping_status":"closed","sticky":false,"template":"","format":"standard","meta":{"_acf_changed":false,"site-sidebar-layout":"default","site-content-layout":"","ast-site-content-layout":"default","site-content-style":"default","site-sidebar-style":"default","ast-global-header-display":"","ast-banner-title-visibility":"","ast-main-header-display":"","ast-hfb-above-header-display":"","ast-hfb-below-header-display":"","ast-hfb-mobile-header-display":"","site-post-title":"","ast-breadcrumbs-content":"","ast-featured-img":"","footer-sml-layout":"","theme-transparent-header-meta":"","adv-header-id-meta":"","stick-header-meta":"","header-above-stick-meta":"","header-main-stick-meta":"","header-below-stick-meta":"","astra-migrate-meta-layouts":"set","ast-page-background-enabled":"default","ast-page-background-meta":{"desktop":{"background-color":"var(--ast-global-color-4)","background-image":"","background-repeat":"repeat","background-position":"center center","background-size":"auto","background-attachment":"scroll","background-type":"","background-media":"","overlay-type":"","overlay-color":"","overlay-gradient":""},"tablet":{"background-color":"","background-image":"","background-repeat":"repeat","background-position":"center center","background-size":"auto","background-attachment":"scroll","background-type":"","background-media":"","overlay-type":"","overlay-color":"","overlay-gradient":""},"mobile":{"background-color":"","background-image":"","background-repeat":"repeat","background-position":"center center","background-size":"auto","background-attachment":"scroll","background-type":"","background-media":"","overlay-type":"","overlay-color":"","overlay-gradient":""}},"ast-content-background-meta":{"desktop":{"background-color":"var(--ast-global-color-5)","background-image":"","background-repeat":"repeat","background-position":"center center","background-size":"auto","background-attachment":"scroll","background-type":"","background-media":"","overlay-type":"","overlay-color":"","overlay-gradient":""},"tablet":{"background-color":"var(--ast-global-color-5)","background-image":"","background-repeat":"repeat","background-position":"center center","background-size":"auto","background-attachment":"scroll","background-type":"","background-media":"","overlay-type":"","overlay-color":"","overlay-gradient":""},"mobile":{"background-color":"var(--ast-global-color-5)","background-image":"","background-repeat":"repeat","background-position":"center center","background-size":"auto","background-attachment":"scroll","background-type":"","background-media":"","overlay-type":"","overlay-color":"","overlay-gradient":""}},"footnotes":""},"categories":[3674],"tags":[],"class_list":["post-51596","post","type-post","status-publish","format-standard","has-post-thumbnail","hentry","category-graduacion-utel"],"acf":[],"yoast_head":"<!-- This site is optimized with the Yoast SEO plugin v26.8 - https:\/\/yoast.com\/product\/yoast-seo-wordpress\/ -->\n<title>Discurso de Ignacio Villagordoa en la Ceremonia de Graduaci\u00f3n Per\u00fa 2025 - BLOG | Utel<\/title>\n<meta name=\"description\" content=\"En la Ceremonia de Graduaci\u00f3n Per\u00fa, Ignacio Villagordoa celebr\u00f3 el esfuerzo y la pasi\u00f3n que impulsan a cada egresado a transformar su futuro.\" \/>\n<meta name=\"robots\" content=\"index, follow, max-snippet:-1, max-image-preview:large, max-video-preview:-1\" \/>\n<link rel=\"canonical\" href=\"https:\/\/utel.mx\/blog\/graduacion-utel\/discurso-de-ignacio-villagordoa-en-la-ceremonia-de-graduacion-peru-2025\/\" \/>\n<meta property=\"og:locale\" content=\"es_ES\" \/>\n<meta property=\"og:type\" content=\"article\" \/>\n<meta property=\"og:title\" content=\"Discurso de Ignacio Villagordoa en la Ceremonia de Graduaci\u00f3n Per\u00fa 2025 - BLOG | Utel\" \/>\n<meta property=\"og:description\" content=\"En la Ceremonia de Graduaci\u00f3n Per\u00fa, Ignacio Villagordoa celebr\u00f3 el esfuerzo y la pasi\u00f3n que impulsan a cada egresado a transformar su futuro.\" \/>\n<meta property=\"og:url\" content=\"https:\/\/utel.mx\/blog\/graduacion-utel\/discurso-de-ignacio-villagordoa-en-la-ceremonia-de-graduacion-peru-2025\/\" \/>\n<meta property=\"og:site_name\" content=\"BLOG | Utel\" \/>\n<meta property=\"article:published_time\" content=\"2025-10-22T21:22:55+00:00\" \/>\n<meta property=\"article:modified_time\" content=\"2025-10-22T21:22:56+00:00\" \/>\n<meta property=\"og:image\" content=\"https:\/\/utel.mx\/blog\/wp-content\/uploads\/2025\/10\/Creatividad_HeadersBlog_octubre25_7.jpg\" \/>\n\t<meta property=\"og:image:width\" content=\"600\" \/>\n\t<meta property=\"og:image:height\" content=\"300\" \/>\n\t<meta property=\"og:image:type\" content=\"image\/jpeg\" \/>\n<meta name=\"author\" content=\"Rous\" \/>\n<meta name=\"twitter:label1\" content=\"Written by\" \/>\n\t<meta name=\"twitter:data1\" content=\"Rous\" \/>\n\t<meta name=\"twitter:label2\" content=\"Est. reading time\" \/>\n\t<meta name=\"twitter:data2\" content=\"4 minutos\" \/>\n<script type=\"application\/ld+json\" class=\"yoast-schema-graph\">{\"@context\":\"https:\/\/schema.org\",\"@graph\":[{\"@type\":\"Article\",\"@id\":\"https:\/\/utel.mx\/blog\/graduacion-utel\/discurso-de-ignacio-villagordoa-en-la-ceremonia-de-graduacion-peru-2025\/#article\",\"isPartOf\":{\"@id\":\"https:\/\/utel.mx\/blog\/graduacion-utel\/discurso-de-ignacio-villagordoa-en-la-ceremonia-de-graduacion-peru-2025\/\"},\"author\":{\"name\":\"Rous\",\"@id\":\"https:\/\/utel.mx\/blog\/#\/schema\/person\/4e2a0be91565e937db07582c862c4e1d\"},\"headline\":\"Discurso de Ignacio Villagordoa en la Ceremonia de Graduaci\u00f3n Per\u00fa 2025\",\"datePublished\":\"2025-10-22T21:22:55+00:00\",\"dateModified\":\"2025-10-22T21:22:56+00:00\",\"mainEntityOfPage\":{\"@id\":\"https:\/\/utel.mx\/blog\/graduacion-utel\/discurso-de-ignacio-villagordoa-en-la-ceremonia-de-graduacion-peru-2025\/\"},\"wordCount\":822,\"publisher\":{\"@id\":\"https:\/\/utel.mx\/blog\/#organization\"},\"image\":{\"@id\":\"https:\/\/utel.mx\/blog\/graduacion-utel\/discurso-de-ignacio-villagordoa-en-la-ceremonia-de-graduacion-peru-2025\/#primaryimage\"},\"thumbnailUrl\":\"https:\/\/utel.mx\/blog\/wp-content\/uploads\/2025\/10\/Creatividad_HeadersBlog_octubre25_7.jpg\",\"articleSection\":[\"Graduaci\u00f3n Utel\"],\"inLanguage\":\"es\"},{\"@type\":\"WebPage\",\"@id\":\"https:\/\/utel.mx\/blog\/graduacion-utel\/discurso-de-ignacio-villagordoa-en-la-ceremonia-de-graduacion-peru-2025\/\",\"url\":\"https:\/\/utel.mx\/blog\/graduacion-utel\/discurso-de-ignacio-villagordoa-en-la-ceremonia-de-graduacion-peru-2025\/\",\"name\":\"Discurso de Ignacio Villagordoa en la Ceremonia de Graduaci\u00f3n Per\u00fa 2025 - BLOG | Utel\",\"isPartOf\":{\"@id\":\"https:\/\/utel.mx\/blog\/#website\"},\"primaryImageOfPage\":{\"@id\":\"https:\/\/utel.mx\/blog\/graduacion-utel\/discurso-de-ignacio-villagordoa-en-la-ceremonia-de-graduacion-peru-2025\/#primaryimage\"},\"image\":{\"@id\":\"https:\/\/utel.mx\/blog\/graduacion-utel\/discurso-de-ignacio-villagordoa-en-la-ceremonia-de-graduacion-peru-2025\/#primaryimage\"},\"thumbnailUrl\":\"https:\/\/utel.mx\/blog\/wp-content\/uploads\/2025\/10\/Creatividad_HeadersBlog_octubre25_7.jpg\",\"datePublished\":\"2025-10-22T21:22:55+00:00\",\"dateModified\":\"2025-10-22T21:22:56+00:00\",\"description\":\"En la Ceremonia de Graduaci\u00f3n Per\u00fa, Ignacio Villagordoa celebr\u00f3 el esfuerzo y la pasi\u00f3n que impulsan a cada egresado a transformar su futuro.\",\"breadcrumb\":{\"@id\":\"https:\/\/utel.mx\/blog\/graduacion-utel\/discurso-de-ignacio-villagordoa-en-la-ceremonia-de-graduacion-peru-2025\/#breadcrumb\"},\"inLanguage\":\"es\",\"potentialAction\":[{\"@type\":\"ReadAction\",\"target\":[\"https:\/\/utel.mx\/blog\/graduacion-utel\/discurso-de-ignacio-villagordoa-en-la-ceremonia-de-graduacion-peru-2025\/\"]}]},{\"@type\":\"ImageObject\",\"inLanguage\":\"es\",\"@id\":\"https:\/\/utel.mx\/blog\/graduacion-utel\/discurso-de-ignacio-villagordoa-en-la-ceremonia-de-graduacion-peru-2025\/#primaryimage\",\"url\":\"https:\/\/utel.mx\/blog\/wp-content\/uploads\/2025\/10\/Creatividad_HeadersBlog_octubre25_7.jpg\",\"contentUrl\":\"https:\/\/utel.mx\/blog\/wp-content\/uploads\/2025\/10\/Creatividad_HeadersBlog_octubre25_7.jpg\",\"width\":600,\"height\":300},{\"@type\":\"BreadcrumbList\",\"@id\":\"https:\/\/utel.mx\/blog\/graduacion-utel\/discurso-de-ignacio-villagordoa-en-la-ceremonia-de-graduacion-peru-2025\/#breadcrumb\",\"itemListElement\":[{\"@type\":\"ListItem\",\"position\":1,\"name\":\"Home\",\"item\":\"https:\/\/utel.mx\/blog\/\"},{\"@type\":\"ListItem\",\"position\":2,\"name\":\"Discurso de Ignacio Villagordoa en la Ceremonia de Graduaci\u00f3n Per\u00fa 2025\"}]},{\"@type\":\"WebSite\",\"@id\":\"https:\/\/utel.mx\/blog\/#website\",\"url\":\"https:\/\/utel.mx\/blog\/\",\"name\":\"BLOG | Utel\",\"description\":\"Blog UTEL Universidad en L\u00ednea\",\"publisher\":{\"@id\":\"https:\/\/utel.mx\/blog\/#organization\"},\"potentialAction\":[{\"@type\":\"SearchAction\",\"target\":{\"@type\":\"EntryPoint\",\"urlTemplate\":\"https:\/\/utel.mx\/blog\/?s={search_term_string}\"},\"query-input\":{\"@type\":\"PropertyValueSpecification\",\"valueRequired\":true,\"valueName\":\"search_term_string\"}}],\"inLanguage\":\"es\"},{\"@type\":\"Organization\",\"@id\":\"https:\/\/utel.mx\/blog\/#organization\",\"name\":\"BLOG | Utel\",\"url\":\"https:\/\/utel.mx\/blog\/\",\"logo\":{\"@type\":\"ImageObject\",\"inLanguage\":\"es\",\"@id\":\"https:\/\/utel.mx\/blog\/#\/schema\/logo\/image\/\",\"url\":\"https:\/\/utel.mx\/blog\/wp-content\/uploads\/2023\/03\/cropped-logo-blog.png\",\"contentUrl\":\"https:\/\/utel.mx\/blog\/wp-content\/uploads\/2023\/03\/cropped-logo-blog.png\",\"width\":237,\"height\":64,\"caption\":\"BLOG | Utel\"},\"image\":{\"@id\":\"https:\/\/utel.mx\/blog\/#\/schema\/logo\/image\/\"}},{\"@type\":\"Person\",\"@id\":\"https:\/\/utel.mx\/blog\/#\/schema\/person\/4e2a0be91565e937db07582c862c4e1d\",\"name\":\"Rous\",\"image\":{\"@type\":\"ImageObject\",\"inLanguage\":\"es\",\"@id\":\"https:\/\/utel.mx\/blog\/#\/schema\/person\/image\/\",\"url\":\"https:\/\/secure.gravatar.com\/avatar\/b08bffdc37c42e296372e505e7830285?s=96&d=mm&r=g\",\"contentUrl\":\"https:\/\/secure.gravatar.com\/avatar\/b08bffdc37c42e296372e505e7830285?s=96&d=mm&r=g\",\"caption\":\"Rous\"}}]}<\/script>\n<!-- \/ Yoast SEO plugin. -->","yoast_head_json":{"title":"Discurso de Ignacio Villagordoa en la Ceremonia de Graduaci\u00f3n Per\u00fa 2025 - BLOG | Utel","description":"En la Ceremonia de Graduaci\u00f3n Per\u00fa, Ignacio Villagordoa celebr\u00f3 el esfuerzo y la pasi\u00f3n que impulsan a cada egresado a transformar su futuro.","robots":{"index":"index","follow":"follow","max-snippet":"max-snippet:-1","max-image-preview":"max-image-preview:large","max-video-preview":"max-video-preview:-1"},"canonical":"https:\/\/utel.mx\/blog\/graduacion-utel\/discurso-de-ignacio-villagordoa-en-la-ceremonia-de-graduacion-peru-2025\/","og_locale":"es_ES","og_type":"article","og_title":"Discurso de Ignacio Villagordoa en la Ceremonia de Graduaci\u00f3n Per\u00fa 2025 - BLOG | Utel","og_description":"En la Ceremonia de Graduaci\u00f3n Per\u00fa, Ignacio Villagordoa celebr\u00f3 el esfuerzo y la pasi\u00f3n que impulsan a cada egresado a transformar su futuro.","og_url":"https:\/\/utel.mx\/blog\/graduacion-utel\/discurso-de-ignacio-villagordoa-en-la-ceremonia-de-graduacion-peru-2025\/","og_site_name":"BLOG | Utel","article_published_time":"2025-10-22T21:22:55+00:00","article_modified_time":"2025-10-22T21:22:56+00:00","og_image":[{"width":600,"height":300,"url":"https:\/\/utel.mx\/blog\/wp-content\/uploads\/2025\/10\/Creatividad_HeadersBlog_octubre25_7.jpg","type":"image\/jpeg"}],"author":"Rous","twitter_misc":{"Written by":"Rous","Est. reading time":"4 minutos"},"schema":{"@context":"https:\/\/schema.org","@graph":[{"@type":"Article","@id":"https:\/\/utel.mx\/blog\/graduacion-utel\/discurso-de-ignacio-villagordoa-en-la-ceremonia-de-graduacion-peru-2025\/#article","isPartOf":{"@id":"https:\/\/utel.mx\/blog\/graduacion-utel\/discurso-de-ignacio-villagordoa-en-la-ceremonia-de-graduacion-peru-2025\/"},"author":{"name":"Rous","@id":"https:\/\/utel.mx\/blog\/#\/schema\/person\/4e2a0be91565e937db07582c862c4e1d"},"headline":"Discurso de Ignacio Villagordoa en la Ceremonia de Graduaci\u00f3n Per\u00fa 2025","datePublished":"2025-10-22T21:22:55+00:00","dateModified":"2025-10-22T21:22:56+00:00","mainEntityOfPage":{"@id":"https:\/\/utel.mx\/blog\/graduacion-utel\/discurso-de-ignacio-villagordoa-en-la-ceremonia-de-graduacion-peru-2025\/"},"wordCount":822,"publisher":{"@id":"https:\/\/utel.mx\/blog\/#organization"},"image":{"@id":"https:\/\/utel.mx\/blog\/graduacion-utel\/discurso-de-ignacio-villagordoa-en-la-ceremonia-de-graduacion-peru-2025\/#primaryimage"},"thumbnailUrl":"https:\/\/utel.mx\/blog\/wp-content\/uploads\/2025\/10\/Creatividad_HeadersBlog_octubre25_7.jpg","articleSection":["Graduaci\u00f3n Utel"],"inLanguage":"es"},{"@type":"WebPage","@id":"https:\/\/utel.mx\/blog\/graduacion-utel\/discurso-de-ignacio-villagordoa-en-la-ceremonia-de-graduacion-peru-2025\/","url":"https:\/\/utel.mx\/blog\/graduacion-utel\/discurso-de-ignacio-villagordoa-en-la-ceremonia-de-graduacion-peru-2025\/","name":"Discurso de Ignacio Villagordoa en la Ceremonia de Graduaci\u00f3n Per\u00fa 2025 - BLOG | Utel","isPartOf":{"@id":"https:\/\/utel.mx\/blog\/#website"},"primaryImageOfPage":{"@id":"https:\/\/utel.mx\/blog\/graduacion-utel\/discurso-de-ignacio-villagordoa-en-la-ceremonia-de-graduacion-peru-2025\/#primaryimage"},"image":{"@id":"https:\/\/utel.mx\/blog\/graduacion-utel\/discurso-de-ignacio-villagordoa-en-la-ceremonia-de-graduacion-peru-2025\/#primaryimage"},"thumbnailUrl":"https:\/\/utel.mx\/blog\/wp-content\/uploads\/2025\/10\/Creatividad_HeadersBlog_octubre25_7.jpg","datePublished":"2025-10-22T21:22:55+00:00","dateModified":"2025-10-22T21:22:56+00:00","description":"En la Ceremonia de Graduaci\u00f3n Per\u00fa, Ignacio Villagordoa celebr\u00f3 el esfuerzo y la pasi\u00f3n que impulsan a cada egresado a transformar su futuro.","breadcrumb":{"@id":"https:\/\/utel.mx\/blog\/graduacion-utel\/discurso-de-ignacio-villagordoa-en-la-ceremonia-de-graduacion-peru-2025\/#breadcrumb"},"inLanguage":"es","potentialAction":[{"@type":"ReadAction","target":["https:\/\/utel.mx\/blog\/graduacion-utel\/discurso-de-ignacio-villagordoa-en-la-ceremonia-de-graduacion-peru-2025\/"]}]},{"@type":"ImageObject","inLanguage":"es","@id":"https:\/\/utel.mx\/blog\/graduacion-utel\/discurso-de-ignacio-villagordoa-en-la-ceremonia-de-graduacion-peru-2025\/#primaryimage","url":"https:\/\/utel.mx\/blog\/wp-content\/uploads\/2025\/10\/Creatividad_HeadersBlog_octubre25_7.jpg","contentUrl":"https:\/\/utel.mx\/blog\/wp-content\/uploads\/2025\/10\/Creatividad_HeadersBlog_octubre25_7.jpg","width":600,"height":300},{"@type":"BreadcrumbList","@id":"https:\/\/utel.mx\/blog\/graduacion-utel\/discurso-de-ignacio-villagordoa-en-la-ceremonia-de-graduacion-peru-2025\/#breadcrumb","itemListElement":[{"@type":"ListItem","position":1,"name":"Home","item":"https:\/\/utel.mx\/blog\/"},{"@type":"ListItem","position":2,"name":"Discurso de Ignacio Villagordoa en la Ceremonia de Graduaci\u00f3n Per\u00fa 2025"}]},{"@type":"WebSite","@id":"https:\/\/utel.mx\/blog\/#website","url":"https:\/\/utel.mx\/blog\/","name":"BLOG | Utel","description":"Blog UTEL Universidad en L\u00ednea","publisher":{"@id":"https:\/\/utel.mx\/blog\/#organization"},"potentialAction":[{"@type":"SearchAction","target":{"@type":"EntryPoint","urlTemplate":"https:\/\/utel.mx\/blog\/?s={search_term_string}"},"query-input":{"@type":"PropertyValueSpecification","valueRequired":true,"valueName":"search_term_string"}}],"inLanguage":"es"},{"@type":"Organization","@id":"https:\/\/utel.mx\/blog\/#organization","name":"BLOG | Utel","url":"https:\/\/utel.mx\/blog\/","logo":{"@type":"ImageObject","inLanguage":"es","@id":"https:\/\/utel.mx\/blog\/#\/schema\/logo\/image\/","url":"https:\/\/utel.mx\/blog\/wp-content\/uploads\/2023\/03\/cropped-logo-blog.png","contentUrl":"https:\/\/utel.mx\/blog\/wp-content\/uploads\/2023\/03\/cropped-logo-blog.png","width":237,"height":64,"caption":"BLOG | Utel"},"image":{"@id":"https:\/\/utel.mx\/blog\/#\/schema\/logo\/image\/"}},{"@type":"Person","@id":"https:\/\/utel.mx\/blog\/#\/schema\/person\/4e2a0be91565e937db07582c862c4e1d","name":"Rous","image":{"@type":"ImageObject","inLanguage":"es","@id":"https:\/\/utel.mx\/blog\/#\/schema\/person\/image\/","url":"https:\/\/secure.gravatar.com\/avatar\/b08bffdc37c42e296372e505e7830285?s=96&d=mm&r=g","contentUrl":"https:\/\/secure.gravatar.com\/avatar\/b08bffdc37c42e296372e505e7830285?s=96&d=mm&r=g","caption":"Rous"}}]}},"_links":{"self":[{"href":"https:\/\/utel.mx\/blog\/wp-json\/wp\/v2\/posts\/51596","targetHints":{"allow":["GET"]}}],"collection":[{"href":"https:\/\/utel.mx\/blog\/wp-json\/wp\/v2\/posts"}],"about":[{"href":"https:\/\/utel.mx\/blog\/wp-json\/wp\/v2\/types\/post"}],"author":[{"embeddable":true,"href":"https:\/\/utel.mx\/blog\/wp-json\/wp\/v2\/users\/77"}],"replies":[{"embeddable":true,"href":"https:\/\/utel.mx\/blog\/wp-json\/wp\/v2\/comments?post=51596"}],"version-history":[{"count":1,"href":"https:\/\/utel.mx\/blog\/wp-json\/wp\/v2\/posts\/51596\/revisions"}],"predecessor-version":[{"id":51597,"href":"https:\/\/utel.mx\/blog\/wp-json\/wp\/v2\/posts\/51596\/revisions\/51597"}],"wp:featuredmedia":[{"embeddable":true,"href":"https:\/\/utel.mx\/blog\/wp-json\/wp\/v2\/media\/51598"}],"wp:attachment":[{"href":"https:\/\/utel.mx\/blog\/wp-json\/wp\/v2\/media?parent=51596"}],"wp:term":[{"taxonomy":"category","embeddable":true,"href":"https:\/\/utel.mx\/blog\/wp-json\/wp\/v2\/categories?post=51596"},{"taxonomy":"post_tag","embeddable":true,"href":"https:\/\/utel.mx\/blog\/wp-json\/wp\/v2\/tags?post=51596"}],"curies":[{"name":"wp","href":"https:\/\/api.w.org\/{rel}","templated":true}]}}