{"id":51600,"date":"2025-10-21T09:23:00","date_gmt":"2025-10-21T09:23:00","guid":{"rendered":"https:\/\/utel.mx\/blog\/?p=51600"},"modified":"2025-10-23T21:42:43","modified_gmt":"2025-10-23T21:42:43","slug":"discurso-claudia-mejia-ceremonia-de-graduacion-peru-2025","status":"publish","type":"post","link":"https:\/\/utel.mx\/blog\/graduacion-utel\/discurso-claudia-mejia-ceremonia-de-graduacion-peru-2025\/","title":{"rendered":"Discurso de Claudia Mej\u00eda en la Ceremonia de Graduaci\u00f3n Per\u00fa 2025"},"content":{"rendered":"\n<p>Durante la <strong>Ceremonia de Graduaci\u00f3n Per\u00fa 2025<\/strong>, celebrada el 18 de octubre en Lima, Per\u00fa, <strong>Claudia Mej\u00eda<\/strong>, Vicerrectora Acad\u00e9mica, en representaci\u00f3n del Rector <strong>David Stofenmacher<\/strong>, comparti\u00f3 un emotivo mensaje que invit\u00f3 a los egresados a reflexionar sobre el valor del esfuerzo, destacando la valent\u00eda de quienes, a trav\u00e9s del conocimiento, transforman sus vidas y construyen un futuro con sentido.<\/p>\n\n\n\n<h2 class=\"wp-block-heading\"><strong>Palabras de la Vicerrectora Acad\u00e9mica en la Graduaci\u00f3n Per\u00fa 2025<\/strong><\/h2>\n\n\n\n<p><em>Muy buenas tardes. \u00bfC\u00f3mo est\u00e1n el d\u00eda de hoy?. Buenas tardes a todas y todos.<\/em><em><br><\/em><em>Es un honor dirigirme a ustedes en nombre de nuestro rector, el maestro David Stofenmacher Berenstein, quien me ha confiado el privilegio de expresar su m\u00e1s <\/em><strong><em>c\u00e1lida felicitaci\u00f3n a esta generaci\u00f3n<\/em><\/strong><em> que hoy culmina un cap\u00edtulo extraordinario en su vida.<\/em><\/p>\n\n\n\n<p><em>Saludo con especial respeto a las <\/em><strong><em>autoridades acad\u00e9micas presentes<\/em><\/strong><em>, al cuerpo docente que ha acompa\u00f1ado con sabidur\u00eda y vocaci\u00f3n este trayecto, y muy especialmente a los <\/em><strong><em>familiares, amistades y seres queridos que han acompa\u00f1ado<\/em><\/strong><em> este proceso con paciencia, amor y fe inquebrantable. Ustedes tambi\u00e9n son parte de este logro.<\/em><\/p>\n\n\n\n<p><em>Pero sobre todo me dirijo a ustedes, a las y los <\/em><strong><em>graduados de licenciatura, maestr\u00eda y doctorado<\/em><\/strong><em>, protagonistas indiscutibles de esta ceremonia.<\/em><em><br><\/em><em>Hoy no solo se cierra una etapa acad\u00e9mica, hoy celebramos una decisi\u00f3n valiente: la de quienes eligieron <\/em><strong><em>transformar su historia a trav\u00e9s del conocimiento<\/em><\/strong><em>, impulsados por el esfuerzo, guiados por la constancia y motivados por un prop\u00f3sito m\u00e1s grande que s\u00ed mismos.<\/em><\/p>\n\n\n\n<p><em>Cada uno de ustedes ha recorrido un camino \u00fanico, un trayecto lleno de responsabilidades, sacrificios silenciosos, metas personales postergadas y, aun as\u00ed, con la mirada puesta en el futuro. Estudiar mientras se trabaja, criar una familia mientras se entrega cada noche al aula virtual, continuar cuando el cuerpo ped\u00eda descanso o cuando las dudas golpeaban fuerte, requiere mucho m\u00e1s que disciplina, requiere car\u00e1cter.<\/em><em><br><\/em><em><br><\/em><em>Ese esfuerzo, a menudo invisible para el mundo exterior, es el que hoy se materializa en esta ceremonia. Y si hoy est\u00e1n aqu\u00ed no es por suerte, es porque eligieron avanzar, porque supieron decir s\u00ed cuando otros dudaban, porque se levantaron a\u00fan cuando todos dec\u00edan que era mucho m\u00e1s f\u00e1cil parar. Y esa, queridos graduados, esa es la verdadera transformaci\u00f3n: la que no se mide en t\u00edtulos, sino en la fuerza interior que los ha tra\u00eddo hasta aqu\u00ed.<\/em><\/p>\n\n\n\n<p><em>Perm\u00edtanme compartirles una historia sencilla, pero muy poderosa. Un maestro budista quiso ense\u00f1arle a su disc\u00edpulo c\u00f3mo enfrentar la confusi\u00f3n, el miedo al futuro y el agotamiento emocional. Tom\u00f3 un vaso de agua cristalina y le ech\u00f3 un pu\u00f1ado de tierra. El agua, por supuesto, se volvi\u00f3 turbia. &#8211;\u00bfPuedes ver con claridad? \u2014 le pregunt\u00f3.<\/em><em><br><\/em><em> \u2014No \u2014 respondi\u00f3 el joven.<\/em><em><br><\/em><em>Entonces el maestro dej\u00f3 el vaso sobre la mesa. Minutos despu\u00e9s, la tierra comenz\u00f3 a asentarse y el agua volvi\u00f3 a estar clara.<\/em><em><br><\/em><em>As\u00ed ocurre con la mente, y tambi\u00e9n con la vida \u2014le explic\u00f3 el maestro\u2014.<\/em><em><br><\/em><em>No todo se resuelve haciendo m\u00e1s; <\/em><strong><em>a veces, lo m\u00e1s sabio es detenerse, estar presentes y dejar que la claridad emerja.<\/em><\/strong><\/p>\n\n\n\n<p><em>Queridos graduados, ustedes han vivido d\u00edas de movimiento, confusi\u00f3n, incertidumbre. Han tenido que tomar decisiones sin tener siempre las respuestas. Y, sin embargo, con cada paso han aprendido a mirar hacia adentro y <\/em><strong><em>sostenerse en sus valores, a confiar en su proceso<\/em><\/strong><em>. Hoy, esta claridad que parec\u00eda lejana, est\u00e1 aqu\u00ed, y ustedes son prueba viva de que los grandes cambios no siempre se ven desde fuera, pero siempre se sienten desde dentro, profundamente.<\/em><\/p>\n\n\n\n<p><strong><em>Hoy tienen en sus manos m\u00e1s que un t\u00edtulo<\/em><\/strong><em>: tienen herramientas, tienen criterio y tienen algo a\u00fan m\u00e1s poderoso, la responsabilidad de actuar con lo que saben y con lo que son. <\/em><strong><em>Per\u00fa, Am\u00e9rica Latina y el mundo necesita l\u00edderes<\/em><\/strong><em> que no reaccionen por impulso, sino que respondan con conciencia. Que decidan no solo por l\u00f3gica, sino desde la \u00e9tica; que no teman cuestionarse, detenerse, profundizar.<\/em><\/p>\n\n\n\n<p><em>Porque liderar no es imponer respuestas, <\/em><strong><em>liderar es tener la valent\u00eda de hacer nuevas preguntas<\/em><\/strong><em>. Y ustedes, desde hoy, est\u00e1n llamados a hacerlas: no solo por ustedes, sino por sus familias, sus equipos, sus comunidades, sus pa\u00edses. <\/em><strong><em>Hoy no concluye una nueva etapa, hoy comienza una mucho m\u00e1s profunda<\/em><\/strong><em>, una en la que ya no se estudia para aprobar, sino para contribuir, para construir, para transformar.<\/em><\/p>\n\n\n\n<p><em>Caminen con orgullo por lo logrado, con humildad por lo aprendido y con convicci\u00f3n por todo lo que a\u00fan est\u00e1 por venir. Y recuerden siempre: la claridad y la transformaci\u00f3n no vienen del ruido externo, vienen de adentro, de su interior, de ese lugar donde el conocimiento se convierte en sabidur\u00eda.<\/em><\/p>\n\n\n\n<p><strong><em>Felicitaciones, generaci\u00f3n 2025. El mundo los espera, y ahora los ve con claridad.<\/em><\/strong><em><br><\/em><em>Muchas felicidades.<\/em><\/p>\n\n\n\n<p><strong>Celebramos con orgullo a nuestros egresados de Per\u00fa<\/strong>, quienes con dedicaci\u00f3n y perseverancia demostraron que el aprendizaje no tiene l\u00edmites. Este discurso representa el esp\u00edritu de nuestra comunidad, el compromiso con la excelencia, la b\u00fasqueda constante de crecimiento y la convicci\u00f3n de que estudiar transforma vidas. Si a\u00fan est\u00e1s construyendo tu camino profesional, <strong>sigue prepar\u00e1ndote, sigue aprendiendo y sue\u00f1a con vivir este gran momento<\/strong>: la celebraci\u00f3n de tu propia graduaci\u00f3n.<\/p>\n<div id=\"advads-2593867130\" class=\"advads-cta-lp-banner-form advads-entity-placement\"><a href=\"https:\/\/utel.mx\/blog\/admisiones-universidad-online\/?utm_source=blog&#038;utm_medium=CTAlink&#038;utm_campaign=MKTseo\" aria-label=\"Universidad en linea\"><img src=\"https:\/\/utel.mx\/blog\/wp-content\/uploads\/2025\/04\/universidad-en-linea-1.png\" alt=\"Universidad en linea\"  srcset=\"https:\/\/utel.mx\/blog\/wp-content\/uploads\/2025\/04\/universidad-en-linea-1.png 626w, https:\/\/utel.mx\/blog\/wp-content\/uploads\/2025\/04\/universidad-en-linea-1-420x168.png 420w\" sizes=\"(max-width: 626px) 100vw, 626px\" width=\"626\" height=\"250\"   \/><\/a><\/div>","protected":false},"excerpt":{"rendered":"<p> [&hellip;]<\/p>\n","protected":false},"author":78,"featured_media":51601,"comment_status":"closed","ping_status":"closed","sticky":false,"template":"","format":"standard","meta":{"_acf_changed":false,"site-sidebar-layout":"default","site-content-layout":"","ast-site-content-layout":"default","site-content-style":"default","site-sidebar-style":"default","ast-global-header-display":"","ast-banner-title-visibility":"","ast-main-header-display":"","ast-hfb-above-header-display":"","ast-hfb-below-header-display":"","ast-hfb-mobile-header-display":"","site-post-title":"","ast-breadcrumbs-content":"","ast-featured-img":"","footer-sml-layout":"","theme-transparent-header-meta":"","adv-header-id-meta":"","stick-header-meta":"","header-above-stick-meta":"","header-main-stick-meta":"","header-below-stick-meta":"","astra-migrate-meta-layouts":"set","ast-page-background-enabled":"default","ast-page-background-meta":{"desktop":{"background-color":"var(--ast-global-color-4)","background-image":"","background-repeat":"repeat","background-position":"center center","background-size":"auto","background-attachment":"scroll","background-type":"","background-media":"","overlay-type":"","overlay-color":"","overlay-gradient":""},"tablet":{"background-color":"","background-image":"","background-repeat":"repeat","background-position":"center center","background-size":"auto","background-attachment":"scroll","background-type":"","background-media":"","overlay-type":"","overlay-color":"","overlay-gradient":""},"mobile":{"background-color":"","background-image":"","background-repeat":"repeat","background-position":"center center","background-size":"auto","background-attachment":"scroll","background-type":"","background-media":"","overlay-type":"","overlay-color":"","overlay-gradient":""}},"ast-content-background-meta":{"desktop":{"background-color":"var(--ast-global-color-5)","background-image":"","background-repeat":"repeat","background-position":"center center","background-size":"auto","background-attachment":"scroll","background-type":"","background-media":"","overlay-type":"","overlay-color":"","overlay-gradient":""},"tablet":{"background-color":"var(--ast-global-color-5)","background-image":"","background-repeat":"repeat","background-position":"center center","background-size":"auto","background-attachment":"scroll","background-type":"","background-media":"","overlay-type":"","overlay-color":"","overlay-gradient":""},"mobile":{"background-color":"var(--ast-global-color-5)","background-image":"","background-repeat":"repeat","background-position":"center center","background-size":"auto","background-attachment":"scroll","background-type":"","background-media":"","overlay-type":"","overlay-color":"","overlay-gradient":""}},"footnotes":""},"categories":[3674],"tags":[],"class_list":["post-51600","post","type-post","status-publish","format-standard","has-post-thumbnail","hentry","category-graduacion-utel"],"acf":[],"yoast_head":"<!-- This site is optimized with the Yoast SEO plugin v26.8 - https:\/\/yoast.com\/product\/yoast-seo-wordpress\/ -->\n<title>Discurso de Claudia Mej\u00eda en la Ceremonia de Graduaci\u00f3n Per\u00fa 2025 - BLOG | Utel<\/title>\n<meta name=\"description\" content=\"En la Graduaci\u00f3n, Claudia Mej\u00eda destac\u00f3 la fuerza interior y la valent\u00eda de los egresados que transforman sus vidas mediante la educaci\u00f3n.\" \/>\n<meta name=\"robots\" content=\"index, follow, max-snippet:-1, max-image-preview:large, max-video-preview:-1\" \/>\n<link rel=\"canonical\" href=\"https:\/\/utel.mx\/blog\/graduacion-utel\/discurso-claudia-mejia-ceremonia-de-graduacion-peru-2025\/\" \/>\n<meta property=\"og:locale\" content=\"es_ES\" \/>\n<meta property=\"og:type\" content=\"article\" \/>\n<meta property=\"og:title\" content=\"Discurso de Claudia Mej\u00eda en la Ceremonia de Graduaci\u00f3n Per\u00fa 2025 - BLOG | Utel\" \/>\n<meta property=\"og:description\" content=\"En la Graduaci\u00f3n, Claudia Mej\u00eda destac\u00f3 la fuerza interior y la valent\u00eda de los egresados que transforman sus vidas mediante la educaci\u00f3n.\" \/>\n<meta property=\"og:url\" content=\"https:\/\/utel.mx\/blog\/graduacion-utel\/discurso-claudia-mejia-ceremonia-de-graduacion-peru-2025\/\" \/>\n<meta property=\"og:site_name\" content=\"BLOG | Utel\" \/>\n<meta property=\"article:published_time\" content=\"2025-10-21T09:23:00+00:00\" \/>\n<meta property=\"article:modified_time\" content=\"2025-10-23T21:42:43+00:00\" \/>\n<meta property=\"og:image\" content=\"https:\/\/utel.mx\/blog\/wp-content\/uploads\/2025\/10\/Creatividad_HeadersBlog_octubre25_9.jpg\" \/>\n\t<meta property=\"og:image:width\" content=\"600\" \/>\n\t<meta property=\"og:image:height\" content=\"300\" \/>\n\t<meta property=\"og:image:type\" content=\"image\/jpeg\" \/>\n<meta name=\"author\" content=\"Karen\" \/>\n<meta name=\"twitter:label1\" content=\"Written by\" \/>\n\t<meta name=\"twitter:data1\" content=\"Karen\" \/>\n\t<meta name=\"twitter:label2\" content=\"Est. reading time\" \/>\n\t<meta name=\"twitter:data2\" content=\"5 minutos\" \/>\n<script type=\"application\/ld+json\" class=\"yoast-schema-graph\">{\"@context\":\"https:\/\/schema.org\",\"@graph\":[{\"@type\":\"Article\",\"@id\":\"https:\/\/utel.mx\/blog\/graduacion-utel\/discurso-claudia-mejia-ceremonia-de-graduacion-peru-2025\/#article\",\"isPartOf\":{\"@id\":\"https:\/\/utel.mx\/blog\/graduacion-utel\/discurso-claudia-mejia-ceremonia-de-graduacion-peru-2025\/\"},\"author\":{\"name\":\"Karen\",\"@id\":\"https:\/\/utel.mx\/blog\/#\/schema\/person\/7ba53e7cfb9fa41ad2fb24fe362e056d\"},\"headline\":\"Discurso de Claudia Mej\u00eda en la Ceremonia de Graduaci\u00f3n Per\u00fa 2025\",\"datePublished\":\"2025-10-21T09:23:00+00:00\",\"dateModified\":\"2025-10-23T21:42:43+00:00\",\"mainEntityOfPage\":{\"@id\":\"https:\/\/utel.mx\/blog\/graduacion-utel\/discurso-claudia-mejia-ceremonia-de-graduacion-peru-2025\/\"},\"wordCount\":923,\"publisher\":{\"@id\":\"https:\/\/utel.mx\/blog\/#organization\"},\"image\":{\"@id\":\"https:\/\/utel.mx\/blog\/graduacion-utel\/discurso-claudia-mejia-ceremonia-de-graduacion-peru-2025\/#primaryimage\"},\"thumbnailUrl\":\"https:\/\/utel.mx\/blog\/wp-content\/uploads\/2025\/10\/Creatividad_HeadersBlog_octubre25_9.jpg\",\"articleSection\":[\"Graduaci\u00f3n Utel\"],\"inLanguage\":\"es\"},{\"@type\":\"WebPage\",\"@id\":\"https:\/\/utel.mx\/blog\/graduacion-utel\/discurso-claudia-mejia-ceremonia-de-graduacion-peru-2025\/\",\"url\":\"https:\/\/utel.mx\/blog\/graduacion-utel\/discurso-claudia-mejia-ceremonia-de-graduacion-peru-2025\/\",\"name\":\"Discurso de Claudia Mej\u00eda en la Ceremonia de Graduaci\u00f3n Per\u00fa 2025 - BLOG | Utel\",\"isPartOf\":{\"@id\":\"https:\/\/utel.mx\/blog\/#website\"},\"primaryImageOfPage\":{\"@id\":\"https:\/\/utel.mx\/blog\/graduacion-utel\/discurso-claudia-mejia-ceremonia-de-graduacion-peru-2025\/#primaryimage\"},\"image\":{\"@id\":\"https:\/\/utel.mx\/blog\/graduacion-utel\/discurso-claudia-mejia-ceremonia-de-graduacion-peru-2025\/#primaryimage\"},\"thumbnailUrl\":\"https:\/\/utel.mx\/blog\/wp-content\/uploads\/2025\/10\/Creatividad_HeadersBlog_octubre25_9.jpg\",\"datePublished\":\"2025-10-21T09:23:00+00:00\",\"dateModified\":\"2025-10-23T21:42:43+00:00\",\"description\":\"En la Graduaci\u00f3n, Claudia Mej\u00eda destac\u00f3 la fuerza interior y la valent\u00eda de los egresados que transforman sus vidas mediante la educaci\u00f3n.\",\"breadcrumb\":{\"@id\":\"https:\/\/utel.mx\/blog\/graduacion-utel\/discurso-claudia-mejia-ceremonia-de-graduacion-peru-2025\/#breadcrumb\"},\"inLanguage\":\"es\",\"potentialAction\":[{\"@type\":\"ReadAction\",\"target\":[\"https:\/\/utel.mx\/blog\/graduacion-utel\/discurso-claudia-mejia-ceremonia-de-graduacion-peru-2025\/\"]}]},{\"@type\":\"ImageObject\",\"inLanguage\":\"es\",\"@id\":\"https:\/\/utel.mx\/blog\/graduacion-utel\/discurso-claudia-mejia-ceremonia-de-graduacion-peru-2025\/#primaryimage\",\"url\":\"https:\/\/utel.mx\/blog\/wp-content\/uploads\/2025\/10\/Creatividad_HeadersBlog_octubre25_9.jpg\",\"contentUrl\":\"https:\/\/utel.mx\/blog\/wp-content\/uploads\/2025\/10\/Creatividad_HeadersBlog_octubre25_9.jpg\",\"width\":600,\"height\":300,\"caption\":\"discurso-claudia-mejia-ceremonia-de-graduacion-peru-2025\"},{\"@type\":\"BreadcrumbList\",\"@id\":\"https:\/\/utel.mx\/blog\/graduacion-utel\/discurso-claudia-mejia-ceremonia-de-graduacion-peru-2025\/#breadcrumb\",\"itemListElement\":[{\"@type\":\"ListItem\",\"position\":1,\"name\":\"Home\",\"item\":\"https:\/\/utel.mx\/blog\/\"},{\"@type\":\"ListItem\",\"position\":2,\"name\":\"Discurso de Claudia Mej\u00eda en la Ceremonia de Graduaci\u00f3n Per\u00fa 2025\"}]},{\"@type\":\"WebSite\",\"@id\":\"https:\/\/utel.mx\/blog\/#website\",\"url\":\"https:\/\/utel.mx\/blog\/\",\"name\":\"BLOG | Utel\",\"description\":\"Blog UTEL Universidad en L\u00ednea\",\"publisher\":{\"@id\":\"https:\/\/utel.mx\/blog\/#organization\"},\"potentialAction\":[{\"@type\":\"SearchAction\",\"target\":{\"@type\":\"EntryPoint\",\"urlTemplate\":\"https:\/\/utel.mx\/blog\/?s={search_term_string}\"},\"query-input\":{\"@type\":\"PropertyValueSpecification\",\"valueRequired\":true,\"valueName\":\"search_term_string\"}}],\"inLanguage\":\"es\"},{\"@type\":\"Organization\",\"@id\":\"https:\/\/utel.mx\/blog\/#organization\",\"name\":\"BLOG | Utel\",\"url\":\"https:\/\/utel.mx\/blog\/\",\"logo\":{\"@type\":\"ImageObject\",\"inLanguage\":\"es\",\"@id\":\"https:\/\/utel.mx\/blog\/#\/schema\/logo\/image\/\",\"url\":\"https:\/\/utel.mx\/blog\/wp-content\/uploads\/2023\/03\/cropped-logo-blog.png\",\"contentUrl\":\"https:\/\/utel.mx\/blog\/wp-content\/uploads\/2023\/03\/cropped-logo-blog.png\",\"width\":237,\"height\":64,\"caption\":\"BLOG | Utel\"},\"image\":{\"@id\":\"https:\/\/utel.mx\/blog\/#\/schema\/logo\/image\/\"}},{\"@type\":\"Person\",\"@id\":\"https:\/\/utel.mx\/blog\/#\/schema\/person\/7ba53e7cfb9fa41ad2fb24fe362e056d\",\"name\":\"Karen\",\"image\":{\"@type\":\"ImageObject\",\"inLanguage\":\"es\",\"@id\":\"https:\/\/utel.mx\/blog\/#\/schema\/person\/image\/\",\"url\":\"https:\/\/secure.gravatar.com\/avatar\/64868b23d53f58e71f7258115a59d526?s=96&d=mm&r=g\",\"contentUrl\":\"https:\/\/secure.gravatar.com\/avatar\/64868b23d53f58e71f7258115a59d526?s=96&d=mm&r=g\",\"caption\":\"Karen\"}}]}<\/script>\n<!-- \/ Yoast SEO plugin. -->","yoast_head_json":{"title":"Discurso de Claudia Mej\u00eda en la Ceremonia de Graduaci\u00f3n Per\u00fa 2025 - BLOG | Utel","description":"En la Graduaci\u00f3n, Claudia Mej\u00eda destac\u00f3 la fuerza interior y la valent\u00eda de los egresados que transforman sus vidas mediante la educaci\u00f3n.","robots":{"index":"index","follow":"follow","max-snippet":"max-snippet:-1","max-image-preview":"max-image-preview:large","max-video-preview":"max-video-preview:-1"},"canonical":"https:\/\/utel.mx\/blog\/graduacion-utel\/discurso-claudia-mejia-ceremonia-de-graduacion-peru-2025\/","og_locale":"es_ES","og_type":"article","og_title":"Discurso de Claudia Mej\u00eda en la Ceremonia de Graduaci\u00f3n Per\u00fa 2025 - BLOG | Utel","og_description":"En la Graduaci\u00f3n, Claudia Mej\u00eda destac\u00f3 la fuerza interior y la valent\u00eda de los egresados que transforman sus vidas mediante la educaci\u00f3n.","og_url":"https:\/\/utel.mx\/blog\/graduacion-utel\/discurso-claudia-mejia-ceremonia-de-graduacion-peru-2025\/","og_site_name":"BLOG | Utel","article_published_time":"2025-10-21T09:23:00+00:00","article_modified_time":"2025-10-23T21:42:43+00:00","og_image":[{"width":600,"height":300,"url":"https:\/\/utel.mx\/blog\/wp-content\/uploads\/2025\/10\/Creatividad_HeadersBlog_octubre25_9.jpg","type":"image\/jpeg"}],"author":"Karen","twitter_misc":{"Written by":"Karen","Est. reading time":"5 minutos"},"schema":{"@context":"https:\/\/schema.org","@graph":[{"@type":"Article","@id":"https:\/\/utel.mx\/blog\/graduacion-utel\/discurso-claudia-mejia-ceremonia-de-graduacion-peru-2025\/#article","isPartOf":{"@id":"https:\/\/utel.mx\/blog\/graduacion-utel\/discurso-claudia-mejia-ceremonia-de-graduacion-peru-2025\/"},"author":{"name":"Karen","@id":"https:\/\/utel.mx\/blog\/#\/schema\/person\/7ba53e7cfb9fa41ad2fb24fe362e056d"},"headline":"Discurso de Claudia Mej\u00eda en la Ceremonia de Graduaci\u00f3n Per\u00fa 2025","datePublished":"2025-10-21T09:23:00+00:00","dateModified":"2025-10-23T21:42:43+00:00","mainEntityOfPage":{"@id":"https:\/\/utel.mx\/blog\/graduacion-utel\/discurso-claudia-mejia-ceremonia-de-graduacion-peru-2025\/"},"wordCount":923,"publisher":{"@id":"https:\/\/utel.mx\/blog\/#organization"},"image":{"@id":"https:\/\/utel.mx\/blog\/graduacion-utel\/discurso-claudia-mejia-ceremonia-de-graduacion-peru-2025\/#primaryimage"},"thumbnailUrl":"https:\/\/utel.mx\/blog\/wp-content\/uploads\/2025\/10\/Creatividad_HeadersBlog_octubre25_9.jpg","articleSection":["Graduaci\u00f3n Utel"],"inLanguage":"es"},{"@type":"WebPage","@id":"https:\/\/utel.mx\/blog\/graduacion-utel\/discurso-claudia-mejia-ceremonia-de-graduacion-peru-2025\/","url":"https:\/\/utel.mx\/blog\/graduacion-utel\/discurso-claudia-mejia-ceremonia-de-graduacion-peru-2025\/","name":"Discurso de Claudia Mej\u00eda en la Ceremonia de Graduaci\u00f3n Per\u00fa 2025 - BLOG | Utel","isPartOf":{"@id":"https:\/\/utel.mx\/blog\/#website"},"primaryImageOfPage":{"@id":"https:\/\/utel.mx\/blog\/graduacion-utel\/discurso-claudia-mejia-ceremonia-de-graduacion-peru-2025\/#primaryimage"},"image":{"@id":"https:\/\/utel.mx\/blog\/graduacion-utel\/discurso-claudia-mejia-ceremonia-de-graduacion-peru-2025\/#primaryimage"},"thumbnailUrl":"https:\/\/utel.mx\/blog\/wp-content\/uploads\/2025\/10\/Creatividad_HeadersBlog_octubre25_9.jpg","datePublished":"2025-10-21T09:23:00+00:00","dateModified":"2025-10-23T21:42:43+00:00","description":"En la Graduaci\u00f3n, Claudia Mej\u00eda destac\u00f3 la fuerza interior y la valent\u00eda de los egresados que transforman sus vidas mediante la educaci\u00f3n.","breadcrumb":{"@id":"https:\/\/utel.mx\/blog\/graduacion-utel\/discurso-claudia-mejia-ceremonia-de-graduacion-peru-2025\/#breadcrumb"},"inLanguage":"es","potentialAction":[{"@type":"ReadAction","target":["https:\/\/utel.mx\/blog\/graduacion-utel\/discurso-claudia-mejia-ceremonia-de-graduacion-peru-2025\/"]}]},{"@type":"ImageObject","inLanguage":"es","@id":"https:\/\/utel.mx\/blog\/graduacion-utel\/discurso-claudia-mejia-ceremonia-de-graduacion-peru-2025\/#primaryimage","url":"https:\/\/utel.mx\/blog\/wp-content\/uploads\/2025\/10\/Creatividad_HeadersBlog_octubre25_9.jpg","contentUrl":"https:\/\/utel.mx\/blog\/wp-content\/uploads\/2025\/10\/Creatividad_HeadersBlog_octubre25_9.jpg","width":600,"height":300,"caption":"discurso-claudia-mejia-ceremonia-de-graduacion-peru-2025"},{"@type":"BreadcrumbList","@id":"https:\/\/utel.mx\/blog\/graduacion-utel\/discurso-claudia-mejia-ceremonia-de-graduacion-peru-2025\/#breadcrumb","itemListElement":[{"@type":"ListItem","position":1,"name":"Home","item":"https:\/\/utel.mx\/blog\/"},{"@type":"ListItem","position":2,"name":"Discurso de Claudia Mej\u00eda en la Ceremonia de Graduaci\u00f3n Per\u00fa 2025"}]},{"@type":"WebSite","@id":"https:\/\/utel.mx\/blog\/#website","url":"https:\/\/utel.mx\/blog\/","name":"BLOG | Utel","description":"Blog UTEL Universidad en L\u00ednea","publisher":{"@id":"https:\/\/utel.mx\/blog\/#organization"},"potentialAction":[{"@type":"SearchAction","target":{"@type":"EntryPoint","urlTemplate":"https:\/\/utel.mx\/blog\/?s={search_term_string}"},"query-input":{"@type":"PropertyValueSpecification","valueRequired":true,"valueName":"search_term_string"}}],"inLanguage":"es"},{"@type":"Organization","@id":"https:\/\/utel.mx\/blog\/#organization","name":"BLOG | Utel","url":"https:\/\/utel.mx\/blog\/","logo":{"@type":"ImageObject","inLanguage":"es","@id":"https:\/\/utel.mx\/blog\/#\/schema\/logo\/image\/","url":"https:\/\/utel.mx\/blog\/wp-content\/uploads\/2023\/03\/cropped-logo-blog.png","contentUrl":"https:\/\/utel.mx\/blog\/wp-content\/uploads\/2023\/03\/cropped-logo-blog.png","width":237,"height":64,"caption":"BLOG | Utel"},"image":{"@id":"https:\/\/utel.mx\/blog\/#\/schema\/logo\/image\/"}},{"@type":"Person","@id":"https:\/\/utel.mx\/blog\/#\/schema\/person\/7ba53e7cfb9fa41ad2fb24fe362e056d","name":"Karen","image":{"@type":"ImageObject","inLanguage":"es","@id":"https:\/\/utel.mx\/blog\/#\/schema\/person\/image\/","url":"https:\/\/secure.gravatar.com\/avatar\/64868b23d53f58e71f7258115a59d526?s=96&d=mm&r=g","contentUrl":"https:\/\/secure.gravatar.com\/avatar\/64868b23d53f58e71f7258115a59d526?s=96&d=mm&r=g","caption":"Karen"}}]}},"_links":{"self":[{"href":"https:\/\/utel.mx\/blog\/wp-json\/wp\/v2\/posts\/51600","targetHints":{"allow":["GET"]}}],"collection":[{"href":"https:\/\/utel.mx\/blog\/wp-json\/wp\/v2\/posts"}],"about":[{"href":"https:\/\/utel.mx\/blog\/wp-json\/wp\/v2\/types\/post"}],"author":[{"embeddable":true,"href":"https:\/\/utel.mx\/blog\/wp-json\/wp\/v2\/users\/78"}],"replies":[{"embeddable":true,"href":"https:\/\/utel.mx\/blog\/wp-json\/wp\/v2\/comments?post=51600"}],"version-history":[{"count":1,"href":"https:\/\/utel.mx\/blog\/wp-json\/wp\/v2\/posts\/51600\/revisions"}],"predecessor-version":[{"id":51602,"href":"https:\/\/utel.mx\/blog\/wp-json\/wp\/v2\/posts\/51600\/revisions\/51602"}],"wp:featuredmedia":[{"embeddable":true,"href":"https:\/\/utel.mx\/blog\/wp-json\/wp\/v2\/media\/51601"}],"wp:attachment":[{"href":"https:\/\/utel.mx\/blog\/wp-json\/wp\/v2\/media?parent=51600"}],"wp:term":[{"taxonomy":"category","embeddable":true,"href":"https:\/\/utel.mx\/blog\/wp-json\/wp\/v2\/categories?post=51600"},{"taxonomy":"post_tag","embeddable":true,"href":"https:\/\/utel.mx\/blog\/wp-json\/wp\/v2\/tags?post=51600"}],"curies":[{"name":"wp","href":"https:\/\/api.w.org\/{rel}","templated":true}]}}