{"id":52008,"date":"2026-04-13T00:01:21","date_gmt":"2026-04-13T00:01:21","guid":{"rendered":"https:\/\/utel.mx\/blog\/?p=52008"},"modified":"2026-04-24T00:08:11","modified_gmt":"2026-04-24T00:08:11","slug":"manejo-del-estres-con-tecnicas","status":"publish","type":"post","link":"https:\/\/utel.mx\/blog\/cursos-y-diplomados\/manejo-del-estres-con-tecnicas\/","title":{"rendered":"Manejo del estr\u00e9s con t\u00e9cnicas efectivas para el bienestar laboral"},"content":{"rendered":"\n<p>El manejo del estr\u00e9s se ha convertido en una habilidad esencial en el entorno laboral actual. Ante la presi\u00f3n por resultados, aprender a gestionar el estr\u00e9s ya no es opcional: <strong>es clave para mantener la productividad, la salud mental y el equilibrio personal.<\/strong> Aprende a identificarlo, qu\u00e9 t\u00e9cnicas funcionan y c\u00f3mo puedes prepararte para ello.<\/p>\n\n\n\n<h2 class=\"wp-block-heading\"><strong>\u00bfQu\u00e9 es el estr\u00e9s laboral y c\u00f3mo afecta la productividad?<\/strong><\/h2>\n\n\n\n<p>El estr\u00e9s laboral es una <strong>respuesta f\u00edsica y emocional<\/strong> ante demandas del trabajo que sobrepasan la capacidad de una persona para gestionarlas. Cuando no se controla, <strong>impacta directamente en la concentraci\u00f3n<\/strong>, la toma de decisiones y el rendimiento. El <strong>mal manejo del estr\u00e9s <\/strong>puede generar fatiga, desmotivaci\u00f3n y errores constantes, afectando tanto el desempe\u00f1o individual como los resultados del equipo.<\/p>\n\n\n\n<h3 class=\"wp-block-heading\"><strong>\u00bfC\u00f3mo identificar el burnout en el trabajo?<\/strong><\/h3>\n\n\n\n<p>El burnout es una <strong>forma cr\u00f3nica de estr\u00e9s laboral<\/strong> que se manifiesta a trav\u00e9s de agotamiento extremo, desapego emocional y baja realizaci\u00f3n profesional. Se manifiesta a trav\u00e9s del cansancio constante, irritabilidad, falta de motivaci\u00f3n y dificultad para desconectarse del trabajo. <strong>Detectarlo a tiempo es fundamental <\/strong>para aplicar estrategias de manejo del estr\u00e9s y prevenir consecuencias m\u00e1s graves en la salud y el desempe\u00f1o.<\/p>\n\n\n\n<h4 class=\"wp-block-heading\"><strong>\u00bfQu\u00e9 h\u00e1bitos y t\u00e9cnicas ayudan al manejo del estr\u00e9s laboral?<\/strong><\/h4>\n\n\n\n<p>El manejo del estr\u00e9s puede fortalecerse con h\u00e1bitos cotidianos como establecer l\u00edmites claros, organizar tareas, priorizar descansos y mantener una rutina saludable.&nbsp;<\/p>\n\n\n\n<p>Adem\u00e1s, existen t\u00e9cnicas efectivas como:<\/p>\n\n\n\n<ul class=\"wp-block-list\">\n<li>Mindfulness<\/li>\n\n\n\n<li>Coaching&nbsp;<\/li>\n\n\n\n<li>Terapia cognitiva&nbsp;&nbsp;<\/li>\n<\/ul>\n\n\n\n<h4 class=\"wp-block-heading\">Que ayudan a <strong>gestionar pensamientos, emociones y reacciones<\/strong> ante situaciones de presi\u00f3n.<\/h4>\n\n\n\n<p>El mindfulness ha ganado relevancia por su enfoque pr\u00e1ctico que permite desarrollar atenci\u00f3n plena, mejorar la concentraci\u00f3n y reducir la ansiedad en el entorno laboral. Estas herramientas influyen en el bienestar personal, potencian habilidades clave como la resiliencia y la toma de decisiones.<\/p>\n\n\n\n<h5 class=\"wp-block-heading\"><strong>\u00bfQu\u00e9 se aprende en un diplomado de manejo del estr\u00e9s y qui\u00e9n deber\u00eda estudiarlo?<\/strong><\/h5>\n\n\n\n<p>Aprendes a identificar detonantes, aplicar t\u00e9cnicas de regulaci\u00f3n emocional y desarrollar h\u00e1bitos sostenibles de bienestar. Desarrolla herramientas de mindfulness y autogesti\u00f3n. Este diplomado se dirige a profesionales que buscan mejorar su calidad de vida, l\u00edderes de equipo, colaboradores en entornos de alta presi\u00f3n y cualquier persona interesada en fortalecer su bienestar integral.<\/p>\n\n\n\n<h6 class=\"wp-block-heading\"><strong>\u00bfD\u00f3nde estudiar manejo del estr\u00e9s en l\u00ednea?<\/strong><\/h6>\n\n\n\n<p>Utel Universidad ofrece una opci\u00f3n flexible y organizada del <a href=\"https:\/\/utel.edu.mx\/diplomado-en-mindfulness-para-los-individuos-y-las-familias?utm_source=blog&amp;utm_medium=CTAlink&amp;utm_campaign=MKTseo\" type=\"link\" id=\"https:\/\/utel.edu.mx\/diplomado-en-mindfulness-para-los-individuos-y-las-familias?utm_source=blog&amp;utm_medium=CTAlink&amp;utm_campaign=MKTseo\">Diplomado en Mindfulness<\/a> para las personas enfocadas en desarrollar habilidades pr\u00e1cticas para el manejo del estr\u00e9s, la atenci\u00f3n plena y el bienestar emocional.<\/p>\n\n\n\n<p>Empieza a transformar tu bienestar y aprende a gestionar el estr\u00e9s con herramientas que impactan tu vida profesional y personal.<\/p>\n\n\n\n<p><\/p>\n<div id=\"advads-1827487740\" class=\"advads-cta-lp-banner-form advads-entity-placement\"><a href=\"https:\/\/utel.mx\/blog\/admisiones-universidad-online\/?utm_source=blog&#038;utm_medium=CTAlink&#038;utm_campaign=MKTseo\" aria-label=\"Universidad en linea\"><img src=\"https:\/\/utel.mx\/blog\/wp-content\/uploads\/2025\/04\/universidad-en-linea-1.png\" alt=\"Universidad en linea\"  srcset=\"https:\/\/utel.mx\/blog\/wp-content\/uploads\/2025\/04\/universidad-en-linea-1.png 626w, https:\/\/utel.mx\/blog\/wp-content\/uploads\/2025\/04\/universidad-en-linea-1-420x168.png 420w\" sizes=\"(max-width: 626px) 100vw, 626px\" width=\"626\" height=\"250\"   \/><\/a><\/div>","protected":false},"excerpt":{"rendered":"<p> [&hellip;]<\/p>\n","protected":false},"author":78,"featured_media":52009,"comment_status":"closed","ping_status":"closed","sticky":false,"template":"","format":"standard","meta":{"_acf_changed":false,"site-sidebar-layout":"default","site-content-layout":"","ast-site-content-layout":"default","site-content-style":"default","site-sidebar-style":"default","ast-global-header-display":"","ast-banner-title-visibility":"","ast-main-header-display":"","ast-hfb-above-header-display":"","ast-hfb-below-header-display":"","ast-hfb-mobile-header-display":"","site-post-title":"","ast-breadcrumbs-content":"","ast-featured-img":"","footer-sml-layout":"","theme-transparent-header-meta":"","adv-header-id-meta":"","stick-header-meta":"","header-above-stick-meta":"","header-main-stick-meta":"","header-below-stick-meta":"","astra-migrate-meta-layouts":"set","ast-page-background-enabled":"default","ast-page-background-meta":{"desktop":{"background-color":"var(--ast-global-color-4)","background-image":"","background-repeat":"repeat","background-position":"center center","background-size":"auto","background-attachment":"scroll","background-type":"","background-media":"","overlay-type":"","overlay-color":"","overlay-gradient":""},"tablet":{"background-color":"","background-image":"","background-repeat":"repeat","background-position":"center center","background-size":"auto","background-attachment":"scroll","background-type":"","background-media":"","overlay-type":"","overlay-color":"","overlay-gradient":""},"mobile":{"background-color":"","background-image":"","background-repeat":"repeat","background-position":"center center","background-size":"auto","background-attachment":"scroll","background-type":"","background-media":"","overlay-type":"","overlay-color":"","overlay-gradient":""}},"ast-content-background-meta":{"desktop":{"background-color":"var(--ast-global-color-5)","background-image":"","background-repeat":"repeat","background-position":"center center","background-size":"auto","background-attachment":"scroll","background-type":"","background-media":"","overlay-type":"","overlay-color":"","overlay-gradient":""},"tablet":{"background-color":"var(--ast-global-color-5)","background-image":"","background-repeat":"repeat","background-position":"center center","background-size":"auto","background-attachment":"scroll","background-type":"","background-media":"","overlay-type":"","overlay-color":"","overlay-gradient":""},"mobile":{"background-color":"var(--ast-global-color-5)","background-image":"","background-repeat":"repeat","background-position":"center center","background-size":"auto","background-attachment":"scroll","background-type":"","background-media":"","overlay-type":"","overlay-color":"","overlay-gradient":""}},"footnotes":""},"categories":[1208],"tags":[],"class_list":["post-52008","post","type-post","status-publish","format-standard","has-post-thumbnail","hentry","category-cursos-y-diplomados"],"acf":[],"yoast_head":"<!-- This site is optimized with the Yoast SEO plugin v26.8 - https:\/\/yoast.com\/product\/yoast-seo-wordpress\/ -->\n<title>Manejo del estr\u00e9s con t\u00e9cnicas efectivas para el bienestar laboral - BLOG | Utel<\/title>\n<meta name=\"description\" content=\"El estr\u00e9s laboral ya no es solo una consecuencia del trabajo: es un factor que define tu rendimiento y bienestar. Descubre c\u00f3mo gestionarlo\" \/>\n<meta name=\"robots\" content=\"index, follow, max-snippet:-1, max-image-preview:large, max-video-preview:-1\" \/>\n<link rel=\"canonical\" href=\"https:\/\/utel.mx\/blog\/cursos-y-diplomados\/manejo-del-estres-con-tecnicas\/\" \/>\n<meta property=\"og:locale\" content=\"es_ES\" \/>\n<meta property=\"og:type\" content=\"article\" \/>\n<meta property=\"og:title\" content=\"Manejo del estr\u00e9s con t\u00e9cnicas efectivas para el bienestar laboral - BLOG | Utel\" \/>\n<meta property=\"og:description\" content=\"El estr\u00e9s laboral ya no es solo una consecuencia del trabajo: es un factor que define tu rendimiento y bienestar. Descubre c\u00f3mo gestionarlo\" \/>\n<meta property=\"og:url\" content=\"https:\/\/utel.mx\/blog\/cursos-y-diplomados\/manejo-del-estres-con-tecnicas\/\" \/>\n<meta property=\"og:site_name\" content=\"BLOG | Utel\" \/>\n<meta property=\"article:published_time\" content=\"2026-04-13T00:01:21+00:00\" \/>\n<meta property=\"article:modified_time\" content=\"2026-04-24T00:08:11+00:00\" \/>\n<meta property=\"og:image\" content=\"https:\/\/utel.mx\/blog\/wp-content\/uploads\/2026\/04\/Fila-4.jpg\" \/>\n\t<meta property=\"og:image:width\" content=\"600\" \/>\n\t<meta property=\"og:image:height\" content=\"300\" \/>\n\t<meta property=\"og:image:type\" content=\"image\/jpeg\" \/>\n<meta name=\"author\" content=\"Karen\" \/>\n<meta name=\"twitter:label1\" content=\"Written by\" \/>\n\t<meta name=\"twitter:data1\" content=\"Karen\" \/>\n\t<meta name=\"twitter:label2\" content=\"Est. reading time\" \/>\n\t<meta name=\"twitter:data2\" content=\"2 minutos\" \/>\n<script type=\"application\/ld+json\" class=\"yoast-schema-graph\">{\"@context\":\"https:\/\/schema.org\",\"@graph\":[{\"@type\":\"Article\",\"@id\":\"https:\/\/utel.mx\/blog\/cursos-y-diplomados\/manejo-del-estres-con-tecnicas\/#article\",\"isPartOf\":{\"@id\":\"https:\/\/utel.mx\/blog\/cursos-y-diplomados\/manejo-del-estres-con-tecnicas\/\"},\"author\":{\"name\":\"Karen\",\"@id\":\"https:\/\/utel.mx\/blog\/#\/schema\/person\/7ba53e7cfb9fa41ad2fb24fe362e056d\"},\"headline\":\"Manejo del estr\u00e9s con t\u00e9cnicas efectivas para el bienestar laboral\",\"datePublished\":\"2026-04-13T00:01:21+00:00\",\"dateModified\":\"2026-04-24T00:08:11+00:00\",\"mainEntityOfPage\":{\"@id\":\"https:\/\/utel.mx\/blog\/cursos-y-diplomados\/manejo-del-estres-con-tecnicas\/\"},\"wordCount\":484,\"publisher\":{\"@id\":\"https:\/\/utel.mx\/blog\/#organization\"},\"image\":{\"@id\":\"https:\/\/utel.mx\/blog\/cursos-y-diplomados\/manejo-del-estres-con-tecnicas\/#primaryimage\"},\"thumbnailUrl\":\"https:\/\/utel.mx\/blog\/wp-content\/uploads\/2026\/04\/Fila-4.jpg\",\"articleSection\":[\"Cursos y diplomados\"],\"inLanguage\":\"es\"},{\"@type\":\"WebPage\",\"@id\":\"https:\/\/utel.mx\/blog\/cursos-y-diplomados\/manejo-del-estres-con-tecnicas\/\",\"url\":\"https:\/\/utel.mx\/blog\/cursos-y-diplomados\/manejo-del-estres-con-tecnicas\/\",\"name\":\"Manejo del estr\u00e9s con t\u00e9cnicas efectivas para el bienestar laboral - BLOG | Utel\",\"isPartOf\":{\"@id\":\"https:\/\/utel.mx\/blog\/#website\"},\"primaryImageOfPage\":{\"@id\":\"https:\/\/utel.mx\/blog\/cursos-y-diplomados\/manejo-del-estres-con-tecnicas\/#primaryimage\"},\"image\":{\"@id\":\"https:\/\/utel.mx\/blog\/cursos-y-diplomados\/manejo-del-estres-con-tecnicas\/#primaryimage\"},\"thumbnailUrl\":\"https:\/\/utel.mx\/blog\/wp-content\/uploads\/2026\/04\/Fila-4.jpg\",\"datePublished\":\"2026-04-13T00:01:21+00:00\",\"dateModified\":\"2026-04-24T00:08:11+00:00\",\"description\":\"El estr\u00e9s laboral ya no es solo una consecuencia del trabajo: es un factor que define tu rendimiento y bienestar. Descubre c\u00f3mo gestionarlo\",\"breadcrumb\":{\"@id\":\"https:\/\/utel.mx\/blog\/cursos-y-diplomados\/manejo-del-estres-con-tecnicas\/#breadcrumb\"},\"inLanguage\":\"es\",\"potentialAction\":[{\"@type\":\"ReadAction\",\"target\":[\"https:\/\/utel.mx\/blog\/cursos-y-diplomados\/manejo-del-estres-con-tecnicas\/\"]}]},{\"@type\":\"ImageObject\",\"inLanguage\":\"es\",\"@id\":\"https:\/\/utel.mx\/blog\/cursos-y-diplomados\/manejo-del-estres-con-tecnicas\/#primaryimage\",\"url\":\"https:\/\/utel.mx\/blog\/wp-content\/uploads\/2026\/04\/Fila-4.jpg\",\"contentUrl\":\"https:\/\/utel.mx\/blog\/wp-content\/uploads\/2026\/04\/Fila-4.jpg\",\"width\":600,\"height\":300,\"caption\":\"manejo-del-estres-con-tecnicas\"},{\"@type\":\"BreadcrumbList\",\"@id\":\"https:\/\/utel.mx\/blog\/cursos-y-diplomados\/manejo-del-estres-con-tecnicas\/#breadcrumb\",\"itemListElement\":[{\"@type\":\"ListItem\",\"position\":1,\"name\":\"Home\",\"item\":\"https:\/\/utel.mx\/blog\/\"},{\"@type\":\"ListItem\",\"position\":2,\"name\":\"Manejo del estr\u00e9s con t\u00e9cnicas efectivas para el bienestar laboral\"}]},{\"@type\":\"WebSite\",\"@id\":\"https:\/\/utel.mx\/blog\/#website\",\"url\":\"https:\/\/utel.mx\/blog\/\",\"name\":\"BLOG | Utel\",\"description\":\"Blog UTEL Universidad en L\u00ednea\",\"publisher\":{\"@id\":\"https:\/\/utel.mx\/blog\/#organization\"},\"potentialAction\":[{\"@type\":\"SearchAction\",\"target\":{\"@type\":\"EntryPoint\",\"urlTemplate\":\"https:\/\/utel.mx\/blog\/?s={search_term_string}\"},\"query-input\":{\"@type\":\"PropertyValueSpecification\",\"valueRequired\":true,\"valueName\":\"search_term_string\"}}],\"inLanguage\":\"es\"},{\"@type\":\"Organization\",\"@id\":\"https:\/\/utel.mx\/blog\/#organization\",\"name\":\"BLOG | Utel\",\"url\":\"https:\/\/utel.mx\/blog\/\",\"logo\":{\"@type\":\"ImageObject\",\"inLanguage\":\"es\",\"@id\":\"https:\/\/utel.mx\/blog\/#\/schema\/logo\/image\/\",\"url\":\"https:\/\/utel.mx\/blog\/wp-content\/uploads\/2023\/03\/cropped-logo-blog.png\",\"contentUrl\":\"https:\/\/utel.mx\/blog\/wp-content\/uploads\/2023\/03\/cropped-logo-blog.png\",\"width\":237,\"height\":64,\"caption\":\"BLOG | Utel\"},\"image\":{\"@id\":\"https:\/\/utel.mx\/blog\/#\/schema\/logo\/image\/\"}},{\"@type\":\"Person\",\"@id\":\"https:\/\/utel.mx\/blog\/#\/schema\/person\/7ba53e7cfb9fa41ad2fb24fe362e056d\",\"name\":\"Karen\",\"image\":{\"@type\":\"ImageObject\",\"inLanguage\":\"es\",\"@id\":\"https:\/\/utel.mx\/blog\/#\/schema\/person\/image\/\",\"url\":\"https:\/\/secure.gravatar.com\/avatar\/64868b23d53f58e71f7258115a59d526?s=96&d=mm&r=g\",\"contentUrl\":\"https:\/\/secure.gravatar.com\/avatar\/64868b23d53f58e71f7258115a59d526?s=96&d=mm&r=g\",\"caption\":\"Karen\"}}]}<\/script>\n<!-- \/ Yoast SEO plugin. -->","yoast_head_json":{"title":"Manejo del estr\u00e9s con t\u00e9cnicas efectivas para el bienestar laboral - BLOG | Utel","description":"El estr\u00e9s laboral ya no es solo una consecuencia del trabajo: es un factor que define tu rendimiento y bienestar. Descubre c\u00f3mo gestionarlo","robots":{"index":"index","follow":"follow","max-snippet":"max-snippet:-1","max-image-preview":"max-image-preview:large","max-video-preview":"max-video-preview:-1"},"canonical":"https:\/\/utel.mx\/blog\/cursos-y-diplomados\/manejo-del-estres-con-tecnicas\/","og_locale":"es_ES","og_type":"article","og_title":"Manejo del estr\u00e9s con t\u00e9cnicas efectivas para el bienestar laboral - BLOG | Utel","og_description":"El estr\u00e9s laboral ya no es solo una consecuencia del trabajo: es un factor que define tu rendimiento y bienestar. Descubre c\u00f3mo gestionarlo","og_url":"https:\/\/utel.mx\/blog\/cursos-y-diplomados\/manejo-del-estres-con-tecnicas\/","og_site_name":"BLOG | Utel","article_published_time":"2026-04-13T00:01:21+00:00","article_modified_time":"2026-04-24T00:08:11+00:00","og_image":[{"width":600,"height":300,"url":"https:\/\/utel.mx\/blog\/wp-content\/uploads\/2026\/04\/Fila-4.jpg","type":"image\/jpeg"}],"author":"Karen","twitter_misc":{"Written by":"Karen","Est. reading time":"2 minutos"},"schema":{"@context":"https:\/\/schema.org","@graph":[{"@type":"Article","@id":"https:\/\/utel.mx\/blog\/cursos-y-diplomados\/manejo-del-estres-con-tecnicas\/#article","isPartOf":{"@id":"https:\/\/utel.mx\/blog\/cursos-y-diplomados\/manejo-del-estres-con-tecnicas\/"},"author":{"name":"Karen","@id":"https:\/\/utel.mx\/blog\/#\/schema\/person\/7ba53e7cfb9fa41ad2fb24fe362e056d"},"headline":"Manejo del estr\u00e9s con t\u00e9cnicas efectivas para el bienestar laboral","datePublished":"2026-04-13T00:01:21+00:00","dateModified":"2026-04-24T00:08:11+00:00","mainEntityOfPage":{"@id":"https:\/\/utel.mx\/blog\/cursos-y-diplomados\/manejo-del-estres-con-tecnicas\/"},"wordCount":484,"publisher":{"@id":"https:\/\/utel.mx\/blog\/#organization"},"image":{"@id":"https:\/\/utel.mx\/blog\/cursos-y-diplomados\/manejo-del-estres-con-tecnicas\/#primaryimage"},"thumbnailUrl":"https:\/\/utel.mx\/blog\/wp-content\/uploads\/2026\/04\/Fila-4.jpg","articleSection":["Cursos y diplomados"],"inLanguage":"es"},{"@type":"WebPage","@id":"https:\/\/utel.mx\/blog\/cursos-y-diplomados\/manejo-del-estres-con-tecnicas\/","url":"https:\/\/utel.mx\/blog\/cursos-y-diplomados\/manejo-del-estres-con-tecnicas\/","name":"Manejo del estr\u00e9s con t\u00e9cnicas efectivas para el bienestar laboral - BLOG | Utel","isPartOf":{"@id":"https:\/\/utel.mx\/blog\/#website"},"primaryImageOfPage":{"@id":"https:\/\/utel.mx\/blog\/cursos-y-diplomados\/manejo-del-estres-con-tecnicas\/#primaryimage"},"image":{"@id":"https:\/\/utel.mx\/blog\/cursos-y-diplomados\/manejo-del-estres-con-tecnicas\/#primaryimage"},"thumbnailUrl":"https:\/\/utel.mx\/blog\/wp-content\/uploads\/2026\/04\/Fila-4.jpg","datePublished":"2026-04-13T00:01:21+00:00","dateModified":"2026-04-24T00:08:11+00:00","description":"El estr\u00e9s laboral ya no es solo una consecuencia del trabajo: es un factor que define tu rendimiento y bienestar. Descubre c\u00f3mo gestionarlo","breadcrumb":{"@id":"https:\/\/utel.mx\/blog\/cursos-y-diplomados\/manejo-del-estres-con-tecnicas\/#breadcrumb"},"inLanguage":"es","potentialAction":[{"@type":"ReadAction","target":["https:\/\/utel.mx\/blog\/cursos-y-diplomados\/manejo-del-estres-con-tecnicas\/"]}]},{"@type":"ImageObject","inLanguage":"es","@id":"https:\/\/utel.mx\/blog\/cursos-y-diplomados\/manejo-del-estres-con-tecnicas\/#primaryimage","url":"https:\/\/utel.mx\/blog\/wp-content\/uploads\/2026\/04\/Fila-4.jpg","contentUrl":"https:\/\/utel.mx\/blog\/wp-content\/uploads\/2026\/04\/Fila-4.jpg","width":600,"height":300,"caption":"manejo-del-estres-con-tecnicas"},{"@type":"BreadcrumbList","@id":"https:\/\/utel.mx\/blog\/cursos-y-diplomados\/manejo-del-estres-con-tecnicas\/#breadcrumb","itemListElement":[{"@type":"ListItem","position":1,"name":"Home","item":"https:\/\/utel.mx\/blog\/"},{"@type":"ListItem","position":2,"name":"Manejo del estr\u00e9s con t\u00e9cnicas efectivas para el bienestar laboral"}]},{"@type":"WebSite","@id":"https:\/\/utel.mx\/blog\/#website","url":"https:\/\/utel.mx\/blog\/","name":"BLOG | Utel","description":"Blog UTEL Universidad en L\u00ednea","publisher":{"@id":"https:\/\/utel.mx\/blog\/#organization"},"potentialAction":[{"@type":"SearchAction","target":{"@type":"EntryPoint","urlTemplate":"https:\/\/utel.mx\/blog\/?s={search_term_string}"},"query-input":{"@type":"PropertyValueSpecification","valueRequired":true,"valueName":"search_term_string"}}],"inLanguage":"es"},{"@type":"Organization","@id":"https:\/\/utel.mx\/blog\/#organization","name":"BLOG | Utel","url":"https:\/\/utel.mx\/blog\/","logo":{"@type":"ImageObject","inLanguage":"es","@id":"https:\/\/utel.mx\/blog\/#\/schema\/logo\/image\/","url":"https:\/\/utel.mx\/blog\/wp-content\/uploads\/2023\/03\/cropped-logo-blog.png","contentUrl":"https:\/\/utel.mx\/blog\/wp-content\/uploads\/2023\/03\/cropped-logo-blog.png","width":237,"height":64,"caption":"BLOG | Utel"},"image":{"@id":"https:\/\/utel.mx\/blog\/#\/schema\/logo\/image\/"}},{"@type":"Person","@id":"https:\/\/utel.mx\/blog\/#\/schema\/person\/7ba53e7cfb9fa41ad2fb24fe362e056d","name":"Karen","image":{"@type":"ImageObject","inLanguage":"es","@id":"https:\/\/utel.mx\/blog\/#\/schema\/person\/image\/","url":"https:\/\/secure.gravatar.com\/avatar\/64868b23d53f58e71f7258115a59d526?s=96&d=mm&r=g","contentUrl":"https:\/\/secure.gravatar.com\/avatar\/64868b23d53f58e71f7258115a59d526?s=96&d=mm&r=g","caption":"Karen"}}]}},"_links":{"self":[{"href":"https:\/\/utel.mx\/blog\/wp-json\/wp\/v2\/posts\/52008","targetHints":{"allow":["GET"]}}],"collection":[{"href":"https:\/\/utel.mx\/blog\/wp-json\/wp\/v2\/posts"}],"about":[{"href":"https:\/\/utel.mx\/blog\/wp-json\/wp\/v2\/types\/post"}],"author":[{"embeddable":true,"href":"https:\/\/utel.mx\/blog\/wp-json\/wp\/v2\/users\/78"}],"replies":[{"embeddable":true,"href":"https:\/\/utel.mx\/blog\/wp-json\/wp\/v2\/comments?post=52008"}],"version-history":[{"count":2,"href":"https:\/\/utel.mx\/blog\/wp-json\/wp\/v2\/posts\/52008\/revisions"}],"predecessor-version":[{"id":52012,"href":"https:\/\/utel.mx\/blog\/wp-json\/wp\/v2\/posts\/52008\/revisions\/52012"}],"wp:featuredmedia":[{"embeddable":true,"href":"https:\/\/utel.mx\/blog\/wp-json\/wp\/v2\/media\/52009"}],"wp:attachment":[{"href":"https:\/\/utel.mx\/blog\/wp-json\/wp\/v2\/media?parent=52008"}],"wp:term":[{"taxonomy":"category","embeddable":true,"href":"https:\/\/utel.mx\/blog\/wp-json\/wp\/v2\/categories?post=52008"},{"taxonomy":"post_tag","embeddable":true,"href":"https:\/\/utel.mx\/blog\/wp-json\/wp\/v2\/tags?post=52008"}],"curies":[{"name":"wp","href":"https:\/\/api.w.org\/{rel}","templated":true}]}}