{"id":7110,"date":"2013-10-23T15:21:27","date_gmt":"2013-10-23T15:21:27","guid":{"rendered":"http:\/\/utel.mx\/blog\/?p=7110"},"modified":"2023-03-10T16:54:34","modified_gmt":"2023-03-10T16:54:34","slug":"la-historia-de-la-radio-como-medio-educativo","status":"publish","type":"post","link":"https:\/\/utel.mx\/blog\/dia-a-dia\/la-historia-de-la-radio-como-medio-educativo\/","title":{"rendered":"La radio como medio educativo"},"content":{"rendered":"<p><span style=\"color: #000000;\">Desde su invenci\u00f3n, la radio ha sido considerada como un medio de comunicaci\u00f3n importante, no solo en cuesti\u00f3n de entretenimiento; los avances tecnol\u00f3gicos han propiciado su uso en diferentes \u00e1mbitos y tiene una gran relevancia como generador de conocimiento y aprendizaje.<\/span><\/p>\n<p><span style=\"color: #000000;\">El crecimiento de su amplitud permite explorar la implementaci\u00f3n de nuevos mecanismos educativos que generen una mejora social y cultural.<\/span><\/p>\n<p><span style=\"color: #000000;\">Actualmente las escuelas en l\u00ednea consideran a la radio como una herramienta que ayuda a reforzar el aprendizaje, ya que su utilidad estimula a la reflexi\u00f3n y la cr\u00edtica a trav\u00e9s de la emisi\u00f3n de comentarios objetivos.<\/span><\/p>\n<h2><span style=\"color: #000000;\">Educaci\u00f3n a trav\u00e9s de la radio<\/span><\/h2>\n<p><span style=\"color: #000000;\">Hace algunas d\u00e9cadas era imposible pensar que la educaci\u00f3n llegara a los lugares m\u00e1s remotos del mundo; sin embargo, la radio lo hizo posible a trav\u00e9s de la transmisi\u00f3n de programas educativos.<\/span><\/p>\n<p><span style=\"color: #000000;\">Los primeros programas transmitidos fueron de espa\u00f1ol y matem\u00e1ticas; tiempo en el que el profesor era conocido como interlocutor y al final de cada sesi\u00f3n entregaba reportes del aprovechamiento de cada alumno.<\/span><\/p>\n<p><span style=\"color: #000000;\">El uso de la radio, sin duda favorece el entorno educativo en l\u00ednea, pues es un medio que se aprovecha para reforzar o bien, transmitir el conocimiento a las comunidades virtuales.<\/span><\/p>\n<p><span style=\"color: #000000;\">Hoy en d\u00eda, la radio sigue explor\u00e1ndose como un medio educativo y conserva su objetivo: desarrollar la parte intelectual de sus radioescuchas.<\/span><\/p>\n<p><span style=\"color: #000000;\"><b>Tania Paola Peralta <\/b><\/span><br \/>\n<span style=\"color: #000000;\"><b>UTEL Editorial<\/b><\/span><\/p>\n<div id=\"advads-547416184\" class=\"advads-cta-lp-banner-form advads-entity-placement\"><a href=\"https:\/\/utel.mx\/blog\/admisiones-universidad-online\/?utm_source=blog&#038;utm_medium=CTAlink&#038;utm_campaign=MKTseo\" aria-label=\"Universidad en linea\"><img src=\"https:\/\/utel.mx\/blog\/wp-content\/uploads\/2025\/04\/universidad-en-linea-1.png\" alt=\"Universidad en linea\"  srcset=\"https:\/\/utel.mx\/blog\/wp-content\/uploads\/2025\/04\/universidad-en-linea-1.png 626w, https:\/\/utel.mx\/blog\/wp-content\/uploads\/2025\/04\/universidad-en-linea-1-420x168.png 420w\" sizes=\"(max-width: 626px) 100vw, 626px\" width=\"626\" height=\"250\"   \/><\/a><\/div>","protected":false},"excerpt":{"rendered":"<p> [&hellip;]<\/p>\n","protected":false},"author":40,"featured_media":39580,"comment_status":"closed","ping_status":"open","sticky":false,"template":"","format":"standard","meta":{"_acf_changed":false,"site-sidebar-layout":"default","site-content-layout":"","ast-site-content-layout":"","site-content-style":"default","site-sidebar-style":"default","ast-global-header-display":"","ast-banner-title-visibility":"","ast-main-header-display":"","ast-hfb-above-header-display":"","ast-hfb-below-header-display":"","ast-hfb-mobile-header-display":"","site-post-title":"","ast-breadcrumbs-content":"","ast-featured-img":"","footer-sml-layout":"","theme-transparent-header-meta":"","adv-header-id-meta":"","stick-header-meta":"","header-above-stick-meta":"","header-main-stick-meta":"","header-below-stick-meta":"","astra-migrate-meta-layouts":"default","ast-page-background-enabled":"default","ast-page-background-meta":{"desktop":{"background-color":"var(--ast-global-color-4)","background-image":"","background-repeat":"repeat","background-position":"center center","background-size":"auto","background-attachment":"scroll","background-type":"","background-media":"","overlay-type":"","overlay-color":"","overlay-gradient":""},"tablet":{"background-color":"","background-image":"","background-repeat":"repeat","background-position":"center center","background-size":"auto","background-attachment":"scroll","background-type":"","background-media":"","overlay-type":"","overlay-color":"","overlay-gradient":""},"mobile":{"background-color":"","background-image":"","background-repeat":"repeat","background-position":"center center","background-size":"auto","background-attachment":"scroll","background-type":"","background-media":"","overlay-type":"","overlay-color":"","overlay-gradient":""}},"ast-content-background-meta":{"desktop":{"background-color":"var(--ast-global-color-5)","background-image":"","background-repeat":"repeat","background-position":"center center","background-size":"auto","background-attachment":"scroll","background-type":"","background-media":"","overlay-type":"","overlay-color":"","overlay-gradient":""},"tablet":{"background-color":"var(--ast-global-color-5)","background-image":"","background-repeat":"repeat","background-position":"center center","background-size":"auto","background-attachment":"scroll","background-type":"","background-media":"","overlay-type":"","overlay-color":"","overlay-gradient":""},"mobile":{"background-color":"var(--ast-global-color-5)","background-image":"","background-repeat":"repeat","background-position":"center center","background-size":"auto","background-attachment":"scroll","background-type":"","background-media":"","overlay-type":"","overlay-color":"","overlay-gradient":""}},"footnotes":""},"categories":[3163],"tags":[],"class_list":["post-7110","post","type-post","status-publish","format-standard","has-post-thumbnail","hentry","category-dia-a-dia"],"acf":[],"yoast_head":"<!-- This site is optimized with the Yoast SEO plugin v26.8 - https:\/\/yoast.com\/product\/yoast-seo-wordpress\/ -->\n<title>La radio como medio educativo - BLOG | Utel<\/title>\n<meta name=\"description\" content=\"Conoce como la radio no solo genera entretenimiento, sino tambi\u00e9n es un medio educativo y tiene un gran alcance.\" \/>\n<meta name=\"robots\" content=\"index, follow, max-snippet:-1, max-image-preview:large, max-video-preview:-1\" \/>\n<link rel=\"canonical\" href=\"https:\/\/utel.mx\/blog\/dia-a-dia\/la-historia-de-la-radio-como-medio-educativo\/\" \/>\n<meta property=\"og:locale\" content=\"es_ES\" \/>\n<meta property=\"og:type\" content=\"article\" \/>\n<meta property=\"og:title\" content=\"La radio como medio educativo - BLOG | Utel\" \/>\n<meta property=\"og:description\" content=\"Conoce como la radio no solo genera entretenimiento, sino tambi\u00e9n es un medio educativo y tiene un gran alcance.\" \/>\n<meta property=\"og:url\" content=\"https:\/\/utel.mx\/blog\/dia-a-dia\/la-historia-de-la-radio-como-medio-educativo\/\" \/>\n<meta property=\"og:site_name\" content=\"BLOG | Utel\" \/>\n<meta property=\"article:published_time\" content=\"2013-10-23T15:21:27+00:00\" \/>\n<meta property=\"article:modified_time\" content=\"2023-03-10T16:54:34+00:00\" \/>\n<meta property=\"og:image\" content=\"https:\/\/utel.mx\/blog\/wp-content\/uploads\/2013\/10\/La-radio-como-medio-educativo.jpg\" \/>\n\t<meta property=\"og:image:width\" content=\"600\" \/>\n\t<meta property=\"og:image:height\" content=\"300\" \/>\n\t<meta property=\"og:image:type\" content=\"image\/jpeg\" \/>\n<meta name=\"author\" content=\"Invitados UTEL\" \/>\n<meta name=\"twitter:label1\" content=\"Written by\" \/>\n\t<meta name=\"twitter:data1\" content=\"Invitados UTEL\" \/>\n\t<meta name=\"twitter:label2\" content=\"Est. reading time\" \/>\n\t<meta name=\"twitter:data2\" content=\"2 minutos\" \/>\n<script type=\"application\/ld+json\" class=\"yoast-schema-graph\">{\"@context\":\"https:\/\/schema.org\",\"@graph\":[{\"@type\":\"Article\",\"@id\":\"https:\/\/utel.mx\/blog\/dia-a-dia\/la-historia-de-la-radio-como-medio-educativo\/#article\",\"isPartOf\":{\"@id\":\"https:\/\/utel.mx\/blog\/dia-a-dia\/la-historia-de-la-radio-como-medio-educativo\/\"},\"author\":{\"name\":\"Invitados UTEL\",\"@id\":\"https:\/\/utel.mx\/blog\/#\/schema\/person\/e5b3d8d918f13bd0b0f4724daa90dd95\"},\"headline\":\"La radio como medio educativo\",\"datePublished\":\"2013-10-23T15:21:27+00:00\",\"dateModified\":\"2023-03-10T16:54:34+00:00\",\"mainEntityOfPage\":{\"@id\":\"https:\/\/utel.mx\/blog\/dia-a-dia\/la-historia-de-la-radio-como-medio-educativo\/\"},\"wordCount\":254,\"publisher\":{\"@id\":\"https:\/\/utel.mx\/blog\/#organization\"},\"image\":{\"@id\":\"https:\/\/utel.mx\/blog\/dia-a-dia\/la-historia-de-la-radio-como-medio-educativo\/#primaryimage\"},\"thumbnailUrl\":\"https:\/\/utel.mx\/blog\/wp-content\/uploads\/2013\/10\/La-radio-como-medio-educativo.jpg\",\"articleSection\":[\"D\u00eda a d\u00eda\"],\"inLanguage\":\"es\"},{\"@type\":\"WebPage\",\"@id\":\"https:\/\/utel.mx\/blog\/dia-a-dia\/la-historia-de-la-radio-como-medio-educativo\/\",\"url\":\"https:\/\/utel.mx\/blog\/dia-a-dia\/la-historia-de-la-radio-como-medio-educativo\/\",\"name\":\"La radio como medio educativo - BLOG | Utel\",\"isPartOf\":{\"@id\":\"https:\/\/utel.mx\/blog\/#website\"},\"primaryImageOfPage\":{\"@id\":\"https:\/\/utel.mx\/blog\/dia-a-dia\/la-historia-de-la-radio-como-medio-educativo\/#primaryimage\"},\"image\":{\"@id\":\"https:\/\/utel.mx\/blog\/dia-a-dia\/la-historia-de-la-radio-como-medio-educativo\/#primaryimage\"},\"thumbnailUrl\":\"https:\/\/utel.mx\/blog\/wp-content\/uploads\/2013\/10\/La-radio-como-medio-educativo.jpg\",\"datePublished\":\"2013-10-23T15:21:27+00:00\",\"dateModified\":\"2023-03-10T16:54:34+00:00\",\"description\":\"Conoce como la radio no solo genera entretenimiento, sino tambi\u00e9n es un medio educativo y tiene un gran alcance.\",\"breadcrumb\":{\"@id\":\"https:\/\/utel.mx\/blog\/dia-a-dia\/la-historia-de-la-radio-como-medio-educativo\/#breadcrumb\"},\"inLanguage\":\"es\",\"potentialAction\":[{\"@type\":\"ReadAction\",\"target\":[\"https:\/\/utel.mx\/blog\/dia-a-dia\/la-historia-de-la-radio-como-medio-educativo\/\"]}]},{\"@type\":\"ImageObject\",\"inLanguage\":\"es\",\"@id\":\"https:\/\/utel.mx\/blog\/dia-a-dia\/la-historia-de-la-radio-como-medio-educativo\/#primaryimage\",\"url\":\"https:\/\/utel.mx\/blog\/wp-content\/uploads\/2013\/10\/La-radio-como-medio-educativo.jpg\",\"contentUrl\":\"https:\/\/utel.mx\/blog\/wp-content\/uploads\/2013\/10\/La-radio-como-medio-educativo.jpg\",\"width\":600,\"height\":300,\"caption\":\"La radio como medio educativo\"},{\"@type\":\"BreadcrumbList\",\"@id\":\"https:\/\/utel.mx\/blog\/dia-a-dia\/la-historia-de-la-radio-como-medio-educativo\/#breadcrumb\",\"itemListElement\":[{\"@type\":\"ListItem\",\"position\":1,\"name\":\"Home\",\"item\":\"https:\/\/utel.mx\/blog\/\"},{\"@type\":\"ListItem\",\"position\":2,\"name\":\"La radio como medio educativo\"}]},{\"@type\":\"WebSite\",\"@id\":\"https:\/\/utel.mx\/blog\/#website\",\"url\":\"https:\/\/utel.mx\/blog\/\",\"name\":\"BLOG | Utel\",\"description\":\"Blog UTEL Universidad en L\u00ednea\",\"publisher\":{\"@id\":\"https:\/\/utel.mx\/blog\/#organization\"},\"potentialAction\":[{\"@type\":\"SearchAction\",\"target\":{\"@type\":\"EntryPoint\",\"urlTemplate\":\"https:\/\/utel.mx\/blog\/?s={search_term_string}\"},\"query-input\":{\"@type\":\"PropertyValueSpecification\",\"valueRequired\":true,\"valueName\":\"search_term_string\"}}],\"inLanguage\":\"es\"},{\"@type\":\"Organization\",\"@id\":\"https:\/\/utel.mx\/blog\/#organization\",\"name\":\"BLOG | Utel\",\"url\":\"https:\/\/utel.mx\/blog\/\",\"logo\":{\"@type\":\"ImageObject\",\"inLanguage\":\"es\",\"@id\":\"https:\/\/utel.mx\/blog\/#\/schema\/logo\/image\/\",\"url\":\"https:\/\/utel.mx\/blog\/wp-content\/uploads\/2023\/03\/cropped-logo-blog.png\",\"contentUrl\":\"https:\/\/utel.mx\/blog\/wp-content\/uploads\/2023\/03\/cropped-logo-blog.png\",\"width\":237,\"height\":64,\"caption\":\"BLOG | Utel\"},\"image\":{\"@id\":\"https:\/\/utel.mx\/blog\/#\/schema\/logo\/image\/\"}},{\"@type\":\"Person\",\"@id\":\"https:\/\/utel.mx\/blog\/#\/schema\/person\/e5b3d8d918f13bd0b0f4724daa90dd95\",\"name\":\"Invitados UTEL\",\"image\":{\"@type\":\"ImageObject\",\"inLanguage\":\"es\",\"@id\":\"https:\/\/utel.mx\/blog\/#\/schema\/person\/image\/\",\"url\":\"https:\/\/secure.gravatar.com\/avatar\/781456f1128be5a332ab27ea8b902597?s=96&d=mm&r=g\",\"contentUrl\":\"https:\/\/secure.gravatar.com\/avatar\/781456f1128be5a332ab27ea8b902597?s=96&d=mm&r=g\",\"caption\":\"Invitados UTEL\"},\"description\":\"Invitados . Colaboraciones por parte de invitados de la Comunidad UTEL\"}]}<\/script>\n<!-- \/ Yoast SEO plugin. -->","yoast_head_json":{"title":"La radio como medio educativo - BLOG | Utel","description":"Conoce como la radio no solo genera entretenimiento, sino tambi\u00e9n es un medio educativo y tiene un gran alcance.","robots":{"index":"index","follow":"follow","max-snippet":"max-snippet:-1","max-image-preview":"max-image-preview:large","max-video-preview":"max-video-preview:-1"},"canonical":"https:\/\/utel.mx\/blog\/dia-a-dia\/la-historia-de-la-radio-como-medio-educativo\/","og_locale":"es_ES","og_type":"article","og_title":"La radio como medio educativo - BLOG | Utel","og_description":"Conoce como la radio no solo genera entretenimiento, sino tambi\u00e9n es un medio educativo y tiene un gran alcance.","og_url":"https:\/\/utel.mx\/blog\/dia-a-dia\/la-historia-de-la-radio-como-medio-educativo\/","og_site_name":"BLOG | Utel","article_published_time":"2013-10-23T15:21:27+00:00","article_modified_time":"2023-03-10T16:54:34+00:00","og_image":[{"width":600,"height":300,"url":"https:\/\/utel.mx\/blog\/wp-content\/uploads\/2013\/10\/La-radio-como-medio-educativo.jpg","type":"image\/jpeg"}],"author":"Invitados UTEL","twitter_misc":{"Written by":"Invitados UTEL","Est. reading time":"2 minutos"},"schema":{"@context":"https:\/\/schema.org","@graph":[{"@type":"Article","@id":"https:\/\/utel.mx\/blog\/dia-a-dia\/la-historia-de-la-radio-como-medio-educativo\/#article","isPartOf":{"@id":"https:\/\/utel.mx\/blog\/dia-a-dia\/la-historia-de-la-radio-como-medio-educativo\/"},"author":{"name":"Invitados UTEL","@id":"https:\/\/utel.mx\/blog\/#\/schema\/person\/e5b3d8d918f13bd0b0f4724daa90dd95"},"headline":"La radio como medio educativo","datePublished":"2013-10-23T15:21:27+00:00","dateModified":"2023-03-10T16:54:34+00:00","mainEntityOfPage":{"@id":"https:\/\/utel.mx\/blog\/dia-a-dia\/la-historia-de-la-radio-como-medio-educativo\/"},"wordCount":254,"publisher":{"@id":"https:\/\/utel.mx\/blog\/#organization"},"image":{"@id":"https:\/\/utel.mx\/blog\/dia-a-dia\/la-historia-de-la-radio-como-medio-educativo\/#primaryimage"},"thumbnailUrl":"https:\/\/utel.mx\/blog\/wp-content\/uploads\/2013\/10\/La-radio-como-medio-educativo.jpg","articleSection":["D\u00eda a d\u00eda"],"inLanguage":"es"},{"@type":"WebPage","@id":"https:\/\/utel.mx\/blog\/dia-a-dia\/la-historia-de-la-radio-como-medio-educativo\/","url":"https:\/\/utel.mx\/blog\/dia-a-dia\/la-historia-de-la-radio-como-medio-educativo\/","name":"La radio como medio educativo - BLOG | Utel","isPartOf":{"@id":"https:\/\/utel.mx\/blog\/#website"},"primaryImageOfPage":{"@id":"https:\/\/utel.mx\/blog\/dia-a-dia\/la-historia-de-la-radio-como-medio-educativo\/#primaryimage"},"image":{"@id":"https:\/\/utel.mx\/blog\/dia-a-dia\/la-historia-de-la-radio-como-medio-educativo\/#primaryimage"},"thumbnailUrl":"https:\/\/utel.mx\/blog\/wp-content\/uploads\/2013\/10\/La-radio-como-medio-educativo.jpg","datePublished":"2013-10-23T15:21:27+00:00","dateModified":"2023-03-10T16:54:34+00:00","description":"Conoce como la radio no solo genera entretenimiento, sino tambi\u00e9n es un medio educativo y tiene un gran alcance.","breadcrumb":{"@id":"https:\/\/utel.mx\/blog\/dia-a-dia\/la-historia-de-la-radio-como-medio-educativo\/#breadcrumb"},"inLanguage":"es","potentialAction":[{"@type":"ReadAction","target":["https:\/\/utel.mx\/blog\/dia-a-dia\/la-historia-de-la-radio-como-medio-educativo\/"]}]},{"@type":"ImageObject","inLanguage":"es","@id":"https:\/\/utel.mx\/blog\/dia-a-dia\/la-historia-de-la-radio-como-medio-educativo\/#primaryimage","url":"https:\/\/utel.mx\/blog\/wp-content\/uploads\/2013\/10\/La-radio-como-medio-educativo.jpg","contentUrl":"https:\/\/utel.mx\/blog\/wp-content\/uploads\/2013\/10\/La-radio-como-medio-educativo.jpg","width":600,"height":300,"caption":"La radio como medio educativo"},{"@type":"BreadcrumbList","@id":"https:\/\/utel.mx\/blog\/dia-a-dia\/la-historia-de-la-radio-como-medio-educativo\/#breadcrumb","itemListElement":[{"@type":"ListItem","position":1,"name":"Home","item":"https:\/\/utel.mx\/blog\/"},{"@type":"ListItem","position":2,"name":"La radio como medio educativo"}]},{"@type":"WebSite","@id":"https:\/\/utel.mx\/blog\/#website","url":"https:\/\/utel.mx\/blog\/","name":"BLOG | Utel","description":"Blog UTEL Universidad en L\u00ednea","publisher":{"@id":"https:\/\/utel.mx\/blog\/#organization"},"potentialAction":[{"@type":"SearchAction","target":{"@type":"EntryPoint","urlTemplate":"https:\/\/utel.mx\/blog\/?s={search_term_string}"},"query-input":{"@type":"PropertyValueSpecification","valueRequired":true,"valueName":"search_term_string"}}],"inLanguage":"es"},{"@type":"Organization","@id":"https:\/\/utel.mx\/blog\/#organization","name":"BLOG | Utel","url":"https:\/\/utel.mx\/blog\/","logo":{"@type":"ImageObject","inLanguage":"es","@id":"https:\/\/utel.mx\/blog\/#\/schema\/logo\/image\/","url":"https:\/\/utel.mx\/blog\/wp-content\/uploads\/2023\/03\/cropped-logo-blog.png","contentUrl":"https:\/\/utel.mx\/blog\/wp-content\/uploads\/2023\/03\/cropped-logo-blog.png","width":237,"height":64,"caption":"BLOG | Utel"},"image":{"@id":"https:\/\/utel.mx\/blog\/#\/schema\/logo\/image\/"}},{"@type":"Person","@id":"https:\/\/utel.mx\/blog\/#\/schema\/person\/e5b3d8d918f13bd0b0f4724daa90dd95","name":"Invitados UTEL","image":{"@type":"ImageObject","inLanguage":"es","@id":"https:\/\/utel.mx\/blog\/#\/schema\/person\/image\/","url":"https:\/\/secure.gravatar.com\/avatar\/781456f1128be5a332ab27ea8b902597?s=96&d=mm&r=g","contentUrl":"https:\/\/secure.gravatar.com\/avatar\/781456f1128be5a332ab27ea8b902597?s=96&d=mm&r=g","caption":"Invitados UTEL"},"description":"Invitados . Colaboraciones por parte de invitados de la Comunidad UTEL"}]}},"_links":{"self":[{"href":"https:\/\/utel.mx\/blog\/wp-json\/wp\/v2\/posts\/7110","targetHints":{"allow":["GET"]}}],"collection":[{"href":"https:\/\/utel.mx\/blog\/wp-json\/wp\/v2\/posts"}],"about":[{"href":"https:\/\/utel.mx\/blog\/wp-json\/wp\/v2\/types\/post"}],"author":[{"embeddable":true,"href":"https:\/\/utel.mx\/blog\/wp-json\/wp\/v2\/users\/40"}],"replies":[{"embeddable":true,"href":"https:\/\/utel.mx\/blog\/wp-json\/wp\/v2\/comments?post=7110"}],"version-history":[{"count":1,"href":"https:\/\/utel.mx\/blog\/wp-json\/wp\/v2\/posts\/7110\/revisions"}],"predecessor-version":[{"id":39317,"href":"https:\/\/utel.mx\/blog\/wp-json\/wp\/v2\/posts\/7110\/revisions\/39317"}],"wp:featuredmedia":[{"embeddable":true,"href":"https:\/\/utel.mx\/blog\/wp-json\/wp\/v2\/media\/39580"}],"wp:attachment":[{"href":"https:\/\/utel.mx\/blog\/wp-json\/wp\/v2\/media?parent=7110"}],"wp:term":[{"taxonomy":"category","embeddable":true,"href":"https:\/\/utel.mx\/blog\/wp-json\/wp\/v2\/categories?post=7110"},{"taxonomy":"post_tag","embeddable":true,"href":"https:\/\/utel.mx\/blog\/wp-json\/wp\/v2\/tags?post=7110"}],"curies":[{"name":"wp","href":"https:\/\/api.w.org\/{rel}","templated":true}]}}